{"id":1370,"date":"2019-01-25T18:30:57","date_gmt":"2019-01-25T17:30:57","guid":{"rendered":"http:\/\/blogs.hoy.es\/ciencia-facil\/?p=1370"},"modified":"2019-01-25T18:30:57","modified_gmt":"2019-01-25T17:30:57","slug":"conocer-y-comprender-algunas-cosas-del-clima","status":"publish","type":"post","link":"https:\/\/blogs.hoy.es\/ciencia-facil\/2019\/01\/25\/conocer-y-comprender-algunas-cosas-del-clima\/","title":{"rendered":"Conocer y comprender algunas cosas del clima"},"content":{"rendered":"<p><a href=\"https:\/\/static-blogs.hoy.es\/wp-content\/uploads\/sites\/63\/2019\/01\/01.-Fusi\u00f3n-glaciar-y-superc\u00e9lula.jpg\"><img loading=\"lazy\" class=\"aligncenter size-full wp-image-1371\" src=\"https:\/\/static-blogs.hoy.es\/wp-content\/uploads\/sites\/63\/2019\/01\/01.-Fusi\u00f3n-glaciar-y-superc\u00e9lula.jpg\" alt=\"01-fusion-glaciar-y-supercelula\" width=\"681\" height=\"294\" srcset=\"https:\/\/static-blogs.hoy.es\/wp-content\/uploads\/sites\/63\/2019\/01\/01.-Fusi\u00f3n-glaciar-y-superc\u00e9lula.jpg 681w, https:\/\/static-blogs.hoy.es\/wp-content\/uploads\/sites\/63\/2019\/01\/01.-Fusi\u00f3n-glaciar-y-superc\u00e9lula-300x130.jpg 300w\" sizes=\"(max-width: 681px) 100vw, 681px\" \/><\/a>Empezando por afirmar que existen casi tantas definiciones de clima como climat\u00f3logos, no quiero plantear \u00bfqu\u00e9 es el clima? o \u00bfc\u00f3mo podemos definirlo?, puesto que del clima puede decirse perfectamente lo que San Agust\u00edn dec\u00eda del tiempo cronol\u00f3gico\u2026 \u00a1Si nadie me lo pregunta, lo s\u00e9!, pero si me lo preguntan\u2026 no s\u00e9 qu\u00e9 contestar.<\/p>\n<p>En la idea de conocimiento del clima queremos incluir tanto la comprensi\u00f3n de nuestra propia influencia en el clima, como la influencia del clima en nosotros, de forma que nos lleve m\u00e1s all\u00e1 de la informaci\u00f3n necesaria para ejercer el papel de <u>climat\u00f3logos de ascensor<\/u>, dicho sea con todo el respeto para los que practican esa actividad con entusiasmo.<\/p>\n<p>De una persona con conocimiento sobre el clima, podr\u00edamos decir que:<\/p>\n<p>.- Entiende los principios esenciales del sistema clim\u00e1tico de la Tierra.<\/p>\n<p>.- Conoce c\u00f3mo evaluar la informaci\u00f3n cient\u00edfica que le llega, acerca del clima.<\/p>\n<p>.- Traslada sus conocimientos acerca del clima y el cambio clim\u00e1tico de manera clara.<\/p>\n<p>.- Es capaz de tomar, si es de su competencia, decisiones informadas y responsables con respecto a las acciones que podr\u00edan afectar al clima, en el futuro.<\/p>\n<p>Repasemos algunos aspectos importantes sobre el clima y sus cambios:<\/p>\n<p>.- Durante el siglo XX, la temperatura promedio global de la Tierra subi\u00f3 aproximadamente 0,6 \u00b0C. Aunque el incremento puede parecer peque\u00f1o, representa una tasa de cambio extraordinariamente r\u00e1pida si la comparamos con los miles de a\u00f1os anteriores.<\/p>\n<p>.- En el siglo XXI, los cient\u00edficos esperan que la temperatura del planeta contin\u00fae aumentando, siendo pr\u00e1cticamente seguro que el calentamiento ser\u00e1 m\u00e1s del doble que en el siglo anterior. Dos resultados de ello ser\u00e1n el aumento global del nivel del mar y el incremento de la frecuencia e intensidad de olas de calor, sequ\u00edas e inundaciones.<\/p>\n<p>.- Los resultados de las observaciones cient\u00edficas y de los modelos clim\u00e1ticos indican que las actividades humanas son la causa principal de la mayor parte del aumento actual en la temperatura global del planeta.<\/p>\n<p>Durante milenios, el clima ha variado, reflejando las complejas interacciones del sistema clim\u00e1tico de la Tierra. Durante al menos el \u00faltimo mill\u00f3n de a\u00f1os, nuestro mundo ha experimentado ciclos de calentamiento y enfriamiento con una duraci\u00f3n \u00a0aproximada de 100.000 a\u00f1os en cada ciclo, durante los cuales las temperaturas globales han bajado y subido del orden de 5 \u00b0C, respecto a su valor medio, conduciendo as\u00ed sucesivamente a la Tierra a glaciaciones y calentamientos alternantes.<\/p>\n<p>Se cree que esos ciclos anteriores han estado asociados, en parte, a los cambios regulares en la \u00f3rbita de la Tierra, lo que altera la energ\u00eda solar que el planeta recibe. El clima tambi\u00e9n ha sido influenciado durante un largo per\u00edodo de tiempo por cambios en la circulaci\u00f3n del oc\u00e9ano resultantes del movimiento de las placas tect\u00f3nicas, y otras veces por eventos repentinos tales como las erupciones volc\u00e1nicas masivas.<\/p>\n<p>Mientras el clima global ha permanecido relativamente estable, lo que ha ocurrido durante los \u00faltimos 10.000 a\u00f1os, pr\u00e1cticamente la duraci\u00f3n de la civilizaci\u00f3n humana, las variaciones regionales en el clima han influido en la historia de la humanidad. Ahora sabemos que lo contrario tambi\u00e9n es cierto; es decir, las actividades humanas, como la quema de combustibles f\u00f3siles y la deforestaci\u00f3n de grandes \u00e1reas de tierra, \u00a0han tenido una gran influencia sobre nuestro clima.<\/p>\n<p>La ciencia se basa en un proceso continuo de hacer observaciones y utilizar evidencias para probar una hip\u00f3tesis. Al desarrollarse nuevas ideas y obtener nuevos datos, muchas veces obtenidos por las nuevas tecnolog\u00edas de observaci\u00f3n, como la teledetecci\u00f3n, nuestra comprensi\u00f3n sobre el clima tambi\u00e9n ha evolucionado. Hoy d\u00eda, la mayor\u00eda de los art\u00edculos cient\u00edficos publicados por expertos en el cambio clim\u00e1tico global, reconocen que las actividades humanas han sido, y siguen siendo, factores contribuyentes.<\/p>\n<p><a href=\"https:\/\/static-blogs.hoy.es\/wp-content\/uploads\/sites\/63\/2019\/01\/02.-Hielo-observaci\u00f3n-y-calor.jpg\"><img loading=\"lazy\" class=\"aligncenter size-full wp-image-1372\" src=\"https:\/\/static-blogs.hoy.es\/wp-content\/uploads\/sites\/63\/2019\/01\/02.-Hielo-observaci\u00f3n-y-calor.jpg\" alt=\"02-hielo-observacion-y-calor\" width=\"758\" height=\"268\" srcset=\"https:\/\/static-blogs.hoy.es\/wp-content\/uploads\/sites\/63\/2019\/01\/02.-Hielo-observaci\u00f3n-y-calor.jpg 758w, https:\/\/static-blogs.hoy.es\/wp-content\/uploads\/sites\/63\/2019\/01\/02.-Hielo-observaci\u00f3n-y-calor-300x106.jpg 300w\" sizes=\"(max-width: 758px) 100vw, 758px\" \/><\/a><\/p>\n<p>Las corrientes procedentes del deshielo de los glaciares, desde los relativamente peque\u00f1os, hasta las enormes masas de hielo, como la propia Ant\u00e1rtida o las capas polares de Groenlandia, fluyen hacia los oc\u00e9anos, ayudando con ello a suavizar la subida de la temperatura de los mismos, y del propio planeta en su conjunto. Pero esta fusi\u00f3n de hielo no es suficiente para frenar el creciente efecto invernadero a que est\u00e1 sometida la Tierra, de forma que la temperatura atmosf\u00e9rica sigue aumentado, a un ritmo tal que ser\u00e1 dif\u00edcil que el calentamiento global a lo largo del siglo en curso no supere los 1,5 \u00baC que se establecieron como l\u00edmite, en el conocido como Acuerdo de Par\u00eds, celebrado en diciembre del 2015, con los riesgos asociados a superaci\u00f3n de esa subida.<\/p>\n<p>La radiaci\u00f3n solar que llega a la Tierra calienta el suelo, el oc\u00e9ano, y la atm\u00f3sfera. Una parte de esa radiaci\u00f3n es reflejada y devuelta al espacio por la superficie, las nubes o el hielo, pero mucha de la energ\u00eda solar que alcanza la Tierra es absorbida y no reemitida, calentando todo el planeta. Cuando la Tierra emite la misma cantidad de energ\u00eda que absorbe, su presupuesto energ\u00e9tico est\u00e1 en equilibrio, y su temperatura promedio permanece estable. Pero, un incremento o disminuci\u00f3n significativa en la salida de energ\u00eda solar causar\u00eda que la Tierra se caliente o enfr\u00ede. Las mediciones tomadas por sat\u00e9lites en los \u00faltimos 30 a\u00f1os muestran que la salida de la energ\u00eda solar est\u00e1 cambiando, en el sentido de que <u>entra m\u00e1s energ\u00eda de la que sale<\/u>; con lo que <u>el calentamiento global est\u00e1 servido<\/u>.<\/p>\n<p>Cubriendo el 70% de la superficie de la Tierra, <u>el oc\u00e9ano ejerce un gran control en el clima<\/u> al dominar los ciclos energ\u00e9ticos y acu\u00e1ticos de la Tierra. Adem\u00e1s, tiene la capacidad de absorber grandes cantidades de energ\u00eda solar. El calor y vapor de agua son redistribuidos globalmente a trav\u00e9s de las circulaciones atmosf\u00e9rica y oce\u00e1nica, debidas a las variaciones de su densidad, por el calentamiento. Cambios en la circulaci\u00f3n del oc\u00e9ano causado por movimientos tect\u00f3nicos o grandes descargas de agua fr\u00eda producto de la fusi\u00f3n de los hielos polares pueden producir cambios abruptos y significativos en el clima, tanto de manera local, como global.<\/p>\n<p><a href=\"https:\/\/static-blogs.hoy.es\/wp-content\/uploads\/sites\/63\/2019\/01\/03.-Efecto-invernadero-natural-y-amplificado.jpg\"><img loading=\"lazy\" class=\"aligncenter size-full wp-image-1373\" src=\"https:\/\/static-blogs.hoy.es\/wp-content\/uploads\/sites\/63\/2019\/01\/03.-Efecto-invernadero-natural-y-amplificado.jpg\" alt=\"03-efecto-invernadero-natural-y-amplificado\" width=\"796\" height=\"601\" srcset=\"https:\/\/static-blogs.hoy.es\/wp-content\/uploads\/sites\/63\/2019\/01\/03.-Efecto-invernadero-natural-y-amplificado.jpg 796w, https:\/\/static-blogs.hoy.es\/wp-content\/uploads\/sites\/63\/2019\/01\/03.-Efecto-invernadero-natural-y-amplificado-300x227.jpg 300w, https:\/\/static-blogs.hoy.es\/wp-content\/uploads\/sites\/63\/2019\/01\/03.-Efecto-invernadero-natural-y-amplificado-768x580.jpg 768w\" sizes=\"(max-width: 796px) 100vw, 796px\" \/><\/a><\/p>\n<p>De nosotros va a depender, en gran manera, el que el planeta contin\u00fae funcionando en base a un calentamiento natural, variable pero natural, es decir no forzado, o en base a un calentamiento amplificado, es decir forzado. Y sabemos que es altamente probable que las consecuencias de este forzamiento ser\u00e1n poco deseables, no ya para el planeta, sino para la vida sobre el mismo.<\/p>\n<p><strong><a href=\"https:\/\/www.google.es\/search?q=Adolfo+Marroqu%C3%ADn+Santo%C3%B1a&amp;cad=h\">Adolfo Marroqu\u00edn Santo\u00f1a<\/a><\/strong><\/p>\n<!-- AddThis Advanced Settings generic via filter on the_content --><!-- AddThis Share Buttons generic via filter on the_content -->","protected":false},"excerpt":{"rendered":"<p>Empezando por afirmar que existen casi tantas definiciones de clima como climat\u00f3logos, no quiero plantear \u00bfqu\u00e9 es el clima? o \u00bfc\u00f3mo podemos definirlo?, puesto que del clima puede decirse perfectamente lo que San Agust\u00edn dec\u00eda del tiempo cronol\u00f3gico\u2026 \u00a1Si nadie me lo pregunta, lo s\u00e9!, pero si me lo preguntan\u2026 no s\u00e9 qu\u00e9 contestar. En [&hellip;]<!-- AddThis Advanced Settings generic via filter on get_the_excerpt --><!-- AddThis Share Buttons generic via filter on get_the_excerpt --><\/p>\n","protected":false},"author":25830,"featured_media":0,"comment_status":"closed","ping_status":"closed","sticky":false,"template":"","format":"standard","meta":[],"categories":[4,7],"tags":[239,325,1848,521,1846,1847,1247,1380,1463],"_links":{"self":[{"href":"https:\/\/blogs.hoy.es\/ciencia-facil\/wp-json\/wp\/v2\/posts\/1370"}],"collection":[{"href":"https:\/\/blogs.hoy.es\/ciencia-facil\/wp-json\/wp\/v2\/posts"}],"about":[{"href":"https:\/\/blogs.hoy.es\/ciencia-facil\/wp-json\/wp\/v2\/types\/post"}],"author":[{"embeddable":true,"href":"https:\/\/blogs.hoy.es\/ciencia-facil\/wp-json\/wp\/v2\/users\/25830"}],"replies":[{"embeddable":true,"href":"https:\/\/blogs.hoy.es\/ciencia-facil\/wp-json\/wp\/v2\/comments?post=1370"}],"version-history":[{"count":1,"href":"https:\/\/blogs.hoy.es\/ciencia-facil\/wp-json\/wp\/v2\/posts\/1370\/revisions"}],"predecessor-version":[{"id":1374,"href":"https:\/\/blogs.hoy.es\/ciencia-facil\/wp-json\/wp\/v2\/posts\/1370\/revisions\/1374"}],"wp:attachment":[{"href":"https:\/\/blogs.hoy.es\/ciencia-facil\/wp-json\/wp\/v2\/media?parent=1370"}],"wp:term":[{"taxonomy":"category","embeddable":true,"href":"https:\/\/blogs.hoy.es\/ciencia-facil\/wp-json\/wp\/v2\/categories?post=1370"},{"taxonomy":"post_tag","embeddable":true,"href":"https:\/\/blogs.hoy.es\/ciencia-facil\/wp-json\/wp\/v2\/tags?post=1370"}],"curies":[{"name":"wp","href":"https:\/\/api.w.org\/{rel}","templated":true}]}}