{"id":1396,"date":"2019-04-10T17:00:06","date_gmt":"2019-04-10T16:00:06","guid":{"rendered":"http:\/\/blogs.hoy.es\/ciencia-facil\/?p=1396"},"modified":"2019-04-10T17:00:06","modified_gmt":"2019-04-10T16:00:06","slug":"meteorologia-y-clima-son-cosas-diferentes","status":"publish","type":"post","link":"https:\/\/blogs.hoy.es\/ciencia-facil\/2019\/04\/10\/meteorologia-y-clima-son-cosas-diferentes\/","title":{"rendered":"Meteorolog\u00eda y clima son cosas diferentes"},"content":{"rendered":"<p><a href=\"https:\/\/static-blogs.hoy.es\/wp-content\/uploads\/sites\/63\/2019\/04\/01.-Meteorolog\u00eda-y-clima.jpg\"><img loading=\"lazy\" class=\"aligncenter size-full wp-image-1397\" src=\"https:\/\/static-blogs.hoy.es\/wp-content\/uploads\/sites\/63\/2019\/04\/01.-Meteorolog\u00eda-y-clima.jpg\" alt=\"01-meteorologia-y-clima\" width=\"775\" height=\"268\" srcset=\"https:\/\/static-blogs.hoy.es\/wp-content\/uploads\/sites\/63\/2019\/04\/01.-Meteorolog\u00eda-y-clima.jpg 775w, https:\/\/static-blogs.hoy.es\/wp-content\/uploads\/sites\/63\/2019\/04\/01.-Meteorolog\u00eda-y-clima-300x104.jpg 300w, https:\/\/static-blogs.hoy.es\/wp-content\/uploads\/sites\/63\/2019\/04\/01.-Meteorolog\u00eda-y-clima-768x266.jpg 768w\" sizes=\"(max-width: 775px) 100vw, 775px\" \/><\/a>El propio Diccionario de la Real Academia Espa\u00f1ola (DRAE), que es la obra de referencia para establecer lo que significa cada palabra, no lo aclara suficientemente, puesto que en \u00e9l se dice que la <u>meteorolog\u00eda<\/u> es la ciencia que trata de la atm\u00f3sfera y de los meteoros. Y, en cuanto al <u>clima<\/u>, dice que es el conjunto de condiciones atmosf\u00e9ricas que caracterizan una regi\u00f3n.<\/p>\n<p>Ambas cosas son ciertas, pero no queda clara la diferencia, por lo que, de hecho, los t\u00e9rminos meteorolog\u00eda y clima se confunden con frecuencia, aunque se refieren a eventos con escalas, espaciales y temporales, muy diferentes.<\/p>\n<p>Lo cierto es que la <u>meteorolog\u00eda<\/u> se refiere a las condiciones atmosf\u00e9ricas que ocurren localmente, durante per\u00edodos cortos de tiempo, que van desde minutos hasta horas o, como m\u00e1ximo, unos pocos d\u00edas. Es decir, es algo <u>local y de corto plazo<\/u>.<\/p>\n<p>El <u>clima<\/u>, por el contrario, es algo bastante dif\u00edcil de definir, pero que est\u00e1 relacionado con el <u>promedio regional y a largo plazo<\/u>, de los valores de temperatura, precipitaci\u00f3n, humedad, y algunos otros, a lo largo de a\u00f1os o d\u00e9cadas. El clima es pues global, territorialmente hablando, y est\u00e1 referido a un largo plazo temporal.<\/p>\n<p>Podr\u00edamos decir que el clima de una cierta regi\u00f3n, es el resultado de la meteorolog\u00eda\u00a0 habida en esa regi\u00f3n durante un largo per\u00edodo de tiempo; en consecuencia los factores que afectan a la meteorolog\u00eda, como la orograf\u00eda del terreno, la mayor o menor distancia al mar, o a grandes extensiones de agua en general, la continuidad de la presencia o ausencia de determinados gases o aerosoles en la atm\u00f3sfera del entorno, entre otros, son los que van dejando huella en el clima y perfil\u00e1ndolo.<\/p>\n<p>Como ejemplo de algunos de esos gases, que se han hecho tristemente famosos en los \u00faltimos decenios, podemos citar los GEI (Gases de Efecto Invernadero), y el concreto el m\u00e1s popular de ellos, el CO<sub>2<\/sub> (di\u00f3xido de carbono), al que se culpa de buena parte de los cambios que est\u00e1 sufriendo el clima, aunque lo cierto es son varios los gases que forman el bloque de los GEI (vapor de agua, que contribuye en m\u00e1s el 60%, el metano, el ozono, los \u00f3xidos de nitr\u00f3geno, etc.), pero con frecuencia el efecto de \u00e9stos otros gases se expresa como equivalente en CO<sub>2<\/sub>, con lo que queda claro que el <u>papel de malo de la pel\u00edcula<\/u>, ya le queda asignado a \u00e9ste.<\/p>\n<p><a href=\"https:\/\/static-blogs.hoy.es\/wp-content\/uploads\/sites\/63\/2019\/04\/02.-CO2-antes-y-ahora.jpg\"><img loading=\"lazy\" class=\"aligncenter size-full wp-image-1398\" src=\"https:\/\/static-blogs.hoy.es\/wp-content\/uploads\/sites\/63\/2019\/04\/02.-CO2-antes-y-ahora.jpg\" alt=\"02-co2-antes-y-ahora\" width=\"710\" height=\"189\" srcset=\"https:\/\/static-blogs.hoy.es\/wp-content\/uploads\/sites\/63\/2019\/04\/02.-CO2-antes-y-ahora.jpg 710w, https:\/\/static-blogs.hoy.es\/wp-content\/uploads\/sites\/63\/2019\/04\/02.-CO2-antes-y-ahora-300x80.jpg 300w\" sizes=\"(max-width: 710px) 100vw, 710px\" \/><\/a><\/p>\n<p>El CO<sub>2<\/sub> es un importante gas atmosf\u00e9rico, que atrapa parte del calor que es liberado a trav\u00e9s de actividades humanas como la deforestaci\u00f3n y la quema de combustibles f\u00f3siles, as\u00ed como por procesos naturales como las erupciones volc\u00e1nicas. En la imagen superior, <u>el gr\u00e1fico de la izquierda<\/u> muestra los niveles de CO<sub>2<\/sub> en la atm\u00f3sfera, medidos por el Observatorio de Mauna Loa, en Hawai, durante los \u00faltimos a\u00f1os, desde el 2005, una vez eliminado el ciclo estacional, con lo que puede observarse mejor la <u>tendencia creciente<\/u>.<\/p>\n<p><u>El gr\u00e1fico de la derecha<\/u> muestra los niveles de CO<sub>2<\/sub> durante los \u00faltimos tres ciclos glaciares, es decir desde hace aproximadamente 400.000 a\u00f1os atr\u00e1s en el tiempo, de acuerdo con los datos obtenidos a partir de los gases contenidos en los n\u00facleos de hielo, procedentes de los glaciares ant\u00e1rticos.<\/p>\n<p>Sabemos que <u>la meteorolog\u00eda es cambiante a lo largo del a\u00f1o<\/u>, pr\u00e1cticamente d\u00eda a d\u00eda, excepto en las largas \u00e9pocas veraniegas de estabilidad, e incluso entonces la aparici\u00f3n de tormentas hace que la meteorolog\u00eda cambie radicalmente de un d\u00eda para otro.<\/p>\n<p>Y sabemos que, a lo largo de toda su historia, <u>el clima de la Tierra tambi\u00e9n ha cambiado<\/u>, y sigue haci\u00e9ndolo, pero siempre a largo plazo, como consecuencia de las complejas interacciones de los subsistemas (atm\u00f3sfera, litosfera, hidrosfera, criosfera y biosfera) que constituyen el sistema clim\u00e1tico que rige lo que sucede en el planeta Tierra. Durante al menos el \u00faltimo mill\u00f3n de a\u00f1os, nuestro mundo ha experimentado ciclos de calentamiento y enfriamiento con un duraci\u00f3n aproximada del orden de 100.000 a\u00f1os para completarse.<\/p>\n<p>A lo largo del curso de cada ciclo, las temperaturas globales han bajado y subido, aproximadamente 5 \u00b0C cada vez, conduciendo a la Tierra a una glaciaci\u00f3n y luego calent\u00e1ndola nuevamente. Se cree que este ciclo est\u00e1 asociado con los cambios regulares en la \u00f3rbita de la Tierra, lo que altera la intensidad de la energ\u00eda solar que el planeta recibe. El clima de la Tierra tambi\u00e9n ha sido influenciado durante un largo per\u00edodo de tiempo por cambios en la circulaci\u00f3n del oc\u00e9ano que resultan del movimiento de las placas tect\u00f3nicas.<\/p>\n<p><a href=\"https:\/\/static-blogs.hoy.es\/wp-content\/uploads\/sites\/63\/2019\/04\/03.-Tierra-vientos-y-tempestades.jpg\"><img loading=\"lazy\" class=\"aligncenter size-full wp-image-1399\" src=\"https:\/\/static-blogs.hoy.es\/wp-content\/uploads\/sites\/63\/2019\/04\/03.-Tierra-vientos-y-tempestades.jpg\" alt=\"03-tierra-vientos-y-tempestades\" width=\"798\" height=\"248\" srcset=\"https:\/\/static-blogs.hoy.es\/wp-content\/uploads\/sites\/63\/2019\/04\/03.-Tierra-vientos-y-tempestades.jpg 798w, https:\/\/static-blogs.hoy.es\/wp-content\/uploads\/sites\/63\/2019\/04\/03.-Tierra-vientos-y-tempestades-300x93.jpg 300w, https:\/\/static-blogs.hoy.es\/wp-content\/uploads\/sites\/63\/2019\/04\/03.-Tierra-vientos-y-tempestades-768x239.jpg 768w\" sizes=\"(max-width: 798px) 100vw, 798px\" \/><\/a><\/p>\n<p>En las pr\u00f3ximas d\u00e9cadas, se espera que el cambio clim\u00e1tico tenga un impacto cada vez mayor en los sistemas naturales y humanos. En un mundo m\u00e1s c\u00e1lido, la accesibilidad al alimento, el agua, la materia prima y la energ\u00eda cambiar\u00e1n sin duda. Tambi\u00e9n se espera que la salud humana, la biodiversidad, la estabilidad econ\u00f3mica y la seguridad de las naciones sean afectadas por el cambio clim\u00e1tico. Los modelos de proyecciones de cambio clim\u00e1tico sugieren que, para muchos pa\u00edses del planeta, los efectos negativos del cambio del clima ser\u00e1n significativamente mayores que los positivos.<\/p>\n<p>Reducir nuestra vulnerabilidad a estos impactos depende no s\u00f3lo de nuestra habilidad de entender la ciencia clim\u00e1tica y las implicaciones del cambio, sino tambi\u00e9n de nuestra capacidad para integrar y utilizar ese conocimiento de manera efectiva. Cambios en nuestra econom\u00eda e infraestructuras, y pol\u00edticas gubernamentales, ser\u00e1n necesarios para cambiar la trayectoria actual del impacto del clima en las vidas humanas. La determinaci\u00f3n de los individuos, comunidades, y pa\u00edses para establecer estrategias adecuadas para el manejo de los recursos naturales, ser\u00e1 necesaria para asegurar la estabilidad de los sistemas naturales y humanos, con el aumento de la temperatura, que seguir\u00e1 creciendo.<\/p>\n<p><strong><a href=\"https:\/\/www.google.es\/search?q=Adolfo+Marroqu%C3%ADn+Santo%C3%B1a&amp;cad=h\">Adolfo Marroqu\u00edn Santo\u00f1a<\/a><\/strong><\/p>\n<!-- AddThis Advanced Settings generic via filter on the_content --><!-- AddThis Share Buttons generic via filter on the_content -->","protected":false},"excerpt":{"rendered":"<p>El propio Diccionario de la Real Academia Espa\u00f1ola (DRAE), que es la obra de referencia para establecer lo que significa cada palabra, no lo aclara suficientemente, puesto que en \u00e9l se dice que la meteorolog\u00eda es la ciencia que trata de la atm\u00f3sfera y de los meteoros. Y, en cuanto al clima, dice que es [&hellip;]<!-- AddThis Advanced Settings generic via filter on get_the_excerpt --><!-- AddThis Share Buttons generic via filter on get_the_excerpt --><\/p>\n","protected":false},"author":25830,"featured_media":0,"comment_status":"closed","ping_status":"closed","sticky":false,"template":"","format":"standard","meta":[],"categories":[4,7],"tags":[1862,239,1860,325,336,457,666,673,1855,952,1861],"_links":{"self":[{"href":"https:\/\/blogs.hoy.es\/ciencia-facil\/wp-json\/wp\/v2\/posts\/1396"}],"collection":[{"href":"https:\/\/blogs.hoy.es\/ciencia-facil\/wp-json\/wp\/v2\/posts"}],"about":[{"href":"https:\/\/blogs.hoy.es\/ciencia-facil\/wp-json\/wp\/v2\/types\/post"}],"author":[{"embeddable":true,"href":"https:\/\/blogs.hoy.es\/ciencia-facil\/wp-json\/wp\/v2\/users\/25830"}],"replies":[{"embeddable":true,"href":"https:\/\/blogs.hoy.es\/ciencia-facil\/wp-json\/wp\/v2\/comments?post=1396"}],"version-history":[{"count":1,"href":"https:\/\/blogs.hoy.es\/ciencia-facil\/wp-json\/wp\/v2\/posts\/1396\/revisions"}],"predecessor-version":[{"id":1400,"href":"https:\/\/blogs.hoy.es\/ciencia-facil\/wp-json\/wp\/v2\/posts\/1396\/revisions\/1400"}],"wp:attachment":[{"href":"https:\/\/blogs.hoy.es\/ciencia-facil\/wp-json\/wp\/v2\/media?parent=1396"}],"wp:term":[{"taxonomy":"category","embeddable":true,"href":"https:\/\/blogs.hoy.es\/ciencia-facil\/wp-json\/wp\/v2\/categories?post=1396"},{"taxonomy":"post_tag","embeddable":true,"href":"https:\/\/blogs.hoy.es\/ciencia-facil\/wp-json\/wp\/v2\/tags?post=1396"}],"curies":[{"name":"wp","href":"https:\/\/api.w.org\/{rel}","templated":true}]}}