{"id":1405,"date":"2019-05-14T18:30:03","date_gmt":"2019-05-14T17:30:03","guid":{"rendered":"http:\/\/blogs.hoy.es\/ciencia-facil\/?p=1405"},"modified":"2019-05-14T18:30:03","modified_gmt":"2019-05-14T17:30:03","slug":"clima-energia-y-algunos-de-sus-problemillas","status":"publish","type":"post","link":"https:\/\/blogs.hoy.es\/ciencia-facil\/2019\/05\/14\/clima-energia-y-algunos-de-sus-problemillas\/","title":{"rendered":"Clima, energ\u00eda y algunos de sus problemillas"},"content":{"rendered":"<p><a href=\"https:\/\/static-blogs.hoy.es\/wp-content\/uploads\/sites\/63\/2019\/05\/01.-Energ\u00eda-y-cambi-clima.jpg\"><img loading=\"lazy\" class=\"aligncenter size-full wp-image-1406\" src=\"https:\/\/static-blogs.hoy.es\/wp-content\/uploads\/sites\/63\/2019\/05\/01.-Energ\u00eda-y-cambi-clima.jpg\" alt=\"01-energia-y-cambi-clima\" width=\"800\" height=\"196\" srcset=\"https:\/\/static-blogs.hoy.es\/wp-content\/uploads\/sites\/63\/2019\/05\/01.-Energ\u00eda-y-cambi-clima.jpg 800w, https:\/\/static-blogs.hoy.es\/wp-content\/uploads\/sites\/63\/2019\/05\/01.-Energ\u00eda-y-cambi-clima-300x74.jpg 300w, https:\/\/static-blogs.hoy.es\/wp-content\/uploads\/sites\/63\/2019\/05\/01.-Energ\u00eda-y-cambi-clima-768x188.jpg 768w\" sizes=\"(max-width: 800px) 100vw, 800px\" \/><\/a>Es cada vez m\u00e1s evidente que estamos inmersos en <u>otro<\/u> cambio clim\u00e1tico, y digo <u>otro<\/u> porque el clima ha cambiado numerosas veces \u201cdesde que el mundo es mundo\u201d, pero para nosotros, el cambio actual, sus efectos y consecuencias es lo que deber\u00eda preocuparnos, por lo que es bueno echar una ojeada a algunas de las causas, entre las que, aparte de las causas naturales que han intervenido en los anteriores cambios del clima y que, por supuesto, tambi\u00e9n en el actual, hay que a\u00f1adir ahora que el actual modelo energ\u00e9tico, que hemos adoptado desde hace casi un par de siglos, est\u00e1 acelerando y complicando las cosas.<\/p>\n<p>Algunas de las conclusiones de la Agencia Internacional de la Energ\u00eda (<strong>AIE<\/strong>), son que la futura disponibilidad de energ\u00eda pasa por actuar urgentemente en promover una combinaci\u00f3n, lo m\u00e1s completa posible, de todas las tecnolog\u00edas disponibles, incluyendo el ahorro energ\u00e9tico y la mejora del rendimiento en todos aquellos procesos en los que se consume energ\u00eda, y por supuesto <strong>la utilizaci\u00f3n de las energ\u00edas renovables<\/strong>, como son la solar, e\u00f3lica, geot\u00e9rmica, mareomotriz, biomasa, entre otras.<\/p>\n<p><a href=\"https:\/\/static-blogs.hoy.es\/wp-content\/uploads\/sites\/63\/2019\/05\/02.-Efecto-invernadero.jpg\"><img loading=\"lazy\" class=\"alignleft size-medium wp-image-1407\" src=\"https:\/\/static-blogs.hoy.es\/wp-content\/uploads\/sites\/63\/2019\/05\/02.-Efecto-invernadero-300x212.jpg\" alt=\"02-efecto-invernadero\" width=\"300\" height=\"212\" srcset=\"https:\/\/static-blogs.hoy.es\/wp-content\/uploads\/sites\/63\/2019\/05\/02.-Efecto-invernadero-300x212.jpg 300w, https:\/\/static-blogs.hoy.es\/wp-content\/uploads\/sites\/63\/2019\/05\/02.-Efecto-invernadero.jpg 697w\" sizes=\"(max-width: 300px) 100vw, 300px\" \/><\/a>Pero mientras va creciendo la utilizaci\u00f3n de las renovables, y hasta que encontremos una energ\u00eda que sea de verdad una alternativa, debemos vigilar la rebaja de las emisiones de los tristemente famosos <strong>GEI<\/strong> (Gases de Efecto Invernadero), que. Estos son el conjunto de todos aquellos que permiten la entrada de la energ\u00eda solar hasta alcanzar el suelo, pero dificultan la salida de la energ\u00eda que el planeta devuelve, hacia la atm\u00f3sfera y el espacio.<\/p>\n<p>La mejora del rendimiento energ\u00e9tico es un componente imprescindible de cualquier proyecto de futuro y adem\u00e1s es algo que est\u00e1 inmediatamente disponible, puesto que en este caso no hay que esperar los resultados de largas y complejas investigaciones y ensayos; simplemente hay que revisar todos aquellos procesos en los que consumimos energ\u00eda y \u201chacerlo mejor\u201d, lo que puede suponer desde medidas sencillas como mejorar el aislamiento en los procesos t\u00e9rmicos, hasta medidas m\u00e1s complejas, con auditor\u00edas energ\u00e9ticas.<\/p>\n<p>El conjunto de las actividades relacionadas con la energ\u00eda (procesado, transformaci\u00f3n, consumo&#8230;), consideradas globalmente, representan del orden del 80% de las emisiones de GEI a escala mundial, de forma que est\u00e1 claro que la energ\u00eda es un factor clave en el cambio clim\u00e1tico actual. Vista la situaci\u00f3n a la que hemos llegado en la delicada relaci\u00f3n entre el actual modelo de desarrollo, con consumos crecientes, y el respeto al medio ambiente, resulta complicado encontrar soluciones que puedan dar respuesta a las dos partes en litigio, es decir la acelerada humanidad, por una parte, y la reposada naturaleza, por otra.<\/p>\n<p><u><a href=\"https:\/\/static-blogs.hoy.es\/wp-content\/uploads\/sites\/63\/2019\/05\/03.-CO2-creciente.jpg\"><img loading=\"lazy\" class=\"alignright size-medium wp-image-1408\" src=\"https:\/\/static-blogs.hoy.es\/wp-content\/uploads\/sites\/63\/2019\/05\/03.-CO2-creciente-300x197.jpg\" alt=\"03-co2-creciente\" width=\"300\" height=\"197\" srcset=\"https:\/\/static-blogs.hoy.es\/wp-content\/uploads\/sites\/63\/2019\/05\/03.-CO2-creciente-300x197.jpg 300w, https:\/\/static-blogs.hoy.es\/wp-content\/uploads\/sites\/63\/2019\/05\/03.-CO2-creciente-768x505.jpg 768w, https:\/\/static-blogs.hoy.es\/wp-content\/uploads\/sites\/63\/2019\/05\/03.-CO2-creciente.jpg 892w\" sizes=\"(max-width: 300px) 100vw, 300px\" \/><\/a>A la Naturaleza<\/u>, con may\u00fasculas, globalmente considerada, <u>no le gustan las prisas<\/u>, le gusta por el contrario, \u201cdarle tiempo al tiempo\u201d, de forma que sus procesos geol\u00f3gicos se miden en millones de a\u00f1os, y los propios cambios clim\u00e1ticos naturales, en decenas de miles de a\u00f1os.<\/p>\n<p>Por eso el brusco cambio de costumbres que supone la inyecci\u00f3n en la atm\u00f3sfera de ingentes cantidades de GEI, en especial el tristemente famoso di\u00f3xido de carbono (CO2), en poco m\u00e1s de un siglo, desde el comienzo de la Revoluci\u00f3n Industrial, le <u>supone a la naturaleza un duro trauma que no acaba de asimilar<\/u>.<\/p>\n<p>De los poco m\u00e1s de mil millones de personas que habitaban el planeta a principios del siglo XX hemos pasado a seis mil millones a comienzos del XXI, con el agravante de que cada uno de nosotros consume ahora, en promedio, del orden de cuatro veces m\u00e1s energ\u00eda que nuestros abuelos, de forma que el consumo energ\u00e9tico se ha multiplicado aproximadamente por 24 en un siglo, siendo los combustibles f\u00f3siles (el carb\u00f3n, el petr\u00f3leo y el gas) las fuentes que han alimentado ese crecimiento. <u>Todo un ejemplo de desarrollo insostenible<\/u>.<\/p>\n<p>Una l\u00f3gica consecuencia de lo anterior es que se ha inyectado en la atm\u00f3sfera una enorme cantidad de energ\u00eda, de la que el sistema debe desprenderse para mantener su equilibrio. La cuesti\u00f3n es \u00bfvamos a darle a la naturaleza el tiempo que necesita para recuperar su equilibrio con calma?, porque, de lo contrario, lo har\u00e1 ella de forma traum\u00e1tica.<\/p>\n<p>Sin duda una buena ayuda es la utilizaci\u00f3n creciente de las energ\u00edas renovables, lo que sin duda ayudar\u00eda a frenar el problema, y por su car\u00e1cter de renovables est\u00e1n, y estar\u00e1n siempre, disponibles, pero esa <u>no es la soluci\u00f3n absoluta<\/u>, y tendremos que acercarnos a esa soluci\u00f3n en base a <u>a\u00f1adir t\u00e9rminos relativos<\/u> al polinomio energ\u00e9tico, en el que se sumen las energ\u00edas convencionales, las de origen f\u00f3sil, y las renovables, junto con t\u00e9rminos de optimizaci\u00f3n de rendimientos y ahorro energ\u00e9tico. Pero debemos seguir trabajando, para a\u00f1adir una energ\u00eda que no es renovable, pero s\u00ed que es alternativa, para sustituir a muchas otras, y esa fuente es <u>la energ\u00eda nuclear de fusi\u00f3n<\/u>, que es precisamente c\u00f3mo la que <strong>se genera en el Sol<\/strong>.<\/p>\n<p><a href=\"https:\/\/static-blogs.hoy.es\/wp-content\/uploads\/sites\/63\/2019\/05\/04.-Fusi\u00f3n-reactor-y-Tierra.jpg\"><img loading=\"lazy\" class=\"aligncenter size-full wp-image-1409\" src=\"https:\/\/static-blogs.hoy.es\/wp-content\/uploads\/sites\/63\/2019\/05\/04.-Fusi\u00f3n-reactor-y-Tierra.jpg\" alt=\"04-fusion-reactor-y-tierra\" width=\"764\" height=\"216\" srcset=\"https:\/\/static-blogs.hoy.es\/wp-content\/uploads\/sites\/63\/2019\/05\/04.-Fusi\u00f3n-reactor-y-Tierra.jpg 764w, https:\/\/static-blogs.hoy.es\/wp-content\/uploads\/sites\/63\/2019\/05\/04.-Fusi\u00f3n-reactor-y-Tierra-300x85.jpg 300w\" sizes=\"(max-width: 764px) 100vw, 764px\" \/><\/a><\/p>\n<p>A medio y largo plazo, nuestra esperanza se basa, en buena parte, en el \u00e9xito del reactor experimental de fusi\u00f3n nuclear ITER, que se est\u00e1 construyendo en Cadarache (Francia), y en su posterior evoluci\u00f3n hacia centrales comerciales de potencia. Figuran como socios del ITER la Uni\u00f3n Europea (incluida Espa\u00f1a, claro), Jap\u00f3n, Rusia, China, Estados Unidos, Corea del Sur e India, puesto que <u>ning\u00fan pa\u00eds podr\u00eda hacer eso, \u00e9l solo<\/u>. Se trata de obtener energ\u00eda el\u00e9ctrica por la fusi\u00f3n del hidr\u00f3geno, que es un combustible inagotable,<\/p>\n<p>La creciente utilizaci\u00f3n de las energ\u00edas renovables, y <strong>la fusi\u00f3n nuclear, que no debe confundirse con la fisi\u00f3n nuclear<\/strong>, es sin duda uno de los desaf\u00edos principales, para resolver nuestros problemas energ\u00e9ticos en los tiempos venideros. Las renovables, como la solar o la e\u00f3lica, son suficientemente conocidas, y en cuanto a la fusi\u00f3n, producir\u00eda energ\u00eda pr\u00e1cticamente sin emisiones peligrosas, funcionando con seguridad, sin crear basura en forma de residuos y con combustible f\u00e1cilmente disponible, por lo que es sin duda una opci\u00f3n para proporcionar energ\u00eda, medioambientalmente sostenible para el futuro, sin agotar los recursos naturales para las pr\u00f3ximas generaciones.<\/p>\n<p><strong><a href=\"https:\/\/www.google.es\/search?q=Adolfo+Marroqu%C3%ADn+Santo%C3%B1a&amp;cad=h\">Adolfo Marroqu\u00edn Santo\u00f1a<\/a><\/strong><\/p>\n<!-- AddThis Advanced Settings generic via filter on the_content --><!-- AddThis Share Buttons generic via filter on the_content -->","protected":false},"excerpt":{"rendered":"<p>Es cada vez m\u00e1s evidente que estamos inmersos en otro cambio clim\u00e1tico, y digo otro porque el clima ha cambiado numerosas veces \u201cdesde que el mundo es mundo\u201d, pero para nosotros, el cambio actual, sus efectos y consecuencias es lo que deber\u00eda preocuparnos, por lo que es bueno echar una ojeada a algunas de las [&hellip;]<!-- AddThis Advanced Settings generic via filter on get_the_excerpt --><!-- AddThis Share Buttons generic via filter on get_the_excerpt --><\/p>\n","protected":false},"author":25830,"featured_media":0,"comment_status":"closed","ping_status":"closed","sticky":false,"template":"","format":"standard","meta":[],"categories":[4,5],"tags":[142,239,325,432,511,519,520,666,673,830,1016,1388],"_links":{"self":[{"href":"https:\/\/blogs.hoy.es\/ciencia-facil\/wp-json\/wp\/v2\/posts\/1405"}],"collection":[{"href":"https:\/\/blogs.hoy.es\/ciencia-facil\/wp-json\/wp\/v2\/posts"}],"about":[{"href":"https:\/\/blogs.hoy.es\/ciencia-facil\/wp-json\/wp\/v2\/types\/post"}],"author":[{"embeddable":true,"href":"https:\/\/blogs.hoy.es\/ciencia-facil\/wp-json\/wp\/v2\/users\/25830"}],"replies":[{"embeddable":true,"href":"https:\/\/blogs.hoy.es\/ciencia-facil\/wp-json\/wp\/v2\/comments?post=1405"}],"version-history":[{"count":1,"href":"https:\/\/blogs.hoy.es\/ciencia-facil\/wp-json\/wp\/v2\/posts\/1405\/revisions"}],"predecessor-version":[{"id":1410,"href":"https:\/\/blogs.hoy.es\/ciencia-facil\/wp-json\/wp\/v2\/posts\/1405\/revisions\/1410"}],"wp:attachment":[{"href":"https:\/\/blogs.hoy.es\/ciencia-facil\/wp-json\/wp\/v2\/media?parent=1405"}],"wp:term":[{"taxonomy":"category","embeddable":true,"href":"https:\/\/blogs.hoy.es\/ciencia-facil\/wp-json\/wp\/v2\/categories?post=1405"},{"taxonomy":"post_tag","embeddable":true,"href":"https:\/\/blogs.hoy.es\/ciencia-facil\/wp-json\/wp\/v2\/tags?post=1405"}],"curies":[{"name":"wp","href":"https:\/\/api.w.org\/{rel}","templated":true}]}}