{"id":1423,"date":"2019-09-15T12:23:37","date_gmt":"2019-09-15T11:23:37","guid":{"rendered":"http:\/\/blogs.hoy.es\/ciencia-facil\/?p=1423"},"modified":"2019-09-15T12:23:37","modified_gmt":"2019-09-15T11:23:37","slug":"telefonos-moviles-quitenselos-de-la-cabeza","status":"publish","type":"post","link":"https:\/\/blogs.hoy.es\/ciencia-facil\/2019\/09\/15\/telefonos-moviles-quitenselos-de-la-cabeza\/","title":{"rendered":"Tel\u00e9fonos m\u00f3viles, qu\u00edtenselos de la cabeza"},"content":{"rendered":"<p><a href=\"https:\/\/static-blogs.hoy.es\/wp-content\/uploads\/sites\/63\/2019\/09\/01.-Casa-y-familia-rodeados-de-ondas.jpg\"><img loading=\"lazy\" class=\"aligncenter size-full wp-image-1424\" src=\"https:\/\/static-blogs.hoy.es\/wp-content\/uploads\/sites\/63\/2019\/09\/01.-Casa-y-familia-rodeados-de-ondas.jpg\" alt=\"01-casa-y-familia-rodeados-de-ondas\" width=\"611\" height=\"240\" srcset=\"https:\/\/static-blogs.hoy.es\/wp-content\/uploads\/sites\/63\/2019\/09\/01.-Casa-y-familia-rodeados-de-ondas.jpg 611w, https:\/\/static-blogs.hoy.es\/wp-content\/uploads\/sites\/63\/2019\/09\/01.-Casa-y-familia-rodeados-de-ondas-300x118.jpg 300w\" sizes=\"(max-width: 611px) 100vw, 611px\" \/><\/a><\/p>\n<p>Hace ya unos cuantos a\u00f1os publiqu\u00e9 un art\u00edculo, en que comentaba que literalmente\u2026 \u00a1Estamos rodeados! Y es in\u00fatil resistirse, los campos electromagn\u00e9ticos (CEM) formados por las <u>ondas electromagn\u00e9ticas<\/u> (OEM) nos envuelven por doquier y no hay forma de escapar de ellas, salvo que sali\u00e9ramos del planeta Tierra, y eso siempre y cuando lo hici\u00e9ramos \u201ca pie\u201d, puesto que hoy d\u00eda las naves espaciales, con todo su enorme equipamiento tecnol\u00f3gico, son jaulas absolutamente llenas de ondas concentradas.<\/p>\n<p>Ahora que lo pienso, salir del planeta aunque fuera a pie no resolver\u00eda el problema de nuestro sometimiento a las radiaciones, puesto que en el espacio exterior nos encontrar\u00edamos con otras radiaciones a\u00fan m\u00e1s peligrosas. Pero vayamos por partes, como dec\u00eda el buen Jack \u201cThe Ripper\u201d (literalmente \u201cel mozo destripador\u201d), dejemos el asunto de las dem\u00e1s radiaciones que nos acechan para otro momento y concentr\u00e9monos ahora en las que tenemos encima, aqu\u00ed y ahora.<\/p>\n<p>Los campos electromagn\u00e9ticos tienen su origen en las corrientes el\u00e9ctricas, siendo m\u00e1s fuertes cuanto m\u00e1s intensa sea la corriente. Las ondas electromagn\u00e9ticas asociadas a esos campos son invisibles para el ojo humano, pero est\u00e1n en todas partes en el medio en que vivimos. En la atm\u00f3sfera se producen, de forma natural, por la acumulaci\u00f3n y movimiento de cargas el\u00e9ctricas, que tiene lugar por ejemplo en las tormentas. El propio planeta Tierra es un enorme im\u00e1n, que tiene un campo magn\u00e9tico permanente.<\/p>\n<p>Por otra parte, en nuestro propio organismo se producen corrientes el\u00e9ctricas min\u00fasculas debidas a las reacciones qu\u00edmicas de las funciones corporales normales, incluso en ausencia de campos el\u00e9ctricos externos. Por ejemplo, los nervios emiten se\u00f1ales mediante la transmisi\u00f3n de impulsos el\u00e9ctricos. En la mayor\u00eda de las reacciones bioqu\u00edmicas, desde la digesti\u00f3n a las actividades cerebrales, se produce una reorganizaci\u00f3n de part\u00edculas cargadas. Incluso el coraz\u00f3n presenta actividad el\u00e9ctrica, que en medicina se puede detectar mediante los electrocardiogramas.<\/p>\n<p>Los <u>tel\u00e9fonos port\u00e1tiles<\/u> (Ojo, no los m\u00f3viles), que son los tel\u00e9fonos que nos permiten movernos por dentro de la casa, funcionan a intensidades mucho menores que los <u>tel\u00e9fonos m\u00f3viles<\/u>. El motivo es que se utilizan a distancias muy pr\u00f3ximas a su estaci\u00f3n base, por lo que no necesitan campos intensos para transmitir a grandes distancias. Por consiguiente, los campos de radiofrecuencia que generan estos aparatos port\u00e1tiles son pr\u00e1cticamente inofensivos para nuestra salud.<\/p>\n<p><a href=\"https:\/\/static-blogs.hoy.es\/wp-content\/uploads\/sites\/63\/2019\/09\/02.-M\u00f3vil-cerca-y-lejos.jpg\"><img loading=\"lazy\" class=\"aligncenter size-full wp-image-1425\" src=\"https:\/\/static-blogs.hoy.es\/wp-content\/uploads\/sites\/63\/2019\/09\/02.-M\u00f3vil-cerca-y-lejos.jpg\" alt=\"02-movil-cerca-y-lejos\" width=\"798\" height=\"245\" srcset=\"https:\/\/static-blogs.hoy.es\/wp-content\/uploads\/sites\/63\/2019\/09\/02.-M\u00f3vil-cerca-y-lejos.jpg 798w, https:\/\/static-blogs.hoy.es\/wp-content\/uploads\/sites\/63\/2019\/09\/02.-M\u00f3vil-cerca-y-lejos-300x92.jpg 300w, https:\/\/static-blogs.hoy.es\/wp-content\/uploads\/sites\/63\/2019\/09\/02.-M\u00f3vil-cerca-y-lejos-768x236.jpg 768w\" sizes=\"(max-width: 798px) 100vw, 798px\" \/><\/a><\/p>\n<p>Sin embargo los <u>tel\u00e9fonos m\u00f3viles<\/u> se han sometido a numerosos estudios en los dos \u00faltimos decenios, para determinar si pueden plantear riesgos para la salud. Y si bien no se ha confirmado inequ\u00edvocamente que el uso del tel\u00e9fono m\u00f3vil tenga efectos perjudiciales para la salud, lo cierto es que el <u>Centro Internacional de Investigaciones sobre el C\u00e1ncer<\/u> (CIIC), organismo especializado de la <u>Organizaci\u00f3n Mundial de la Salud<\/u> (OMS), ha clasificado los campos electromagn\u00e9ticos producidos por los tel\u00e9fonos m\u00f3viles como \u201c<u>posiblemente carcin\u00f3genos<\/u>\u201d para los seres humanos. Pero claro, aqu\u00ed hay que distinguir entre los t\u00e9rminos <u>posiblemente<\/u>, que es el que se ha utilizado, y <u>probablemente<\/u>, que es el que debe evitarse hasta que los estudios en curso alcancen resultados definitivos.<\/p>\n<p>Mientras tanto lo prudente ser\u00eda la utilizaci\u00f3n de dispositivos, como podr\u00edan ser unos simples auriculares, que permiten mantener el tel\u00e9fono separado de la cabeza, con una separaci\u00f3n, que puede ser del orden de 30 cm, con lo que nuestras cabezas absorber\u00edan cien veces menos energ\u00eda que teniendo el tel\u00e9fono aplicado directamente al o\u00eddo.<\/p>\n<p>En resumen lo razonable, hasta tanto la ciencia se pronuncie de forma concluyente, ser\u00eda aplicar el llamado \u201c<u>principio de precauci\u00f3n<\/u>\u201d, que debe aplicarse cuando una evaluaci\u00f3n cient\u00edfica objetiva indica que hay <u>motivos razonables, pero no definitivos<\/u>, de preocupaci\u00f3n por los posibles efectos peligrosos sobre la salud que pueden acarrearnos mantener, con bastante frecuencia, un tel\u00e9fono m\u00f3vil a escasos mil\u00edmetros de nuestro cerebro, recibiendo y emitiendo ondas electromagn\u00e9ticas. Este principio de precauci\u00f3n se defini\u00f3 como principio fundamental en la Uni\u00f3n Europea, en el apartado 2 del art\u00edculo 174 del Tratado de la Comunidad Europea, y en este caso su aplicaci\u00f3n deber\u00eda ser activa, sin esperar a la obtenci\u00f3n de resultados definitivos. <strong>Prevenir ser\u00e1 siempre mejor que curar<\/strong>.<\/p>\n<p><strong><a href=\"https:\/\/www.google.es\/search?q=Adolfo+Marroqu%C3%ADn+Santo%C3%B1a&amp;cad=h\">Adolfo Marroqu\u00edn Santo\u00f1a<\/a><\/strong><\/p>\n<!-- AddThis Advanced Settings generic via filter on the_content --><!-- AddThis Share Buttons generic via filter on the_content -->","protected":false},"excerpt":{"rendered":"<p>Hace ya unos cuantos a\u00f1os publiqu\u00e9 un art\u00edculo, en que comentaba que literalmente\u2026 \u00a1Estamos rodeados! Y es in\u00fatil resistirse, los campos electromagn\u00e9ticos (CEM) formados por las ondas electromagn\u00e9ticas (OEM) nos envuelven por doquier y no hay forma de escapar de ellas, salvo que sali\u00e9ramos del planeta Tierra, y eso siempre y cuando lo hici\u00e9ramos \u201ca [&hellip;]<!-- AddThis Advanced Settings generic via filter on get_the_excerpt --><!-- AddThis Share Buttons generic via filter on get_the_excerpt --><\/p>\n","protected":false},"author":25830,"featured_media":0,"comment_status":"closed","ping_status":"closed","sticky":false,"template":"","format":"standard","meta":[],"categories":[1738,9],"tags":[1870,1871,1073,1873,1206,1872,1331,1868,1869,1463],"_links":{"self":[{"href":"https:\/\/blogs.hoy.es\/ciencia-facil\/wp-json\/wp\/v2\/posts\/1423"}],"collection":[{"href":"https:\/\/blogs.hoy.es\/ciencia-facil\/wp-json\/wp\/v2\/posts"}],"about":[{"href":"https:\/\/blogs.hoy.es\/ciencia-facil\/wp-json\/wp\/v2\/types\/post"}],"author":[{"embeddable":true,"href":"https:\/\/blogs.hoy.es\/ciencia-facil\/wp-json\/wp\/v2\/users\/25830"}],"replies":[{"embeddable":true,"href":"https:\/\/blogs.hoy.es\/ciencia-facil\/wp-json\/wp\/v2\/comments?post=1423"}],"version-history":[{"count":1,"href":"https:\/\/blogs.hoy.es\/ciencia-facil\/wp-json\/wp\/v2\/posts\/1423\/revisions"}],"predecessor-version":[{"id":1426,"href":"https:\/\/blogs.hoy.es\/ciencia-facil\/wp-json\/wp\/v2\/posts\/1423\/revisions\/1426"}],"wp:attachment":[{"href":"https:\/\/blogs.hoy.es\/ciencia-facil\/wp-json\/wp\/v2\/media?parent=1423"}],"wp:term":[{"taxonomy":"category","embeddable":true,"href":"https:\/\/blogs.hoy.es\/ciencia-facil\/wp-json\/wp\/v2\/categories?post=1423"},{"taxonomy":"post_tag","embeddable":true,"href":"https:\/\/blogs.hoy.es\/ciencia-facil\/wp-json\/wp\/v2\/tags?post=1423"}],"curies":[{"name":"wp","href":"https:\/\/api.w.org\/{rel}","templated":true}]}}