{"id":152,"date":"2013-01-16T14:10:51","date_gmt":"2013-01-16T13:10:51","guid":{"rendered":"http:\/\/blogs.hoy.es\/ciencia-facil\/?p=152"},"modified":"2013-01-16T14:10:51","modified_gmt":"2013-01-16T13:10:51","slug":"europa-y-el-agua","status":"publish","type":"post","link":"https:\/\/blogs.hoy.es\/ciencia-facil\/2013\/01\/16\/europa-y-el-agua\/","title":{"rendered":"Europa y el Agua"},"content":{"rendered":"<p style=\"text-align: center;\"><a href=\"\/ciencia-facil\/wp-content\/uploads\/sites\/63\/2013\/01\/1.-Estruja-fuego.jpg\"><img loading=\"lazy\" class=\"aligncenter  wp-image-153\" title=\"1.- Estruja - fuego\" src=\"\/ciencia-facil\/wp-content\/uploads\/sites\/63\/2013\/01\/1.-Estruja-fuego.jpg\" alt=\"\" width=\"614\" height=\"179\" srcset=\"https:\/\/static-blogs.hoy.es\/wp-content\/uploads\/sites\/63\/2013\/01\/1.-Estruja-fuego.jpg 797w, https:\/\/static-blogs.hoy.es\/wp-content\/uploads\/sites\/63\/2013\/01\/1.-Estruja-fuego-300x88.jpg 300w, https:\/\/static-blogs.hoy.es\/wp-content\/uploads\/sites\/63\/2013\/01\/1.-Estruja-fuego-768x225.jpg 768w\" sizes=\"(max-width: 614px) 100vw, 614px\" \/><\/a><\/p>\n<p>En un art\u00edculo anterior <strong>\u201cPlaneta Tierra y el Agua\u00a0\u201d<\/strong>,\u00a0 coment\u00e1bamos la <strong>situaci\u00f3n de los recursos h\u00eddricos en el planeta Tierra<\/strong>, globalmente considerado, as\u00ed como las previsiones de futuro a la vista de los resultados obtenidos de los <strong>modelos clim\u00e1ticos<\/strong>, habida cuenta del <strong>cambio clim\u00e1tico<\/strong> en que estamos inmersos.<strong><\/strong><\/p>\n<p>Pasando ahora de la escala planetaria a la continental, <strong>si nos centramos en los resultados referidos a Europa<\/strong>, el cambio clim\u00e1tico amplificar\u00e1 las diferencias entre las naciones que componen el continente, e incluso entre las regiones que componen cada naci\u00f3n, con valores muy diferentes de los recursos h\u00eddricos disponibles y, como consecuencia, de los bienes naturales. <strong>Entre los impactos negativos<\/strong>, habr\u00e1 un mayor riesgo de <strong>precipitaciones muy intensas<\/strong>, con crecidas repentinas, en regiones interiores, as\u00ed como una mayor frecuencia de <strong>inundaciones costeras<\/strong> y una mayor erosi\u00f3n, debido por una parte a una creciente ocurrencia de <strong>fuertes tormentas<\/strong> y por otra a un <strong>aumento de nivel del mar<\/strong>, que har\u00e1n m\u00e1s peligrosos los <strong>temporales mar\u00edtimos<\/strong>.<\/p>\n<p>En las \u00e1reas monta\u00f1osas habr\u00e1 una <strong>retracci\u00f3n de los glaciares<\/strong>, una <strong>disminuci\u00f3n de la cubierta de nieve<\/strong> y por tanto del turismo invernal. En el sur de Europa, el cambio clim\u00e1tico agravar\u00e1 las condiciones existentes de <strong>altas temperaturas y sequ\u00edas<\/strong>, en una regi\u00f3n ya de por s\u00ed vulnerable a la variabilidad clim\u00e1tica, lo que reducir\u00e1 la disponibilidad de agua, el potencial hidroel\u00e9ctrico, el turismo estival, y el rendimiento de los cultivos en general.<\/p>\n<p>Un reciente informe de la <strong>Agencia Europea de Medio Ambiente<\/strong> (<strong>AEMA<\/strong>) plantea que Europa debe redoblar esfuerzos para <strong>hacer un uso m\u00e1s eficiente del agua<\/strong> y evitar que su econom\u00eda se vea afectada. El <strong>uso ineficaz del agua tiene efectos negativos en los recursos h\u00eddricos<\/strong> de Europa; en la actualidad, la presi\u00f3n sobre dichos recursos est\u00e1 aumentando en muchas zonas del continente, y <strong>la situaci\u00f3n tender\u00e1 a empeorar con el tiempo<\/strong>.<\/p>\n<p>&nbsp;<\/p>\n<p style=\"text-align: center;\"><a href=\"\/ciencia-facil\/wp-content\/uploads\/sites\/63\/2013\/01\/2.-Estr\u00e9s-h\u00eddrico-Europa.jpg\"><img loading=\"lazy\" class=\"aligncenter  wp-image-154\" title=\"2.- Estr\u00e9s h\u00eddrico Europa\" src=\"\/ciencia-facil\/wp-content\/uploads\/sites\/63\/2013\/01\/2.-Estr\u00e9s-h\u00eddrico-Europa.jpg\" alt=\"\" width=\"614\" height=\"608\" srcset=\"https:\/\/static-blogs.hoy.es\/wp-content\/uploads\/sites\/63\/2013\/01\/2.-Estr\u00e9s-h\u00eddrico-Europa.jpg 2016w, https:\/\/static-blogs.hoy.es\/wp-content\/uploads\/sites\/63\/2013\/01\/2.-Estr\u00e9s-h\u00eddrico-Europa-150x150.jpg 150w, https:\/\/static-blogs.hoy.es\/wp-content\/uploads\/sites\/63\/2013\/01\/2.-Estr\u00e9s-h\u00eddrico-Europa-300x297.jpg 300w, https:\/\/static-blogs.hoy.es\/wp-content\/uploads\/sites\/63\/2013\/01\/2.-Estr\u00e9s-h\u00eddrico-Europa-768x760.jpg 768w, https:\/\/static-blogs.hoy.es\/wp-content\/uploads\/sites\/63\/2013\/01\/2.-Estr\u00e9s-h\u00eddrico-Europa-1024x1013.jpg 1024w\" sizes=\"(max-width: 614px) 100vw, 614px\" \/><\/a><\/p>\n<p>&nbsp;<\/p>\n<p>Gran parte del <strong>sur de Europa<\/strong>, sobre todo <strong>Espa\u00f1a<\/strong>, parte de <strong>Portugal<\/strong> y <strong>Francia<\/strong> e <strong>Italia<\/strong> padecen ya <strong>elevados niveles de estr\u00e9s h\u00eddrico<\/strong>, como consecuencia de la escasez e irregularidad de las precipitaciones registradas en esas \u00e1reas. Cada vez con mayor frecuencia, algunas zonas del continente <strong>tienen que competir por la obtenci\u00f3n de recursos h\u00eddricos<\/strong>, llegando incluso a imponer a sus ciudadanos restricciones al acceso y uso del agua. En la <strong>Uni\u00f3n Europea<\/strong> (<strong>UE<\/strong>), <strong>una cuarta parte del agua que proviene del medio natural se destina al sector agr\u00edcola<\/strong>, aunque este porcentaje es <strong>mucho mayor en la Europa meridional, donde puede alcanzar el 80%<\/strong>. Alrededor de la quinta parte del agua va a la red de abastecimiento p\u00fablico, de la que m\u00e1s de una cuarta parte acaba en las cisternas de los inodoros. Al mismo tiempo, <strong>las instalaciones hidroel\u00e9ctricas modifican la estructura natural<\/strong> y el caudal de los r\u00edos y lagos, afectando negativamente a los ecosistemas.<\/p>\n<p>La <strong>agricultura<\/strong> es un sector en el que se <strong>podr\u00eda mejorar f\u00e1cilmente el uso eficiente de los recursos<\/strong>, ya que en el riego de cosechas se desaprovechan grandes cantidades de agua. Algunas estimaciones apuntan a que <strong>se podr\u00eda ahorrar casi la cuarta parte del agua extra\u00edda<\/strong> para el riego en Europa, con s\u00f3lo <strong>cambiar el tipo de conducciones o los canales de riego utilizados<\/strong>, junto con las <strong>tareas adecuadas de mantenimiento y conservaci\u00f3n<\/strong>. Tambi\u00e9n ser\u00eda necesario <strong>mejorar las redes de abastecimiento p\u00fablico<\/strong> de agua, ya que en algunos de los estados miembros de la UE se pierde en los conductos hasta un 50 % del agua potable.<\/p>\n<p>&nbsp;<\/p>\n<p style=\"text-align: center;\"><a href=\"\/ciencia-facil\/wp-content\/uploads\/sites\/63\/2013\/01\/3.-CO2-a-final-2012.jpg\"><img loading=\"lazy\" class=\"aligncenter  wp-image-155\" title=\"3.- CO2 a final 2012\" src=\"\/ciencia-facil\/wp-content\/uploads\/sites\/63\/2013\/01\/3.-CO2-a-final-2012.jpg\" alt=\"\" width=\"537\" height=\"417\" srcset=\"https:\/\/static-blogs.hoy.es\/wp-content\/uploads\/sites\/63\/2013\/01\/3.-CO2-a-final-2012.jpg 597w, https:\/\/static-blogs.hoy.es\/wp-content\/uploads\/sites\/63\/2013\/01\/3.-CO2-a-final-2012-300x233.jpg 300w\" sizes=\"(max-width: 537px) 100vw, 537px\" \/><\/a><\/p>\n<p>&nbsp;<\/p>\n<p>Seg\u00fan un reciente informe de la citada <strong>Agencia Europea de Medio Ambiente<\/strong> (<strong>AEMA<\/strong>), algunos de los <strong>efectos del cambio clim\u00e1tico mundial<\/strong>, que ya se observan en Europa o que se anuncian para las pr\u00f3ximas d\u00e9cadas, a medida que aumentan las temperaturas globales, ser\u00e1n las <strong>tormentas<\/strong>, <strong>inundaciones<\/strong>, <strong>sequ\u00edas<\/strong> y otras condiciones meteorol\u00f3gicas extremas cada vez m\u00e1s frecuentes. <strong>Se prev\u00e9 un incremento de las precipitaciones en el norte de Europa, y un clima claramente m\u00e1s seco en el sur<\/strong>, lo que podr\u00eda ser una seria amenaza para la agricultura en algunas zonas. Se producir\u00e1n <strong>olas de calor cada vez m\u00e1s frecuentes<\/strong> e intensas, lo que suponen un grave riesgo para la salud de las personas de edad avanzada y para las m\u00e1s d\u00e9biles.<\/p>\n<p>Todo indica que <strong>la mayor parte del calentamiento global de los \u00faltimos 50 a\u00f1os ha sido causada por actividades humanas<\/strong>, en particular por las emisiones de <strong>gases de efecto invernadero<\/strong> (<strong>GEI<\/strong>), como el <strong>di\u00f3xido de carbono<\/strong> (<strong>CO<sub>2<\/sub><\/strong>) procedente de la quema de combustibles f\u00f3siles.<\/p>\n<p>La <strong>concentraci\u00f3n de CO<sub>2<\/sub><\/strong>, el principal gas de efecto invernadero, en la baja atm\u00f3sfera, se encuentra hoy en su <strong>valor m\u00e1s alto desde hace por lo menos 420.000 a\u00f1os<\/strong>, quiz\u00e1 incluso desde hace 20 millones de a\u00f1os, y es un <strong>34 % m\u00e1s alto que el nivel anterior a la Revoluci\u00f3n Industrial<\/strong>, y el aumento se ha acelerado desde 1950 y contin\u00faa creciendo.<\/p>\n<p>&nbsp;<\/p>\n<p style=\"text-align: center;\"><a href=\"\/ciencia-facil\/wp-content\/uploads\/sites\/63\/2013\/01\/4.-Secular-CO2-Temp.jpg\"><img loading=\"lazy\" class=\"aligncenter  wp-image-156\" title=\"4.- Secular CO2-Temp\" src=\"\/ciencia-facil\/wp-content\/uploads\/sites\/63\/2013\/01\/4.-Secular-CO2-Temp.jpg\" alt=\"\" width=\"600\" height=\"471\" srcset=\"https:\/\/static-blogs.hoy.es\/wp-content\/uploads\/sites\/63\/2013\/01\/4.-Secular-CO2-Temp.jpg 750w, https:\/\/static-blogs.hoy.es\/wp-content\/uploads\/sites\/63\/2013\/01\/4.-Secular-CO2-Temp-300x236.jpg 300w\" sizes=\"(max-width: 600px) 100vw, 600px\" \/><\/a><\/p>\n<p>&nbsp;<\/p>\n<p><strong>Europa se calienta m\u00e1s r\u00e1pidamente que la media mundial<\/strong>. La temperatura en Europa se ha elevado una media de 1 \u00b0C en los \u00faltimos cien a\u00f1os y <strong>para este siglo XXI se prev\u00e9 un incremento adicional de entre 2 a 6 \u00b0C<\/strong>, ya que las emisiones de gases de efecto invernadero siguen aumentando.<\/p>\n<p>Como puede apreciarse en una imagen (que adjuntamos m\u00e1s adelante), tomada hace apenas unos pocos meses desde un sat\u00e9lite, <strong>los desiertos son nuestros vecinos m\u00e1s cercanos por el sur, y avanzan hacia Europa<\/strong>. El proceso de <strong>desertificaci\u00f3n<\/strong>, por el que un suelo sano y productivo es privado de nutrici\u00f3n hasta el punto de que no puede sostener la vida, es uno de los problemas que amenazan a los suelos de Europa.<\/p>\n<p>La <strong>Convenci\u00f3n de las Naciones Unidas para la Lucha contra la Desertificaci\u00f3n<\/strong>, (<strong>UNCCD<\/strong>, de sus siglas en ingl\u00e9s), <strong>define la desertificaci\u00f3n como<\/strong>: \u201cLa degradaci\u00f3n de las tierras en las zonas \u00e1ridas y semi\u00e1ridas, resultante de diversos factores tales como las <strong>variaciones clim\u00e1ticas<\/strong> y las <strong>actividades humanas<\/strong>\u201d.<\/p>\n<p>Las condiciones naturales de <strong>aridez<\/strong>, <strong>variabilidad \u00a0temporal<\/strong>, el <strong>car\u00e1cter torrencial<\/strong> de las lluvias, y la <strong>vulnerabilidad del suelo<\/strong>, junto con la larga historia de presiones humanas pasadas y presentes, hacen que <strong>grandes extensiones del sur de Europa se est\u00e9n viendo afectadas por la desertificaci\u00f3n<\/strong>. En el sur, el centro y el este de Europa, el 8\u00a0% del territorio, <strong>alrededor de 14\u00a0millones de hect\u00e1reas de suelo europeo, presenta actualmente alta sensibilidad a la desertificaci\u00f3n<\/strong>. Esta cifra asciende a 40 millones de hect\u00e1reas si se tiene en cuenta tambi\u00e9n la superficie de sensibilidad moderada, siendo los <strong>pa\u00edses europeos m\u00e1s afectados ya y m\u00e1s amenazados para el futuro<\/strong> en buena parte de sus territorios, son: <strong>Espa\u00f1a, Portugal, Francia, Grecia e Italia<\/strong>.<\/p>\n<p>&nbsp;<\/p>\n<p style=\"text-align: center;\"><a href=\"\/ciencia-facil\/wp-content\/uploads\/sites\/63\/2013\/01\/5.-Sat\u00e9lite-y-Europa.jpg\"><img loading=\"lazy\" class=\"aligncenter  wp-image-157\" title=\"5.- Sat\u00e9lite y Europa\" src=\"\/ciencia-facil\/wp-content\/uploads\/sites\/63\/2013\/01\/5.-Sat\u00e9lite-y-Europa.jpg\" alt=\"\" width=\"614\" height=\"268\" srcset=\"https:\/\/static-blogs.hoy.es\/wp-content\/uploads\/sites\/63\/2013\/01\/5.-Sat\u00e9lite-y-Europa.jpg 797w, https:\/\/static-blogs.hoy.es\/wp-content\/uploads\/sites\/63\/2013\/01\/5.-Sat\u00e9lite-y-Europa-300x131.jpg 300w, https:\/\/static-blogs.hoy.es\/wp-content\/uploads\/sites\/63\/2013\/01\/5.-Sat\u00e9lite-y-Europa-768x335.jpg 768w\" sizes=\"(max-width: 614px) 100vw, 614px\" \/><\/a><\/p>\n<p>&nbsp;<\/p>\n<p>Como consideraciones finales podemos decir que <strong>si bien los cambios globales forman parte de la din\u00e1mica natural de nuestro planeta<\/strong>, en la actualidad, <strong>el hombre est\u00e1 acelerando esos cambios<\/strong>, que <strong>est\u00e1n teniendo lugar en plazos temporales que nunca antes ha sufrido la naturaleza<\/strong>; de forma que si bien la <strong>biosfera<\/strong> a trav\u00e9s de la historia ha desarrollado <strong>mecanismos de adaptaci\u00f3n naturales<\/strong> como respuesta a estos cambios; sin embargo, <strong>en la actualidad y en el futuro cercano estos son y ser\u00e1n demasiado r\u00e1pidos y bruscos<\/strong>, por lo que dif\u00edcilmente los ecosistemas y las especies se adaptar\u00e1n a esa velocidad.<\/p>\n<p>Seg\u00fan las predicciones, <strong>los efectos de estos cambios sobre la biosfera pueden ir de leves o moderados a catastr\u00f3ficos<\/strong>, por lo que <strong>es importante la implementaci\u00f3n de medidas y pol\u00edticas reguladoras<\/strong> para minimizar la componente de las actividades humanas en estos cambios.<\/p>\n<p>Ciertamente <strong>la comunidad cient\u00edfica poco puede hacer, por s\u00ed misma<\/strong>, para disminuir de forma directa el efecto de la actividad humana sobre el cambio global, ya que <strong>est\u00e1n involucrados enormes intereses econ\u00f3micos y pol\u00edticos<\/strong>; pero <strong>s\u00ed que tiene la responsabilidad<\/strong>, ante la sociedad de la que forma parte, de se\u00f1alarlo, evaluarlo y <strong>poner a disposici\u00f3n de los responsables \u00faltimos, es decir de los dirigentes pol\u00edticos, las opciones (escenarios) y sus respectivas consecuencias<\/strong>.<\/p>\n<p><strong><a href=\"https:\/\/www.google.es\/?gfe_rd=cr&#038;ei=hn88Vv6TPIjCbOOKvdgG&#038;gws_rd=ssl#q=Adolfo+Marroqu%C3%ADn+Santo%C3%B1a\"><span style=\"color: #0000ff;\">Adolfo Marroqu\u00edn Santo\u00f1a<\/span><\/a><\/strong><\/p>\n<!-- AddThis Advanced Settings generic via filter on the_content --><!-- AddThis Share Buttons generic via filter on the_content -->","protected":false},"excerpt":{"rendered":"<p>En un art\u00edculo anterior \u201cPlaneta Tierra y el Agua\u00a0\u201d,\u00a0 coment\u00e1bamos la situaci\u00f3n de los recursos h\u00eddricos en el planeta Tierra, globalmente considerado, as\u00ed como las previsiones de futuro a la vista de los resultados obtenidos de los modelos clim\u00e1ticos, habida cuenta del cambio clim\u00e1tico en que estamos inmersos. Pasando ahora de la escala planetaria a [&hellip;]<!-- AddThis Advanced Settings generic via filter on get_the_excerpt --><!-- AddThis Share Buttons generic via filter on get_the_excerpt --><\/p>\n","protected":false},"author":69,"featured_media":0,"comment_status":"open","ping_status":"closed","sticky":false,"template":"","format":"standard","meta":[],"categories":[4],"tags":[47,205,239,325,443,447,457,581,585,973,1031,1196,1271,1463,1473],"_links":{"self":[{"href":"https:\/\/blogs.hoy.es\/ciencia-facil\/wp-json\/wp\/v2\/posts\/152"}],"collection":[{"href":"https:\/\/blogs.hoy.es\/ciencia-facil\/wp-json\/wp\/v2\/posts"}],"about":[{"href":"https:\/\/blogs.hoy.es\/ciencia-facil\/wp-json\/wp\/v2\/types\/post"}],"author":[{"embeddable":true,"href":"https:\/\/blogs.hoy.es\/ciencia-facil\/wp-json\/wp\/v2\/users\/69"}],"replies":[{"embeddable":true,"href":"https:\/\/blogs.hoy.es\/ciencia-facil\/wp-json\/wp\/v2\/comments?post=152"}],"version-history":[{"count":0,"href":"https:\/\/blogs.hoy.es\/ciencia-facil\/wp-json\/wp\/v2\/posts\/152\/revisions"}],"wp:attachment":[{"href":"https:\/\/blogs.hoy.es\/ciencia-facil\/wp-json\/wp\/v2\/media?parent=152"}],"wp:term":[{"taxonomy":"category","embeddable":true,"href":"https:\/\/blogs.hoy.es\/ciencia-facil\/wp-json\/wp\/v2\/categories?post=152"},{"taxonomy":"post_tag","embeddable":true,"href":"https:\/\/blogs.hoy.es\/ciencia-facil\/wp-json\/wp\/v2\/tags?post=152"}],"curies":[{"name":"wp","href":"https:\/\/api.w.org\/{rel}","templated":true}]}}