{"id":160,"date":"2013-01-21T20:39:50","date_gmt":"2013-01-21T19:39:50","guid":{"rendered":"http:\/\/blogs.hoy.es\/ciencia-facil\/?p=160"},"modified":"2013-01-21T20:39:50","modified_gmt":"2013-01-21T19:39:50","slug":"espana-y-el-agua","status":"publish","type":"post","link":"https:\/\/blogs.hoy.es\/ciencia-facil\/2013\/01\/21\/espana-y-el-agua\/","title":{"rendered":"Espa\u00f1a y el Agua"},"content":{"rendered":"<p style=\"text-align: center;\"><a href=\"\/ciencia-facil\/wp-content\/uploads\/sites\/63\/2013\/01\/1.-Espa\u00f1a-crema-gota.jpg\"><img loading=\"lazy\" class=\"aligncenter  wp-image-161\" title=\"1.- Espa\u00f1a-crema-gota\" src=\"\/ciencia-facil\/wp-content\/uploads\/sites\/63\/2013\/01\/1.-Espa\u00f1a-crema-gota.jpg\" alt=\"\" width=\"587\" height=\"167\" srcset=\"https:\/\/static-blogs.hoy.es\/wp-content\/uploads\/sites\/63\/2013\/01\/1.-Espa\u00f1a-crema-gota.jpg 734w, https:\/\/static-blogs.hoy.es\/wp-content\/uploads\/sites\/63\/2013\/01\/1.-Espa\u00f1a-crema-gota-300x85.jpg 300w\" sizes=\"(max-width: 587px) 100vw, 587px\" \/><\/a><\/p>\n<p>\u00a0En dos art\u00edculos anteriores <strong>\u201cPlaneta Tierra y el Agua\u201d<\/strong> y <strong>\u201cEuropa y el Agua\u201d<\/strong>, coment\u00e1bamos someramente la situaci\u00f3n actual y previsible de la existencia y disponibilidad de ese fluido vital para nosotros, el agua, a las escalas respectivas. Nos proponemos ahora bajar en la escala espacial, analizando el tema para <strong>Espa\u00f1a<\/strong>.<\/p>\n<p>Desde siempre, el uso del agua en <strong>Espa\u00f1a ha tenido numerosos problemas<\/strong>, bastante conocidos por otra parte; en primer lugar los <strong>debidos a su clima semi\u00e1rido, en gran parte del territorio espa\u00f1ol<\/strong>, y sometido a una gran heterogeneidad en la precipitaci\u00f3n, tanto espacial como temporalmente.<\/p>\n<p>Otro problema es sin duda <strong>su estructura econ\u00f3mica<\/strong>, con <strong>fuerte participaci\u00f3n agr\u00edcola<\/strong>, que demanda grandes cantidades de agua justo en las <strong>\u00e9pocas de verano<\/strong>, es decir precisamente cuando no hay aportaciones.<\/p>\n<p>Un pa\u00eds de estas caracter\u00edsticas es <strong>muy sensible a las disminuciones de los recursos h\u00eddricos<\/strong> que puedan presentarse, y eso es lo que va a ocurrir de acuerdo con lo previsto por los modelos, <strong>en el marco del cambio clim\u00e1tico<\/strong> en que estamos y estaremos inmersos en pr\u00f3ximos a\u00f1os y decenios.<\/p>\n<p>Existen cuencas como <strong>Ebro, Guadalquivir y Guadiana<\/strong>, en las que pr\u00e1cticamente el 90% de sus <strong>necesidades se centran en los meses de mayo a septiembre<\/strong>, coincidiendo con el <strong>m\u00ednimo de las aportaciones naturales<\/strong> de precipitaci\u00f3n. Y <strong>este problema del desfase entre necesidades y aportaciones<\/strong>, consecuencia de la heterogeneidad temporal de las precipitaciones, <strong>se agravar\u00e1 con el cambio clim\u00e1tico<\/strong>.<\/p>\n<p>La <strong>heterog\u00e9nea distribuci\u00f3n espacial y temporal de la precipitaci\u00f3n en Espa\u00f1a<\/strong>, mucho m\u00e1s acusada que en otros pa\u00edses de nuestro entorno, trae como consecuencia una extraordinaria variabilidad de las aportaciones a lo largo del tiempo y tambi\u00e9n una <strong>gran variaci\u00f3n de aportaciones en las diversas cuencas hidrogr\u00e1ficas<\/strong>.<\/p>\n<p>&nbsp;<\/p>\n<p style=\"text-align: center;\"><a href=\"\/ciencia-facil\/wp-content\/uploads\/sites\/63\/2013\/01\/2.-Precipitaci\u00f3n-anual.jpg\"><img loading=\"lazy\" class=\"aligncenter  wp-image-162\" title=\"2.- Precipitaci\u00f3n anual\" src=\"\/ciencia-facil\/wp-content\/uploads\/sites\/63\/2013\/01\/2.-Precipitaci\u00f3n-anual.jpg\" alt=\"\" width=\"560\" height=\"430\" srcset=\"https:\/\/static-blogs.hoy.es\/wp-content\/uploads\/sites\/63\/2013\/01\/2.-Precipitaci\u00f3n-anual.jpg 700w, https:\/\/static-blogs.hoy.es\/wp-content\/uploads\/sites\/63\/2013\/01\/2.-Precipitaci\u00f3n-anual-300x231.jpg 300w\" sizes=\"(max-width: 560px) 100vw, 560px\" \/><\/a><\/p>\n<p>\u00a0La <strong>precipitaci\u00f3n media anual<\/strong> en la Pen\u00ednsula Ib\u00e9rica presenta una <strong>distribuci\u00f3n geogr\u00e1fica muy variada<\/strong>, con los valores m\u00e1s elevados, referidos a Espa\u00f1a, en el noroeste de Navarra y suroeste de Galicia; registr\u00e1ndose los valores m\u00e1s bajos en el sureste, en las provincias de Almer\u00eda y Murcia, en el sur de Alicante, con precipitaci\u00f3n media anual inferior a <strong>300 litros\/m<sup>2<\/sup><\/strong>. En las zonas pr\u00f3ximas al cabo de Gata la precipitaci\u00f3n es todav\u00eda m\u00e1s baja, inferior a <strong>200 litros\/m<sup>2<\/sup><\/strong>.<\/p>\n<p>Ahora bien, estos valores corresponden a los <strong>registros clim\u00e1ticos hist\u00f3ricos<\/strong>, existentes hasta ahora, pero el cambio clim\u00e1tico, con su influencia sobre la disponibilidad de agua, va a deparar en el futuro debates en pol\u00edtica hidr\u00e1ulica, seguramente muy intensos y de gran calado, sobre todo si se tiene en cuenta que <strong>las precipitaciones, la escorrent\u00eda, la disponibilidad<\/strong> en presas y pantanos, etc., son aspectos que <strong>superan los l\u00edmites territoriales<\/strong>, no s\u00f3lo entre pa\u00edses, sino entre las regiones o comunidades, m\u00e1s o menos aut\u00f3nomas, dentro de dichos pa\u00edses. De forma que, <strong>si se cumplen las previsiones de los modelos<\/strong>, y es altamente probable que as\u00ed sea, pocas pol\u00edticas se van a ver tan afectadas, discutidas y peleadas, en el futuro, como la pol\u00edtica hidr\u00e1ulica para abastecer esos \u201cpuzles\u201d o rompecabezas regionales.<\/p>\n<p>En una reciente Nota de Prensa el <strong>Consejo Superior de Investigaciones Cient\u00edficas<\/strong> (<strong>CSIC<\/strong>) se\u00f1ala que <strong>Espa\u00f1a sufre sequ\u00edas cada vez m\u00e1s intensas y prolongadas<\/strong>, informando que las sequ\u00edas m\u00e1s intentas y de mayor duraci\u00f3n, <strong>se han concentrado hasta ahora en el centro y sur peninsular<\/strong>: Tajo, J\u00facar, Guadiana y Guadalquivir.<\/p>\n<p>En el futuro, puesto que <strong>la situaci\u00f3n puede agravarse<\/strong>, y dado que algunas actividades econ\u00f3micas, como la producci\u00f3n de energ\u00eda hidroel\u00e9ctrica y la agricultura, presentan una gran dependencia respecto del caudal de agua disponible, se considera que los <strong>episodios de sequ\u00edas en la Pen\u00ednsula Ib\u00e9rica, cada vez m\u00e1s frecuentes y prolongadas<\/strong>, pueden incrementar la <strong>vulnerabilidad de la sociedad ante este riesgo natural<\/strong>.<\/p>\n<p>El <strong>gr\u00e1fico inferior muestra los porcentajes de disminuci\u00f3n, previstos para el 2030<\/strong>, de la aportaci\u00f3n total de agua, para dos <strong>escenarios clim\u00e1ticos<\/strong>; el <strong>Escenario 1<\/strong> corresponder\u00eda a aquel en que se toman importantes medidas correctoras, a nivel planetario (poco probable), y el <strong>Escenario 2<\/strong> representa los resultados de las simulaciones para el caso (<strong>mucho m\u00e1s probable<\/strong>) de que se tomen s\u00f3lo algunas de las medidas.<\/p>\n<p>&nbsp;<\/p>\n<p style=\"text-align: center;\"><a href=\"\/ciencia-facil\/wp-content\/uploads\/sites\/63\/2013\/01\/3.-D\u00e9ficit-Precipitaciones-por-cuencas.jpg\"><img loading=\"lazy\" class=\"aligncenter  wp-image-163\" title=\"3.- D\u00e9ficit Precipitaciones por cuencas\" src=\"\/ciencia-facil\/wp-content\/uploads\/sites\/63\/2013\/01\/3.-D\u00e9ficit-Precipitaciones-por-cuencas.jpg\" alt=\"\" width=\"583\" height=\"345\" srcset=\"https:\/\/static-blogs.hoy.es\/wp-content\/uploads\/sites\/63\/2013\/01\/3.-D\u00e9ficit-Precipitaciones-por-cuencas.jpg 720w, https:\/\/static-blogs.hoy.es\/wp-content\/uploads\/sites\/63\/2013\/01\/3.-D\u00e9ficit-Precipitaciones-por-cuencas-300x178.jpg 300w\" sizes=\"(max-width: 583px) 100vw, 583px\" \/><\/a><\/p>\n<p>\u00a0El <strong>Centro de Estudios y Experimentaci\u00f3n de Obras P\u00fablicas<\/strong> (<strong>CEDEX<\/strong>), con la supervisi\u00f3n de la <strong>Oficina Espa\u00f1ola de Cambio Clim\u00e1tico<\/strong> (<strong>OECC<\/strong>), desarroll\u00f3 un trabajo sobre los efectos potenciales del cambio clim\u00e1tico en los recursos h\u00eddricos en Espa\u00f1a para el siglo XXI, llegando en esencia a las siguientes <strong>conclusiones como las m\u00e1s probables<\/strong>:<\/p>\n<p>.- Tendencia generalizada a una disminuci\u00f3n de la precipitaci\u00f3n total anual acumulada.<\/p>\n<p>.- Mayor reducci\u00f3n de la precipitaci\u00f3n en primavera durante el \u00faltimo tercio del siglo XXI<\/p>\n<p>.- Aumento de la precipitaci\u00f3n en el oeste de la Pen\u00ednsula en invierno y en el noreste en oto\u00f1o<\/p>\n<p>.- El cambio clim\u00e1tico causar\u00e1 una disminuci\u00f3n de aportaciones h\u00eddricas, m\u00e1s acusada en las zonas semi\u00e1ridas.<\/p>\n<p>&nbsp;<\/p>\n<p style=\"text-align: center;\"><a href=\"\/ciencia-facil\/wp-content\/uploads\/sites\/63\/2013\/01\/4.-Tendencia-PRE.jpg\"><img loading=\"lazy\" class=\"wp-image-165 aligncenter\" title=\"4.- Tendencia PRE\" src=\"\/ciencia-facil\/wp-content\/uploads\/sites\/63\/2013\/01\/4.-Tendencia-PRE.jpg\" alt=\"\" width=\"571\" height=\"216\" srcset=\"https:\/\/static-blogs.hoy.es\/wp-content\/uploads\/sites\/63\/2013\/01\/4.-Tendencia-PRE.jpg 928w, https:\/\/static-blogs.hoy.es\/wp-content\/uploads\/sites\/63\/2013\/01\/4.-Tendencia-PRE-300x113.jpg 300w, https:\/\/static-blogs.hoy.es\/wp-content\/uploads\/sites\/63\/2013\/01\/4.-Tendencia-PRE-768x290.jpg 768w\" sizes=\"(max-width: 571px) 100vw, 571px\" \/><\/a><\/p>\n<p>\u00a0En la figura anterior se presentan las <strong>proyecciones<\/strong> (<strong>previsiones a futuro<\/strong>) que los diferentes modelos utilizados nos dan <strong>para los valores de la precipitaci\u00f3n total anual media en Espa\u00f1a<\/strong>. En verde, a la izquierda, los datos de finales del siglo XX (1960-1990) utilizados en el estudio, y a la derecha, en rojo y azul, los valores esperados para el siglo actual, seg\u00fan <strong>&#8220;distintos escenarios&#8221;<\/strong>, es decir, seg\u00fan evolucionen los <strong>usos y costumbres del g\u00e9nero humano<\/strong>. Las l\u00edneas <strong>en trazo grueso<\/strong> corresponden a <strong>la media de los valores esperados<\/strong>.<\/p>\n<p>Pr\u00e1cticamente la totalidad de los estudios desarrollados coinciden en que <strong>lo previsto es que desde ahora hasta el a\u00f1o 2030, se vayan reduciendo las precipitaciones, hasta reducirse en un 5% para aquella fecha, lo que dar\u00e1 lugar a disminuciones medias de los recursos h\u00eddricos disponibles entre un 5 y un 14% para el 2030<\/strong> (Estas cifras <strong>pueden superar el 20% o 22% para final del siglo XXI<\/strong>).<\/p>\n<p>Como se refleja bien en el \u00faltimo gr\u00e1fico, resulta evidente que <strong>esta reducci\u00f3n<\/strong> de las precipitaciones y recursos asociados, prevista por los modelos f\u00edsico-matem\u00e1ticos, <strong>tendr\u00e1 lugar en forma de &#8220;tendencia&#8221;<\/strong>, de forma progresiva, de manera que, <strong>dada la enorme variabilidad temporal y espacial de esta magnitud<\/strong>, lo que se refleja en los &#8220;dientes de sierra&#8221; (continuas subidas y bajadas) de las l\u00edneas del gr\u00e1fico, <strong>tendremos a\u00f1os y \u00e1reas con precipitaciones iguales e incluso superiores<\/strong> a las registradas en el pasado siglo XX, <strong>pero a medida que avance el siglo XXI, la tendencia tendr\u00e1 signo negativo y con los valores <strong>se\u00f1alados<\/strong>, o muy pr\u00f3ximos a ellos\u00a0<\/strong>.<\/p>\n<p>En los an\u00e1lisis <strong>por cuencas hidrogr\u00e1ficas<\/strong> existe tambi\u00e9n pr\u00e1ctica unanimidad en que la <strong>disminuci\u00f3n m\u00e1s severa<\/strong> corresponder\u00e1, de mayor a menor p\u00e9rdida, a las cuencas de <strong>Canarias, Guadiana, Segura, J\u00facar y Guadalquivir<\/strong>.<\/p>\n<p><strong><a href=\"https:\/\/www.google.es\/?gfe_rd=cr&#038;ei=hn88Vv6TPIjCbOOKvdgG&#038;gws_rd=ssl#q=Adolfo+Marroqu%C3%ADn+Santo%C3%B1a\"><span style=\"color: #0000ff;\">Adolfo Marroqu\u00edn Santo\u00f1a<\/span><\/a><\/strong><\/p>\n<!-- AddThis Advanced Settings generic via filter on the_content --><!-- AddThis Share Buttons generic via filter on the_content -->","protected":false},"excerpt":{"rendered":"<p>\u00a0En dos art\u00edculos anteriores \u201cPlaneta Tierra y el Agua\u201d y \u201cEuropa y el Agua\u201d, coment\u00e1bamos someramente la situaci\u00f3n actual y previsible de la existencia y disponibilidad de ese fluido vital para nosotros, el agua, a las escalas respectivas. Nos proponemos ahora bajar en la escala espacial, analizando el tema para Espa\u00f1a. Desde siempre, el uso [&hellip;]<!-- AddThis Advanced Settings generic via filter on get_the_excerpt --><!-- AddThis Share Buttons generic via filter on get_the_excerpt --><\/p>\n","protected":false},"author":69,"featured_media":0,"comment_status":"open","ping_status":"closed","sticky":false,"template":"","format":"standard","meta":[],"categories":[4],"tags":[],"_links":{"self":[{"href":"https:\/\/blogs.hoy.es\/ciencia-facil\/wp-json\/wp\/v2\/posts\/160"}],"collection":[{"href":"https:\/\/blogs.hoy.es\/ciencia-facil\/wp-json\/wp\/v2\/posts"}],"about":[{"href":"https:\/\/blogs.hoy.es\/ciencia-facil\/wp-json\/wp\/v2\/types\/post"}],"author":[{"embeddable":true,"href":"https:\/\/blogs.hoy.es\/ciencia-facil\/wp-json\/wp\/v2\/users\/69"}],"replies":[{"embeddable":true,"href":"https:\/\/blogs.hoy.es\/ciencia-facil\/wp-json\/wp\/v2\/comments?post=160"}],"version-history":[{"count":0,"href":"https:\/\/blogs.hoy.es\/ciencia-facil\/wp-json\/wp\/v2\/posts\/160\/revisions"}],"wp:attachment":[{"href":"https:\/\/blogs.hoy.es\/ciencia-facil\/wp-json\/wp\/v2\/media?parent=160"}],"wp:term":[{"taxonomy":"category","embeddable":true,"href":"https:\/\/blogs.hoy.es\/ciencia-facil\/wp-json\/wp\/v2\/categories?post=160"},{"taxonomy":"post_tag","embeddable":true,"href":"https:\/\/blogs.hoy.es\/ciencia-facil\/wp-json\/wp\/v2\/tags?post=160"}],"curies":[{"name":"wp","href":"https:\/\/api.w.org\/{rel}","templated":true}]}}