{"id":173,"date":"2013-01-28T13:56:59","date_gmt":"2013-01-28T12:56:59","guid":{"rendered":"http:\/\/blogs.hoy.es\/ciencia-facil\/?p=173"},"modified":"2013-01-28T13:56:59","modified_gmt":"2013-01-28T12:56:59","slug":"extremadura-y-el-agua-ii","status":"publish","type":"post","link":"https:\/\/blogs.hoy.es\/ciencia-facil\/2013\/01\/28\/extremadura-y-el-agua-ii\/","title":{"rendered":"Extremadura y el Agua (2 de 2)"},"content":{"rendered":"<p style=\"text-align: center;\"><a href=\"\/ciencia-facil\/wp-content\/uploads\/sites\/63\/2013\/01\/1.-Ext-crema-gota-II.jpg\"><img loading=\"lazy\" class=\"aligncenter  wp-image-174\" title=\"1.- Ext-crema-gota-II\" src=\"\/ciencia-facil\/wp-content\/uploads\/sites\/63\/2013\/01\/1.-Ext-crema-gota-II.jpg\" alt=\"\" width=\"614\" height=\"185\" srcset=\"https:\/\/static-blogs.hoy.es\/wp-content\/uploads\/sites\/63\/2013\/01\/1.-Ext-crema-gota-II.jpg 682w, https:\/\/static-blogs.hoy.es\/wp-content\/uploads\/sites\/63\/2013\/01\/1.-Ext-crema-gota-II-300x91.jpg 300w\" sizes=\"(max-width: 614px) 100vw, 614px\" \/><\/a><\/p>\n<p>&nbsp;<\/p>\n<p>En art\u00edculos anteriores <strong>\u201cPlaneta Tierra y el Agua\u201d<\/strong>, <strong>\u201cEuropa y el Agua\u201d<\/strong>, <strong>\u201cEspa\u00f1a y el Agua\u201d<\/strong> y <strong>\u201cExtremadura y el Agua (I)\u201d<\/strong>, coment\u00e1bamos la situaci\u00f3n actual y previsible de las aportaciones y disponibilidad de agua, a las escalas respectivas. Nos proponemos ahora continuar con el <strong>an\u00e1lisis del tema para Extremadura<\/strong>, presentando las posibles, m\u00e1s bien habr\u00eda que decir las probables, <strong>disminuciones en las precipitaciones previstas para el futuro en la Regi\u00f3n<\/strong>.<strong><\/strong><\/p>\n<p>De acuerdo con la publicaci\u00f3n sobre los <strong>Impactos del Cambio Clim\u00e1tico en Extremadura<\/strong>,<strong> <\/strong>(Editada por la Consejer\u00eda de Industria, Energ\u00eda y Medio Ambiente. Junta de Extremadura, 2011) que presenta las <strong>condiciones clim\u00e1ticas previstas para la primera mitad del siglo XXI en Extremadura<\/strong>, bajo los <strong>escenarios A2 y B2<\/strong>, cuyas caracter\u00edsticas recordaremos en el p\u00e1rrafo siguiente, y tomando como referencia el periodo 1961-1990 y como a\u00f1os para los que se hace la predicci\u00f3n el 2025 y el 2050.<\/p>\n<p>En el <strong>escenario A2<\/strong> se considera que el mundo evolucionar\u00e1 manteniendo nuestro actual comportamiento, con un crecimiento lento y cada vez m\u00e1s desigual entre las distintas regiones del planeta.<\/p>\n<p>En el <strong>escenario B2<\/strong> se considera un mundo m\u00e1s sostenible, tanto a nivel ambiental como econ\u00f3mico y social. La protecci\u00f3n medio ambiente y la igualdad social est\u00e1n m\u00e1s arraigados, y es un mundo que crece a menor ritmo, pero de forma m\u00e1s sostenible.<\/p>\n<p>&nbsp;<\/p>\n<p style=\"text-align: center;\"><a href=\"\/ciencia-facil\/wp-content\/uploads\/sites\/63\/2013\/01\/2.-Fig1_25-50-ref.jpg\"><img loading=\"lazy\" class=\"aligncenter  wp-image-175\" title=\"2.- Fig1_25-50-ref\" src=\"\/ciencia-facil\/wp-content\/uploads\/sites\/63\/2013\/01\/2.-Fig1_25-50-ref.jpg\" alt=\"\" width=\"575\" height=\"150\" srcset=\"https:\/\/static-blogs.hoy.es\/wp-content\/uploads\/sites\/63\/2013\/01\/2.-Fig1_25-50-ref.jpg 799w, https:\/\/static-blogs.hoy.es\/wp-content\/uploads\/sites\/63\/2013\/01\/2.-Fig1_25-50-ref-300x78.jpg 300w, https:\/\/static-blogs.hoy.es\/wp-content\/uploads\/sites\/63\/2013\/01\/2.-Fig1_25-50-ref-768x201.jpg 768w\" sizes=\"(max-width: 575px) 100vw, 575px\" \/><\/a><\/p>\n<p>&nbsp;<\/p>\n<p>Las precipitaciones que prev\u00e9n los modelos clim\u00e1ticos para el a\u00f1o 2025 y para el 2050 en Extremadura, <strong>bajo el escenario de emisiones A2<\/strong> muestran de forma general una reducci\u00f3n de las precipitaciones. As\u00ed la precipitaci\u00f3n media estimada para el a\u00f1o 2025 disminuir\u00e1 de media un 5% respecto al valor de referencia (1961-90), mientras que la reducci\u00f3n ser\u00e1 mucho mayor para el 2050, alcanz\u00e1ndose p\u00e9rdidas de un 25% o m\u00e1s. Los resultados obtenidos <strong>bajo el escenario de emisiones B2<\/strong>, presentan un comportamiento muy diferente. As\u00ed, el mapa para el a\u00f1o 2025 muestra tonos muy rojizos que delatan una importante aridez en la totalidad del territorio extreme\u00f1o, mientras que el mapa para 2050 muestra un aspecto mucho m\u00e1s parecido al del periodo de referencia (1961-90).<\/p>\n<p>&nbsp;<\/p>\n<p style=\"text-align: center;\"><a href=\"\/ciencia-facil\/wp-content\/uploads\/sites\/63\/2013\/01\/3.-PortadaEXT-ResultaPRE.jpg\"><img loading=\"lazy\" class=\"aligncenter  wp-image-176\" title=\"3.- PortadaEXT-ResultaPRE\" src=\"\/ciencia-facil\/wp-content\/uploads\/sites\/63\/2013\/01\/3.-PortadaEXT-ResultaPRE.jpg\" alt=\"\" width=\"576\" height=\"206\" srcset=\"https:\/\/static-blogs.hoy.es\/wp-content\/uploads\/sites\/63\/2013\/01\/3.-PortadaEXT-ResultaPRE.jpg 800w, https:\/\/static-blogs.hoy.es\/wp-content\/uploads\/sites\/63\/2013\/01\/3.-PortadaEXT-ResultaPRE-300x107.jpg 300w, https:\/\/static-blogs.hoy.es\/wp-content\/uploads\/sites\/63\/2013\/01\/3.-PortadaEXT-ResultaPRE-768x274.jpg 768w\" sizes=\"(max-width: 576px) 100vw, 576px\" \/><\/a><\/p>\n<p>&nbsp;<\/p>\n<p>Se podr\u00eda as\u00ed prever que <strong>en los pr\u00f3ximos a\u00f1os y hasta 2025<\/strong>, las precipitaciones anuales en todos los puntos del territorio <strong>podr\u00edan sufrir una fuerte disminuci\u00f3n<\/strong>, pudi\u00e9ndose alcanzar <strong>p\u00e9rdidas del orden de hasta el 40%<\/strong>, resultando un patr\u00f3n de <strong>lluvias anuales muy por debajo de los registros actuales<\/strong>. M\u00e1s all\u00e1 del 2015, los modelos indican que <strong>cesar\u00eda la disminuci\u00f3n de las precipitaciones anuales<\/strong>, e incluso pas\u00e1ndose a un <strong>aumento en muchas zonas de Extremadura<\/strong>, pero manteni\u00e9ndose <strong>siempre por debajo de los valores actuales<\/strong>.<\/p>\n<p>La imagen superior muestra los resultados de las p\u00e9rdidas de precipitaci\u00f3n prevista en Extremadura a lo largo del primer cuarto del siglo XXI, es decir para el 2025, obtenidos de los modelos clim\u00e1ticos en que se basa la antes citada publicaci\u00f3n sobre los <strong>Impactos del Cambio Clim\u00e1tico en Extremadura<\/strong>.<\/p>\n<p>Por su\u00a0 parte, la <strong>Agencia Estatal de Meteorolog\u00eda<\/strong> (<strong>AEMET<\/strong>), se\u00f1ala que los modelos clim\u00e1ticos constituyen la mejor herramienta disponible hoy d\u00eda para estimar como afectar\u00e1n los cambios de las concentraciones de <strong>Gases de Efecto Invernadero<\/strong> (<strong>GEI<\/strong>) en los cambios en el clima. A medida que mejora el conocimiento de los procesos que tienen lugar en el sistema clim\u00e1tico, mejora igualmente la habilidad para predecir los cambios clim\u00e1ticos que probablemente tendr\u00e1n lugar.<\/p>\n<p>Sin embargo, existen todav\u00eda incertidumbres asociadas a la evoluci\u00f3n futura de las emisiones de GEI, a la concentraci\u00f3n de dichos gases en la atm\u00f3sfera, a la simulaci\u00f3n de los procesos en el seno del sistema clim\u00e1tico, a las t\u00e9cnicas de regionalizaci\u00f3n, etc.<\/p>\n<p>&nbsp;<\/p>\n<p style=\"text-align: center;\"><a href=\"\/ciencia-facil\/wp-content\/uploads\/sites\/63\/2013\/01\/4.-AEMET_Resultados-estad\u00edsticos.jpg\"><img loading=\"lazy\" class=\"aligncenter  wp-image-177\" title=\"4.- AEMET_Resultados estad\u00edsticos\" src=\"\/ciencia-facil\/wp-content\/uploads\/sites\/63\/2013\/01\/4.-AEMET_Resultados-estad\u00edsticos.jpg\" alt=\"\" width=\"574\" height=\"253\" srcset=\"https:\/\/static-blogs.hoy.es\/wp-content\/uploads\/sites\/63\/2013\/01\/4.-AEMET_Resultados-estad\u00edsticos.jpg 797w, https:\/\/static-blogs.hoy.es\/wp-content\/uploads\/sites\/63\/2013\/01\/4.-AEMET_Resultados-estad\u00edsticos-300x132.jpg 300w, https:\/\/static-blogs.hoy.es\/wp-content\/uploads\/sites\/63\/2013\/01\/4.-AEMET_Resultados-estad\u00edsticos-768x338.jpg 768w\" sizes=\"(max-width: 574px) 100vw, 574px\" \/><\/a><\/p>\n<p>&nbsp;<\/p>\n<p>La citada AEMET, en un trabajo sobre <strong>Proyecciones Regionalizadas de Cambio Clim\u00e1tico<\/strong>, explica que las t\u00e9cnicas de regionalizaci\u00f3n se agrupan en dos grandes m\u00e9todos: estad\u00edsticos y din\u00e1micos.<\/p>\n<p>Los <strong>resultados regionalizados con m\u00e9todos estad\u00edsticos<\/strong>, dan para la precipitaci\u00f3n en Extremadura la evoluci\u00f3n que <strong>se muestra en la imagen anterior<\/strong>, en los escenarios clim\u00e1ticos A2, A1B, B1, E1, cuatro escenarios posibles de emisi\u00f3n: emisiones altas (A2, en rojo), emisiones medias (A1B, en verde), emisiones bajas (B1, en azul) y un escenario de mitigaci\u00f3n agresivo (E1, en negro), consistente con el objetivo de evitar que se superen 2\u00baC de calentamiento global medio respecto a los niveles pre-industriales:<\/p>\n<p>Y los <strong>resultados regionalizados con m\u00e9todos din\u00e1micos<\/strong>, dan para la precipitaci\u00f3n en Extremadura la siguiente evoluci\u00f3n:<\/p>\n<p>&nbsp;<\/p>\n<p style=\"text-align: center;\"><a href=\"\/ciencia-facil\/wp-content\/uploads\/sites\/63\/2013\/01\/5.-AEMET_Resultados-din\u00e1micos.jpg\"><img loading=\"lazy\" class=\"aligncenter  wp-image-178\" title=\"5.- AEMET_Resultados din\u00e1micos\" src=\"\/ciencia-facil\/wp-content\/uploads\/sites\/63\/2013\/01\/5.-AEMET_Resultados-din\u00e1micos.jpg\" alt=\"\" width=\"583\" height=\"279\" srcset=\"https:\/\/static-blogs.hoy.es\/wp-content\/uploads\/sites\/63\/2013\/01\/5.-AEMET_Resultados-din\u00e1micos.jpg 720w, https:\/\/static-blogs.hoy.es\/wp-content\/uploads\/sites\/63\/2013\/01\/5.-AEMET_Resultados-din\u00e1micos-300x143.jpg 300w\" sizes=\"(max-width: 583px) 100vw, 583px\" \/><\/a><\/p>\n<p>&nbsp;<\/p>\n<p><strong><span style=\"text-decoration: underline;\">NOTA<\/span><\/strong><strong>:<\/strong> Informaci\u00f3n adicional sobre los distintos escenarios de emisi\u00f3n puede encontrarse en el <strong>Informe Especial del IPCC \u2013 Escenarios de emisiones<\/strong>. An\u00e1logamente, <strong>informaci\u00f3n sobre las t\u00e9cnicas utilizadas en el c\u00e1lculo y el acceso a los datos est\u00e1 disponible en<\/strong>\u00a0 <strong>Escenarios AEMET<\/strong>.<\/p>\n<p>Por nuestra parte, nos interesa remarcar, c\u00f3mo en los escenarios y resultados presentados, por una parte por la Consejer\u00eda de Industria, Energ\u00eda y Medio Ambiente de la Junta de Extremadura y por otra por AEMET (en este caso apreciable sobre todo en los m\u00e9todos de regionalizaci\u00f3n din\u00e1mica), ambos resultados coinciden en prever una disminuci\u00f3n tanto en la magnitud de las precipitaciones como en el n\u00famero de d\u00edas en que tienen lugar, hasta el 2025 o 2030, as\u00ed como un aumento a partir de esos a\u00f1os, aumento que se mantiene hasta el 2050, disminuyendo de nuevo a partir de esas fechas, hasta alcanzar <strong>valores m\u00ednimos de precipitaci\u00f3n, tanto en cantidad como en n\u00famero de d\u00edas, para finales del siglo<\/strong>.<\/p>\n<p>No obstante, antes de cerrar el tema del agua en Extremadura, creo que es conveniente a\u00f1adir algunos datos locales, y sobre todo repasar lo que apuntan <strong>algunos actores de esta obra<\/strong>, que han tenido, tienen y tendr\u00e1n mucho que decir sobre esto, como son <strong>la propia Naturaleza<\/strong> y su carta de presentaci\u00f3n, con la <strong>Hip\u00f3tesis GAIA<\/strong>; pero <strong>ser\u00e1 en el pr\u00f3ximo cap\u00edtulo<\/strong>.<\/p>\n<p><strong><a href=\"https:\/\/www.google.es\/?gfe_rd=cr&#038;ei=hn88Vv6TPIjCbOOKvdgG&#038;gws_rd=ssl#q=Adolfo+Marroqu%C3%ADn+Santo%C3%B1a\"><span style=\"color: #0000ff;\">Adolfo Marroqu\u00edn Santo\u00f1a<\/span><\/a><\/strong><\/p>\n<!-- AddThis Advanced Settings generic via filter on the_content --><!-- AddThis Share Buttons generic via filter on the_content -->","protected":false},"excerpt":{"rendered":"<p>&nbsp; En art\u00edculos anteriores \u201cPlaneta Tierra y el Agua\u201d, \u201cEuropa y el Agua\u201d, \u201cEspa\u00f1a y el Agua\u201d y \u201cExtremadura y el Agua (I)\u201d, coment\u00e1bamos la situaci\u00f3n actual y previsible de las aportaciones y disponibilidad de agua, a las escalas respectivas. Nos proponemos ahora continuar con el an\u00e1lisis del tema para Extremadura, presentando las posibles, m\u00e1s [&hellip;]<!-- AddThis Advanced Settings generic via filter on get_the_excerpt --><!-- AddThis Share Buttons generic via filter on get_the_excerpt --><\/p>\n","protected":false},"author":69,"featured_media":0,"comment_status":"open","ping_status":"closed","sticky":false,"template":"","format":"standard","meta":[],"categories":[4],"tags":[47,239,325,555,561,585,587,595,658,666,673,816,1016,1195,1271,1463],"_links":{"self":[{"href":"https:\/\/blogs.hoy.es\/ciencia-facil\/wp-json\/wp\/v2\/posts\/173"}],"collection":[{"href":"https:\/\/blogs.hoy.es\/ciencia-facil\/wp-json\/wp\/v2\/posts"}],"about":[{"href":"https:\/\/blogs.hoy.es\/ciencia-facil\/wp-json\/wp\/v2\/types\/post"}],"author":[{"embeddable":true,"href":"https:\/\/blogs.hoy.es\/ciencia-facil\/wp-json\/wp\/v2\/users\/69"}],"replies":[{"embeddable":true,"href":"https:\/\/blogs.hoy.es\/ciencia-facil\/wp-json\/wp\/v2\/comments?post=173"}],"version-history":[{"count":0,"href":"https:\/\/blogs.hoy.es\/ciencia-facil\/wp-json\/wp\/v2\/posts\/173\/revisions"}],"wp:attachment":[{"href":"https:\/\/blogs.hoy.es\/ciencia-facil\/wp-json\/wp\/v2\/media?parent=173"}],"wp:term":[{"taxonomy":"category","embeddable":true,"href":"https:\/\/blogs.hoy.es\/ciencia-facil\/wp-json\/wp\/v2\/categories?post=173"},{"taxonomy":"post_tag","embeddable":true,"href":"https:\/\/blogs.hoy.es\/ciencia-facil\/wp-json\/wp\/v2\/tags?post=173"}],"curies":[{"name":"wp","href":"https:\/\/api.w.org\/{rel}","templated":true}]}}