{"id":180,"date":"2013-01-30T21:10:37","date_gmt":"2013-01-30T20:10:37","guid":{"rendered":"http:\/\/blogs.hoy.es\/ciencia-facil\/?p=180"},"modified":"2013-01-30T21:10:37","modified_gmt":"2013-01-30T20:10:37","slug":"badajoz-caceres-y-el-agua","status":"publish","type":"post","link":"https:\/\/blogs.hoy.es\/ciencia-facil\/2013\/01\/30\/badajoz-caceres-y-el-agua\/","title":{"rendered":"Badajoz, C\u00e1ceres y el Agua"},"content":{"rendered":"<p style=\"text-align: center;\"><a href=\"\/ciencia-facil\/wp-content\/uploads\/sites\/63\/2013\/01\/1.-Obs-BA-TA-y-CC.jpg\"><img loading=\"lazy\" class=\"aligncenter  wp-image-181\" title=\"1.- Obs-BA-TA y CC\" src=\"\/ciencia-facil\/wp-content\/uploads\/sites\/63\/2013\/01\/1.-Obs-BA-TA-y-CC.jpg\" alt=\"\" width=\"614\" height=\"166\" srcset=\"https:\/\/static-blogs.hoy.es\/wp-content\/uploads\/sites\/63\/2013\/01\/1.-Obs-BA-TA-y-CC.jpg 1078w, https:\/\/static-blogs.hoy.es\/wp-content\/uploads\/sites\/63\/2013\/01\/1.-Obs-BA-TA-y-CC-300x81.jpg 300w, https:\/\/static-blogs.hoy.es\/wp-content\/uploads\/sites\/63\/2013\/01\/1.-Obs-BA-TA-y-CC-768x207.jpg 768w, https:\/\/static-blogs.hoy.es\/wp-content\/uploads\/sites\/63\/2013\/01\/1.-Obs-BA-TA-y-CC-1024x276.jpg 1024w\" sizes=\"(max-width: 614px) 100vw, 614px\" \/><\/a><\/p>\n<p>\u00a0En art\u00edculos anteriores <strong>\u201cPlaneta Tierra y el Agua\u201d<\/strong>, <strong>\u201cEuropa y el Agua\u201d<\/strong>, <strong>\u201cEspa\u00f1a y el Agua\u201d<\/strong>, <strong>\u201cExtremadura y el Agua (I)\u201d<\/strong> y\u00a0 <strong>\u201cExtremadura y el Agua (II)\u201d<\/strong><strong><\/strong>, coment\u00e1bamos la situaci\u00f3n actual y previsible de las aportaciones y disponibilidad de agua, a las escalas respectivas. Nos proponemos ahora echar una ojeada a los datos de precipitaci\u00f3n registrados en los dos Observatorios Meteorol\u00f3gicos centenarios de que disponemos en Extremadura, el de Badajoz (1864 a hoy) y el de C\u00e1ceres (1907 a hoy).<strong><\/strong><\/p>\n<p>En los datos de precipitaci\u00f3n del <strong>Observatorio Meteorol\u00f3gico de Badajoz<\/strong>, con casi un treintenio m\u00e1s de datos disponibles que el <strong>Observatorio de C\u00e1ceres<\/strong>, se puede observar una tendencia al decrecimiento (l\u00ednea roja, ajustada a la serie de datos por el <strong>m\u00e9todo de m\u00ednimos cuadrados<\/strong>); pero <strong>esta tendencia no es estad\u00edsticamente significativa<\/strong> y de hecho no aparece en el caso de los datos de C\u00e1ceres, de forma que s\u00f3lo debe ser considerada como un efecto de los datos de precipitaci\u00f3n correspondientes a los <strong>primeros a\u00f1os del siglo XX<\/strong>, un per\u00edodo conocido como <strong>\u201cdecenio an\u00f3malo\u201d<\/strong>, que al tener valores elevados, muy por encima de la media, pesan mucho en la serie de Badajoz y menos en la de C\u00e1ceres que comenz\u00f3 m\u00e1s tarde.<\/p>\n<p>&nbsp;<\/p>\n<p style=\"text-align: center;\"><a href=\"\/ciencia-facil\/wp-content\/uploads\/sites\/63\/2013\/01\/2.-PRE-A\u00d1O-BACC.jpg\"><img loading=\"lazy\" class=\"aligncenter  wp-image-182\" title=\"2.- PRE-A\u00d1O-BACC\" src=\"\/ciencia-facil\/wp-content\/uploads\/sites\/63\/2013\/01\/2.-PRE-A\u00d1O-BACC.jpg\" alt=\"\" width=\"579\" height=\"226\" srcset=\"https:\/\/static-blogs.hoy.es\/wp-content\/uploads\/sites\/63\/2013\/01\/2.-PRE-A\u00d1O-BACC.jpg 965w, https:\/\/static-blogs.hoy.es\/wp-content\/uploads\/sites\/63\/2013\/01\/2.-PRE-A\u00d1O-BACC-300x117.jpg 300w, https:\/\/static-blogs.hoy.es\/wp-content\/uploads\/sites\/63\/2013\/01\/2.-PRE-A\u00d1O-BACC-768x299.jpg 768w\" sizes=\"(max-width: 579px) 100vw, 579px\" \/><\/a><\/p>\n<p>\u00a0Una anomal\u00eda en la tendencia, que s\u00ed aparece claramente, tanto en la serie de valores de Badajoz como en la de C\u00e1ceres, es la correspondiente a las <strong>precipitaciones del mes de marzo, claramente decrecientes<\/strong> en ambas series, como puede apreciarse en los gr\u00e1ficos que se incluyen m\u00e1s abajo.<\/p>\n<p>En cuanto a la <strong>tendencia \u201ca futuro\u201d<\/strong> de estas series, como localidades extreme\u00f1as, les es de aplicaci\u00f3n lo que plante\u00e1bamos en el\u00a0art\u00edculo <strong>\u201cExtremadura y el Agua (II)\u201d<\/strong>, en el sentido que las precipitaciones que prev\u00e9n los modelos clim\u00e1ticos para el a\u00f1o 2025 y para el 2050, <strong>bajo el escenario de emisiones A2<\/strong> muestran de forma general <strong>una reducci\u00f3n de las precipitaciones<\/strong>. As\u00ed la precipitaci\u00f3n media estimada <strong>para el a\u00f1o 2025 disminuir\u00e1 de media un 5% respecto al valor de referencia (1961-90)<\/strong>, mientras que <strong>la reducci\u00f3n ser\u00e1 mucho mayor para el 2050<\/strong>, alcanz\u00e1ndose p\u00e9rdidas de un 25% o m\u00e1s, respecto a los valores de la serie 61-90. Los resultados obtenidos <strong>bajo el escenario de emisiones B2<\/strong>, presentan un comportamiento <strong>muy diferente del A2<\/strong>, con una importante <strong>aridez en la totalidad del territorio extreme\u00f1o<\/strong>, mientras que para 2050 se espera una distribuci\u00f3n \u00a0mucho m\u00e1s parecida a la del periodo de referencia (1961-90).<\/p>\n<p>Recordemos, como indic\u00e1bamos en el citado post anterior, que en el <strong>escenario A2<\/strong> se considera que el mundo evolucionar\u00e1 manteniendo nuestro actual comportamiento, con un crecimiento lento y cada vez m\u00e1s desigual entre las distintas regiones del planeta. Mientras que en el <strong>escenario B2<\/strong> se considera un mundo m\u00e1s sostenible, tanto a nivel ambiental como econ\u00f3mico y social. La protecci\u00f3n medio ambiente y la igualdad social est\u00e1n m\u00e1s arraigados, y es un mundo que crece a menor ritmo, pero de forma m\u00e1s sostenible.<\/p>\n<p>&nbsp;<\/p>\n<p style=\"text-align: center;\"><a href=\"\/ciencia-facil\/wp-content\/uploads\/sites\/63\/2013\/01\/3.-PRE-MAR-BACC.jpg\"><img loading=\"lazy\" class=\"aligncenter  wp-image-183\" title=\"3.- PRE-MAR-BACC\" src=\"\/ciencia-facil\/wp-content\/uploads\/sites\/63\/2013\/01\/3.-PRE-MAR-BACC.jpg\" alt=\"\" width=\"563\" height=\"174\" srcset=\"https:\/\/static-blogs.hoy.es\/wp-content\/uploads\/sites\/63\/2013\/01\/3.-PRE-MAR-BACC.jpg 938w, https:\/\/static-blogs.hoy.es\/wp-content\/uploads\/sites\/63\/2013\/01\/3.-PRE-MAR-BACC-300x93.jpg 300w, https:\/\/static-blogs.hoy.es\/wp-content\/uploads\/sites\/63\/2013\/01\/3.-PRE-MAR-BACC-768x237.jpg 768w\" sizes=\"(max-width: 563px) 100vw, 563px\" \/><\/a><\/p>\n<p>\u00a0Hablar del agua desde el punto de vista de la meteorolog\u00eda es hablar del <strong>ciclo hidrol\u00f3gico<\/strong>, al que algunos llaman <strong>ciclo hidroil\u00f3gico<\/strong> dado lo poco l\u00f3gico que les parece su comportamiento. En efecto, aunque la f\u00edsica de la atm\u00f3sfera explica sin lugar a dudas las causas de todos los procesos que tienen lugar en ella, lo cierto es que, vistos desde fuera e incluso a veces desde dentro, no se acaban de entender muy bien esos <strong>aparentes caprichos extremos de la madre naturaleza que son las sequ\u00edas o las inundaciones<\/strong>. En realidad hay que admitir que la naturaleza es todo menos maternal a la hora de repartir el agua entre sus hijos. Sin embargo, antes de acusar a nuestra madre, deber\u00edamos preguntarnos si nosotros, los seres humanos, nos comportamos realmente como buenos hijos respecto a ella.<\/p>\n<p><strong>\u00bfSer\u00e1 la naturaleza la que es il\u00f3gica?<\/strong> o \u00bfSeremos nosotros los que con nuestro mal comportamiento la hemos obligado a castigarnos sin paga (agua)?. Antes de contestar a esa pregunta convendr\u00eda que refresc\u00e1ramos nuestra memoria con temas como el de la deforestaci\u00f3n, el di\u00f3xido de carbono, el efecto invernadero, los CFCs, el \u201cagujero\u201d de ozono y algunos otros.<\/p>\n<p>Ciertamente en los \u00faltimos decenios <strong>no hemos tratado demasiado bien al medio ambiente<\/strong>, por lo que nada deber\u00edamos objetar si <strong>la naturaleza nos pasa ahora factura<\/strong>. Sin embargo confiamos siempre en que nuestros pecados, en forma de agresiones al suelo que nos sustenta y al aire que nos envuelve, ser\u00e1n perdonados, y lo cierto es que as\u00ed ha sido. Y as\u00ed seguir\u00e1 siendo, siempre y cuando seamos lo suficientemente razonables y prudentes como para <strong>no cruzar los umbrales de da\u00f1o permanente al medio que nos rodea<\/strong>.<\/p>\n<p>&nbsp;<\/p>\n<p style=\"text-align: center;\"><a href=\"\/ciencia-facil\/wp-content\/uploads\/sites\/63\/2013\/01\/4.-Obs-BA-1864.jpg\"><img loading=\"lazy\" class=\"aligncenter  wp-image-184\" title=\"4.- Obs-BA-1864\" src=\"\/ciencia-facil\/wp-content\/uploads\/sites\/63\/2013\/01\/4.-Obs-BA-1864.jpg\" alt=\"\" width=\"614\" height=\"434\" srcset=\"https:\/\/static-blogs.hoy.es\/wp-content\/uploads\/sites\/63\/2013\/01\/4.-Obs-BA-1864.jpg 1754w, https:\/\/static-blogs.hoy.es\/wp-content\/uploads\/sites\/63\/2013\/01\/4.-Obs-BA-1864-300x212.jpg 300w, https:\/\/static-blogs.hoy.es\/wp-content\/uploads\/sites\/63\/2013\/01\/4.-Obs-BA-1864-768x543.jpg 768w, https:\/\/static-blogs.hoy.es\/wp-content\/uploads\/sites\/63\/2013\/01\/4.-Obs-BA-1864-1024x724.jpg 1024w\" sizes=\"(max-width: 614px) 100vw, 614px\" \/><\/a><\/p>\n<p>\u00a0La ciudad de<strong> Badajoz<\/strong> ha crecido y previsiblemente seguir\u00e1 creciendo hasta llegar a ser, dentro de relativamente poco tiempo, <strong>una de esas gratas ciudades<\/strong> con una poblaci\u00f3n en torno al cuarto de mill\u00f3n de habitantes, lo suficientemente grande como para tener pr\u00e1cticamente de todo y lo suficientemente peque\u00f1a como para no resultar agobiante para sus habitantes. <strong>\u00bfContribuir\u00e1 nuestro clima al desarrollo favorable de la ciudad?<\/strong>. Si analizamos las series hist\u00f3ricas de los registros de precipitaci\u00f3n en Badajoz, no encontramos nada que nos haga pensar lo contrario. Cierto que <strong>la atm\u00f3sfera nos ha deparado algunos sustos<\/strong>, incluido <strong>el terrible e inolvidable noviembre de 1997<\/strong>, y cierto tambi\u00e9n que las aportaciones desde las nubes han dado saltos espectaculares de unos a\u00f1os a otros, pasando de los cerca de los 900 litros por metro cuadrado en el a\u00f1o 1907, a sobrepasar apenas los 220 litros por metro cuadrado en el cercano 2005.<\/p>\n<p>Sin embargo, con ser muy variable y voluble, nuestro clima ha cumplido siempre con el refranero, <strong>escampando despu\u00e9s de las tormentas y lloviendo despu\u00e9s de las sequ\u00edas<\/strong>. En cualquier caso, de <strong>un clima que, cada a\u00f1o, pone a disposici\u00f3n de la ciudad casi quinientos litros de agua por metro cuadrado<\/strong> como media, no puede decirse que sea cicatero desde el punto de vista h\u00eddrico; pensemos que esa cantidad equivale a una capa uniforme de casi medio metro de espesor cubriendo cada a\u00f1o todo nuestro entorno.<\/p>\n<p>Volviendo al s\u00edmil de <strong>nuestra madre naturaleza<\/strong> y teniendo en cuenta que <strong>no siempre hemos sido demasiado respetuosos para con ella<\/strong>, hemos de admitir que la paga (agua) que nos tiene asignada es justa. Otra cosa es que, como por otra parte pasa en las mejores familias, hay a\u00f1os en que se puede ser m\u00e1s generoso de lo habitual y otros en los que hay que apretarse el cintur\u00f3n. Hagamos nosotros lo que recomendamos hacer a nuestros hijos en casos similares, <strong>sepamos administrar lo que tenemos y guardar cuando sobre, para poder tener cuando falte<\/strong>.<\/p>\n<p><strong><a href=\"https:\/\/www.google.es\/?gfe_rd=cr&#038;ei=hn88Vv6TPIjCbOOKvdgG&#038;gws_rd=ssl#q=Adolfo+Marroqu%C3%ADn+Santo%C3%B1a\"><span style=\"color: #0000ff;\">Adolfo Marroqu\u00edn Santo\u00f1a<\/span><\/a><\/strong><\/p>\n<!-- AddThis Advanced Settings generic via filter on the_content --><!-- AddThis Share Buttons generic via filter on the_content -->","protected":false},"excerpt":{"rendered":"<p>\u00a0En art\u00edculos anteriores \u201cPlaneta Tierra y el Agua\u201d, \u201cEuropa y el Agua\u201d, \u201cEspa\u00f1a y el Agua\u201d, \u201cExtremadura y el Agua (I)\u201d y\u00a0 \u201cExtremadura y el Agua (II)\u201d, coment\u00e1bamos la situaci\u00f3n actual y previsible de las aportaciones y disponibilidad de agua, a las escalas respectivas. Nos proponemos ahora echar una ojeada a los datos de precipitaci\u00f3n [&hellip;]<!-- AddThis Advanced Settings generic via filter on get_the_excerpt --><!-- AddThis Share Buttons generic via filter on get_the_excerpt --><\/p>\n","protected":false},"author":69,"featured_media":0,"comment_status":"open","ping_status":"closed","sticky":false,"template":"","format":"standard","meta":[],"categories":[4],"tags":[47,161,220,239,304,325,555,561,585,595,805,816,1195,1271,1364,1463],"_links":{"self":[{"href":"https:\/\/blogs.hoy.es\/ciencia-facil\/wp-json\/wp\/v2\/posts\/180"}],"collection":[{"href":"https:\/\/blogs.hoy.es\/ciencia-facil\/wp-json\/wp\/v2\/posts"}],"about":[{"href":"https:\/\/blogs.hoy.es\/ciencia-facil\/wp-json\/wp\/v2\/types\/post"}],"author":[{"embeddable":true,"href":"https:\/\/blogs.hoy.es\/ciencia-facil\/wp-json\/wp\/v2\/users\/69"}],"replies":[{"embeddable":true,"href":"https:\/\/blogs.hoy.es\/ciencia-facil\/wp-json\/wp\/v2\/comments?post=180"}],"version-history":[{"count":0,"href":"https:\/\/blogs.hoy.es\/ciencia-facil\/wp-json\/wp\/v2\/posts\/180\/revisions"}],"wp:attachment":[{"href":"https:\/\/blogs.hoy.es\/ciencia-facil\/wp-json\/wp\/v2\/media?parent=180"}],"wp:term":[{"taxonomy":"category","embeddable":true,"href":"https:\/\/blogs.hoy.es\/ciencia-facil\/wp-json\/wp\/v2\/categories?post=180"},{"taxonomy":"post_tag","embeddable":true,"href":"https:\/\/blogs.hoy.es\/ciencia-facil\/wp-json\/wp\/v2\/tags?post=180"}],"curies":[{"name":"wp","href":"https:\/\/api.w.org\/{rel}","templated":true}]}}