{"id":308,"date":"2013-05-18T18:54:26","date_gmt":"2013-05-18T17:54:26","guid":{"rendered":"http:\/\/blogs.hoy.es\/ciencia-facil\/?p=308"},"modified":"2013-05-18T18:54:26","modified_gmt":"2013-05-18T17:54:26","slug":"en-camino-hacia-la-antartida","status":"publish","type":"post","link":"https:\/\/blogs.hoy.es\/ciencia-facil\/2013\/05\/18\/en-camino-hacia-la-antartida\/","title":{"rendered":"En camino hacia la Ant\u00e1rtida"},"content":{"rendered":"<p style=\"text-align: center;\"><a href=\"\/ciencia-facil\/wp-content\/uploads\/sites\/63\/2013\/05\/1.-Mosaico-Ant\u00e1rtida-BAE-LasPalmas-Ping\u00fcino.jpg\"><img loading=\"lazy\" class=\"aligncenter  wp-image-309\" title=\"1.- Mosaico Ant\u00e1rtida-BAE-LasPalmas-Ping\u00fcino\" src=\"\/ciencia-facil\/wp-content\/uploads\/sites\/63\/2013\/05\/1.-Mosaico-Ant\u00e1rtida-BAE-LasPalmas-Ping\u00fcino.jpg\" alt=\"\" width=\"570\" height=\"389\" srcset=\"https:\/\/static-blogs.hoy.es\/wp-content\/uploads\/sites\/63\/2013\/05\/1.-Mosaico-Ant\u00e1rtida-BAE-LasPalmas-Ping\u00fcino.jpg 633w, https:\/\/static-blogs.hoy.es\/wp-content\/uploads\/sites\/63\/2013\/05\/1.-Mosaico-Ant\u00e1rtida-BAE-LasPalmas-Ping\u00fcino-300x205.jpg 300w\" sizes=\"(max-width: 570px) 100vw, 570px\" \/><\/a><\/p>\n<p>&nbsp;<\/p>\n<p>En septiembre de 1988, <strong>Espa\u00f1a<\/strong> es aceptada como <strong>Miembro Consultivo del Tratado Ant\u00e1rtico<\/strong>, poni\u00e9ndose en marcha, dentro del Plan Nacional de Investigaci\u00f3n, un <strong>Programa Nacional de Investigaci\u00f3n Ant\u00e1rtica<\/strong>, cuyo objetivo fundamental es la coordinaci\u00f3n de los distintos proyectos de investigaci\u00f3n, as\u00ed como proporcionar el respaldo econ\u00f3mico y log\u00edstico necesario para la materializaci\u00f3n de los proyectos.<\/p>\n<p>Para poder integrarse en el Tratado Ant\u00e1rtico como miembro de pleno derecho, y sobre todo para integrarse en el <strong>SCAR<\/strong> (Scientific Commitee on Antarctic Research &#8211; Comit\u00e9 Cient\u00edfico de Investigaciones Ant\u00e1rticas), condici\u00f3n que no alcanz\u00f3 Espa\u00f1a hasta julio de 1990, eran condiciones necesarias el tener instalada y operativa una Base Ant\u00e1rtica, y adem\u00e1s el desarrollar en ella trabajos cient\u00edficos de nivel suficiente, a juicio de los propios miembros del SCAR.<\/p>\n<p>Para ello, <strong>Espa\u00f1a instal\u00f3 en 1988 la Base Ant\u00e1rtica Espa\u00f1ola &#8220;Juan Carlos I&#8221;<\/strong> (<strong>BAE<\/strong> para abreviar), en las coordenadas 62\u00ba 39&#8242; 46&#8243; de latitud Sur, y 60\u00ba 23&#8242; 20&#8243; de longitud Oeste, en la <strong>Bah\u00eda Sur<\/strong> de la <strong>Isla Livingston<\/strong>, perteneciente a las <strong>Shetland del Sur<\/strong>.<\/p>\n<p>Puesto que <strong>tuve el honor y el placer<\/strong> (\u00e9ste s\u00f3lo a ratos) <strong>de participar en las primeras expediciones cient\u00edficas de Espa\u00f1a en aquellas tierras\/hielos<\/strong>, quiero tener ahora el honor y el placer (aqu\u00ed ya todo el rato) de contarles desde este <strong>Blog<\/strong> c\u00f3mo llegu\u00e9 hasta aquel lejano territorio, con algunos <strong>detalles del camino desde Espa\u00f1a hasta la BAE<\/strong>.<\/p>\n<p>Para ir conociendo el destino del viaje, les dir\u00e9 que la <strong>Ant\u00e1rtida<\/strong> es un enorme continente con una superficie de algo m\u00e1s de <strong>14 millones de km<sup>2<\/sup><\/strong>, aproximadamente vez y media el tama\u00f1o de Europa, con un substrato de tierra firme permanentemente cubierto de hielo, que llega a extenderse en invierno hasta los 27 millones de km<sup>2<\/sup>. La cubierta de <strong>hielo de la Ant\u00e1rtida<\/strong> se estima en <strong>20 millones de km<sup>3<\/sup><\/strong>, lo que constituye el <strong>90% del hielo mundial<\/strong>, as\u00ed como el <strong>80% de las reservas de agua dulce del planeta<\/strong>.<\/p>\n<p>El 98% de su superficie se encuentra <strong>permanentemente cubierta de hielo y nieve<\/strong>, y \u00fanicamente en un 2% del territorio, concentrado en las costas, es donde se asientan <strong>la mayor\u00eda de las Bases Ant\u00e1rticas de todos los pa\u00edses<\/strong>.<\/p>\n<p>En ese 2% del territorio es donde se dan las circunstancias adecuadas para que la fusi\u00f3n del hielo durante los tres meses del Verano Austral permita dejar al descubierto el suelo, y con ello la vida para los <strong>musgos y l\u00edquenes<\/strong> que constituyen pr\u00e1cticamente la <strong>\u00fanica forma de vida vegetal ant\u00e1rtica<\/strong>.<\/p>\n<p>&nbsp;<\/p>\n<p>&nbsp;<\/p>\n<div id=\"attachment_310\" style=\"width: 648px\" class=\"wp-caption aligncenter\"><a href=\"\/ciencia-facil\/wp-content\/uploads\/sites\/63\/2013\/05\/2.-Mapas-Argentina-y-Ant\u00e1rtida.jpg\"><img aria-describedby=\"caption-attachment-310\" loading=\"lazy\" class=\" wp-image-310 \" title=\"2.- Mapas Argentina y Ant\u00e1rtida\" src=\"\/ciencia-facil\/wp-content\/uploads\/sites\/63\/2013\/05\/2.-Mapas-Argentina-y-Ant\u00e1rtida.jpg\" alt=\"\" width=\"638\" height=\"395\" srcset=\"https:\/\/static-blogs.hoy.es\/wp-content\/uploads\/sites\/63\/2013\/05\/2.-Mapas-Argentina-y-Ant\u00e1rtida.jpg 798w, https:\/\/static-blogs.hoy.es\/wp-content\/uploads\/sites\/63\/2013\/05\/2.-Mapas-Argentina-y-Ant\u00e1rtida-300x186.jpg 300w, https:\/\/static-blogs.hoy.es\/wp-content\/uploads\/sites\/63\/2013\/05\/2.-Mapas-Argentina-y-Ant\u00e1rtida-768x475.jpg 768w\" sizes=\"(max-width: 638px) 100vw, 638px\" \/><\/a><p id=\"caption-attachment-310\" class=\"wp-caption-text\">Mapas de Argentina y de la Ant\u00e1rtida<\/p><\/div>\n<p>&nbsp;<\/p>\n<p>Para los expedicionarios ant\u00e1rticos espa\u00f1oles existen en esencia dos caminos para cubrir el <strong>trayecto entre Espa\u00f1a y la BAE<\/strong>, uno es <strong>v\u00eda Argentina<\/strong> y el otro <strong>v\u00eda Chile<\/strong>, en ambos caminos el &#8220;salto del charco&#8221; no ofrece muchas dificultades, ya que se trata de vuelos regulares entre Madrid y Buenos Aires o Santiago de Chile, y viceversa. Los problemas comienzan antes o despu\u00e9s de estos viajes regulares, cuando, como en el caso de mi primer viaje, <strong>las circunstancias se encargan de complicar las cosas<\/strong>.<\/p>\n<p>En este sentido me voy a tomar la licencia de relatar, casi en clave de humor, <strong>el comienzo del primero de mis viajes<\/strong>, en el que al llegar al aeropuerto de Madrid\/Barajas me encontr\u00e9 con uno de los gestores del Programa, que me inform\u00f3 de la desafortunada circunstancia de que, por fallos en el sistema log\u00edstico, <strong>se hab\u00eda quedado en tierra parte del material cient\u00edfico<\/strong> necesario para la campa\u00f1a, por lo que hab\u00eda que a\u00f1adir a mi equipaje personal dos enormes cajas met\u00e1licas, de unos 40 kilos en canal por caja, lo que a\u00f1adido a mi <strong>petate<\/strong> supon\u00eda 100 kilos de \u201cequipaje personal\u201d.<\/p>\n<p>A la vista de su tama\u00f1o y peso, <strong>intu\u00ed enseguida que &#8220;aquello&#8221; me iba a crear problemas, &#8230; y as\u00ed fue<\/strong>, ya que dio lugar a laboriosas ne\u00adgociaciones con los responsables de carga de los distintos aeropuertos, que fueron unos cuantos, \u00a0para convencerles de que &#8220;aquello&#8221; era una pro\u00adlongaci\u00f3n de mi equipaje personal y que deb\u00eda ser in\u00adcluido como tal, sin cargo.<\/p>\n<p>Y digo sin cargo porque al no estar previamente presupuestado <strong>cualquier coste adicional tendr\u00eda yo que asumirlo como propio<\/strong> \u00a1Y hasta ah\u00ed pod\u00edan llegar las cosas!<\/p>\n<p>Tras salir de Madrid en un lluvioso y desapacible d\u00eda de oto\u00f1o en nuestro Hemisferio Norte, la llegada a <strong>Buenos Aires<\/strong> en plena Primavera Austral, y los d\u00edas de espera en esa preciosa ciudad, la <strong>Reina del Plata<\/strong>, hasta poder comenzar el camino hacia el Sur, fueron un aut\u00e9ntico descanso.<\/p>\n<p><strong>Buenos Aires es una ciudad impresionante en muchos sentidos<\/strong>; la primera reacci\u00f3n para el europeo que la visita es la sensaci\u00f3n de serle familiar, porque en efecto Buenos Aires es <strong>tal vez la m\u00e1s europea de todas las ciudades no europeas<\/strong>, su urbanismo, las fachadas de sus edificios p\u00fablicos y privados, sus teatros, sus monumentos, sus plazas y jardines, y hasta el aspecto y costumbres de sus habitantes hacen pensar en <strong>Par\u00eds, Roma o Madrid<\/strong>.<\/p>\n<p>La fama mundial que tiene la carne de las vacas argentinas se confirma al entrar en cualquiera de los numerosos restaurantes de la <strong>Avenida 9 de julio<\/strong>, la m\u00e1s emblem\u00e1tica de la ciudad con su espectacular obelisco, o los de la famosa <strong>Avenida Corrientes<\/strong>, o <strong>Suipacha<\/strong>, o tantas otras con sus asadores criollos, en los que el asado de carne vacuna es el plato por excelencia.<\/p>\n<p>Muchos son los rincones de Buenos Aires cargados de recuerdos, con frecuencia unidos a letras de tangos que los hicieron famosos, as\u00ed ocurre con <strong>Caminito<\/strong>, una curiosa calleja de apenas 50 o 60 metros en pleno <strong>barrio de la Boca<\/strong>, con un colorido espectacular en las paredes, adornadas con esculturas y bajorrelieves de buen n\u00famero de artistas argentinos.<\/p>\n<p>&nbsp;<\/p>\n<p>&nbsp;<\/p>\n<div id=\"attachment_311\" style=\"width: 616px\" class=\"wp-caption aligncenter\"><a href=\"\/ciencia-facil\/wp-content\/uploads\/sites\/63\/2013\/05\/3.-Avenidas-9-de-julio-y-Corrientes-arriba-La-Boca-Caminito-abajo.jpg\"><img aria-describedby=\"caption-attachment-311\" loading=\"lazy\" class=\" wp-image-311 \" title=\"3.- Avenidas 9 de julio y Corrientes (arriba), La Boca, Caminito (abajo)\" src=\"\/ciencia-facil\/wp-content\/uploads\/sites\/63\/2013\/05\/3.-Avenidas-9-de-julio-y-Corrientes-arriba-La-Boca-Caminito-abajo.jpg\" alt=\"\" width=\"606\" height=\"478\" srcset=\"https:\/\/static-blogs.hoy.es\/wp-content\/uploads\/sites\/63\/2013\/05\/3.-Avenidas-9-de-julio-y-Corrientes-arriba-La-Boca-Caminito-abajo.jpg 758w, https:\/\/static-blogs.hoy.es\/wp-content\/uploads\/sites\/63\/2013\/05\/3.-Avenidas-9-de-julio-y-Corrientes-arriba-La-Boca-Caminito-abajo-300x236.jpg 300w\" sizes=\"(max-width: 606px) 100vw, 606px\" \/><\/a><p id=\"caption-attachment-311\" class=\"wp-caption-text\">BUENOS AIRES (Arriba: Avenidas Corrientes y 9 de julio; Abajo: Barrio de la Boca y Caminito)<\/p><\/div>\n<p>&nbsp;<\/p>\n<p>Desde Buenos Aires, fui dirigi\u00e9ndome hacia el sur enlazando <strong>una serie de vuelos dom\u00e9sticos<\/strong>, pasando por <strong>Bah\u00eda Blanca<\/strong>, <strong>Rawson<\/strong>, <strong>Comodoro Rivadavia<\/strong>, <strong>R\u00edo Gallegos<\/strong>, <strong>R\u00edo Grande<\/strong> y <strong>Ushuaia<\/strong>, llegando por fin, tras m\u00faltiples complicaciones en cada uno de los aeropuertos, con largas y tediosas explicaciones a los responsables para que colara como \u201cbultos de mano\u201d mi enorme y pesado equipaje.<\/p>\n<p>Tampoco fueron peque\u00f1as las discusiones con los taxistas, que se resist\u00edan a meter aquello en sus coches, simplemente porque no cab\u00eda dentro y hab\u00eda que llevarlo atado por fuera de mala manera, con el personal de Aduanas que\u2026, etc., etc.; pero finalmente llegu\u00e9 a la pintoresca poblaci\u00f3n de <strong>Ushuaia<\/strong>, que ostenta orgullosamente el t\u00edtulo de la <strong>ciudad m\u00e1s austral del mundo<\/strong>, al encontrarse en la <strong>Tierra del Fuego<\/strong>, al sur de la<strong> Patagonia<\/strong><strong><\/strong>.<\/p>\n<p>En Ushuaia, pude por fin enlazar con otros dos expedicionarios ant\u00e1rticos espa\u00f1oles para embarcar en el <strong>Buque Oceanogr\u00e1fico Las Palmas<\/strong>, en el que zarpar\u00edamos hacia la Ant\u00e1rtida.<\/p>\n<p>Al embarcar tuvimos que &#8220;acomodarnos&#8221; <strong>16 personas<\/strong>, de distintas procedencias y con diferentes destinos, en un \u00fanico camarote con <strong>9 literas<\/strong> (tres columnas de tres), de forma que <strong>procedimos a sortearlas<\/strong>.<\/p>\n<p>Aunque con cierta pena, <strong>que se me pas\u00f3 enseguida<\/strong>, por los siete compa\u00f1eros de viaje que no tuvieron suerte en el sorteo y se vieron obligados a dormir sobre sus propios equipajes, yo <strong>pude disponer de una litera<\/strong> a la que atarme para evitar as\u00ed ser echado al suelo en alguno de los bandazos del barco, puesto que ten\u00edamos ante nosotros el cruce del <strong>Canal de Beagle<\/strong>, el <strong>Cabo de Hornos<\/strong> y el temido <strong>Paso del Drake<\/strong>, con un <strong>mar permanentemente revuelto, donde los temporales son pr\u00e1cticamente inevitables<\/strong>.<\/p>\n<p>En ese sentido, nos tranquilizaba el hecho de que el <strong>Las Palmas era un buque casi tan insumergible como una boya<\/strong>, pero por la misma raz\u00f3n <strong>sus movimientos eran tambi\u00e9n como los de una boya<\/strong>.<\/p>\n<p>Con sus <strong>41 metros de eslora (largo) y 11.5 metros de manga (ancho)<\/strong>, este peque\u00f1o buque hab\u00eda sido un antiguo <strong>remolcador de altura<\/strong>, es decir que no era un buque ant\u00e1rtico, ni un rompehielos, a lo m\u00e1s a lo m\u00e1s podr\u00eda ser considerado <strong>un &#8220;empuja-hielos&#8221;<\/strong>, en palabras del propio capit\u00e1n del buque.<\/p>\n<p>Sin embargo, a pesar de sus limitaciones y achaques, <strong>todos los que alguna vez navegamos en \u00e9l conservamos un especial cari\u00f1o por ese flotador nato<\/strong>.<\/p>\n<p>En la actualidad el <strong>BIO<\/strong> (Buque de Investigaci\u00f3n Oceanogr\u00e1fica) <strong>&#8220;Hesp\u00e9rides&#8221;<\/strong>, es el que transporta y da apoyo log\u00edstico a los expedicionarios ant\u00e1rticos, disponiendo de un tama\u00f1o y capacidad que duplican las del anterior, y estando dotado de los m\u00e1s sofisticados equipos de ayuda a la navegaci\u00f3n, con lo que claramente ha dejado peque\u00f1o en todos los sentidos al humilde <strong>BIO A-52 Las Palmas<\/strong>.<\/p>\n<p>Sin embargo, aqu\u00ed <strong>entre nosotros y sin que nadie se entere<\/strong>, en mi opini\u00f3n los viajes en el viejo Las Palmas eran <strong>mucho m\u00e1s marineros<\/strong>, no s\u00e9\u2026 <strong>mucho m\u00e1s de expedici\u00f3n ant\u00e1rtica<\/strong>.<\/p>\n<p>&nbsp;<\/p>\n<p>&nbsp;<\/p>\n<a href=\"\/ciencia-facil\/wp-content\/uploads\/sites\/63\/2013\/05\/4.-BIO-Las-Palmas-A-52.jpg\"><img loading=\"lazy\" class=\" wp-image-312 \" title=\"4.- BIO Las Palmas A-52\" src=\"\/ciencia-facil\/wp-content\/uploads\/sites\/63\/2013\/05\/4.-BIO-Las-Palmas-A-52.jpg\" alt=\"\" width=\"617\" height=\"256\" srcset=\"https:\/\/static-blogs.hoy.es\/wp-content\/uploads\/sites\/63\/2013\/05\/4.-BIO-Las-Palmas-A-52.jpg 771w, https:\/\/static-blogs.hoy.es\/wp-content\/uploads\/sites\/63\/2013\/05\/4.-BIO-Las-Palmas-A-52-300x125.jpg 300w, https:\/\/static-blogs.hoy.es\/wp-content\/uploads\/sites\/63\/2013\/05\/4.-BIO-Las-Palmas-A-52-768x319.jpg 768w\" sizes=\"(max-width: 617px) 100vw, 617px\" \/><\/a>\n<p>&nbsp;<\/p>\n<p>Cuatro d\u00edas tardamos en recorrer los algo m\u00e1s de <strong>mil doscientos kil\u00f3metros que separan Ushuaia de las Shetland del Sur<\/strong>, durante los cuales lo \u00fanico que vimos, aparte de las olas, fueron <strong>icebergs de todos los tama\u00f1os y formas<\/strong>, los primeros de \u00e9stos t\u00e9mpanos de hielo a la deriva que avistamos eran de peque\u00f1as dimensiones, pero despu\u00e9s fuimos encontrando ejemplares, cuyas dimensiones superaban los 200 o 300 metros de largo, con una altura sobre el nivel del agua de unos 30 a 40 metros, lo que indicaba que su altura total, incluyendo la parte sumergida, pod\u00eda ser del orden de los 250 metros. Por supuesto todos ellos <strong>enormemente mayores que el humilde BIO Las Palmas A-52<\/strong>.<\/p>\n<p>Finalmente empezamos a vislumbrar en el horizonte, adem\u00e1s de los hielos a la deriva, otros hielos fijos, soportados por las islas que forman el contorno de la Pen\u00ednsula Ant\u00e1rtica, con lo que muy pronto <strong>entramos en decepci\u00f3n<\/strong>, quiero decir que entramos en el cr\u00e1ter de la <strong>Isla Decepci\u00f3n<\/strong>, donde\u2026 Bueno \u00a1Ya les contar\u00e9!<\/p>\n<p><strong><a href=\"https:\/\/www.google.es\/?gfe_rd=cr&#038;ei=hn88Vv6TPIjCbOOKvdgG&#038;gws_rd=ssl#q=Adolfo+Marroqu%C3%ADn+Santo%C3%B1a\"><span style=\"color: #0000ff;\">Adolfo Marroqu\u00edn Santo\u00f1a<\/span><\/a><\/strong><\/p>\n<!-- AddThis Advanced Settings generic via filter on the_content --><!-- AddThis Share Buttons generic via filter on the_content -->","protected":false},"excerpt":{"rendered":"<p>&nbsp; En septiembre de 1988, Espa\u00f1a es aceptada como Miembro Consultivo del Tratado Ant\u00e1rtico, poni\u00e9ndose en marcha, dentro del Plan Nacional de Investigaci\u00f3n, un Programa Nacional de Investigaci\u00f3n Ant\u00e1rtica, cuyo objetivo fundamental es la coordinaci\u00f3n de los distintos proyectos de investigaci\u00f3n, as\u00ed como proporcionar el respaldo econ\u00f3mico y log\u00edstico necesario para la materializaci\u00f3n de los [&hellip;]<!-- AddThis Advanced Settings generic via filter on get_the_excerpt --><!-- AddThis Share Buttons generic via filter on get_the_excerpt --><\/p>\n","protected":false},"author":69,"featured_media":0,"comment_status":"open","ping_status":"closed","sticky":false,"template":"","format":"standard","meta":[],"categories":[4,7],"tags":[103,120,149,150,162,163,164,174,178,193,213,217,219,240,247,298,353,382,559,733,766,806,822,824,867,880,908,1004,1124,1126,1258,1284,1305,1306,1342,1369,1413,1465,1482,1517],"_links":{"self":[{"href":"https:\/\/blogs.hoy.es\/ciencia-facil\/wp-json\/wp\/v2\/posts\/308"}],"collection":[{"href":"https:\/\/blogs.hoy.es\/ciencia-facil\/wp-json\/wp\/v2\/posts"}],"about":[{"href":"https:\/\/blogs.hoy.es\/ciencia-facil\/wp-json\/wp\/v2\/types\/post"}],"author":[{"embeddable":true,"href":"https:\/\/blogs.hoy.es\/ciencia-facil\/wp-json\/wp\/v2\/users\/69"}],"replies":[{"embeddable":true,"href":"https:\/\/blogs.hoy.es\/ciencia-facil\/wp-json\/wp\/v2\/comments?post=308"}],"version-history":[{"count":0,"href":"https:\/\/blogs.hoy.es\/ciencia-facil\/wp-json\/wp\/v2\/posts\/308\/revisions"}],"wp:attachment":[{"href":"https:\/\/blogs.hoy.es\/ciencia-facil\/wp-json\/wp\/v2\/media?parent=308"}],"wp:term":[{"taxonomy":"category","embeddable":true,"href":"https:\/\/blogs.hoy.es\/ciencia-facil\/wp-json\/wp\/v2\/categories?post=308"},{"taxonomy":"post_tag","embeddable":true,"href":"https:\/\/blogs.hoy.es\/ciencia-facil\/wp-json\/wp\/v2\/tags?post=308"}],"curies":[{"name":"wp","href":"https:\/\/api.w.org\/{rel}","templated":true}]}}