{"id":340,"date":"2013-06-25T12:48:50","date_gmt":"2013-06-25T11:48:50","guid":{"rendered":"http:\/\/blogs.hoy.es\/ciencia-facil\/?p=340"},"modified":"2013-06-25T12:48:50","modified_gmt":"2013-06-25T11:48:50","slug":"ojos-que-dicen-cosas","status":"publish","type":"post","link":"https:\/\/blogs.hoy.es\/ciencia-facil\/2013\/06\/25\/ojos-que-dicen-cosas\/","title":{"rendered":"Ojos que dicen cosas"},"content":{"rendered":"<p><a href=\"\/ciencia-facil\/wp-content\/uploads\/sites\/63\/2013\/06\/1.-Tres-miradas.jpg\"><img loading=\"lazy\" class=\" wp-image-341\" title=\"1.- Tres miradas\" src=\"\/ciencia-facil\/wp-content\/uploads\/sites\/63\/2013\/06\/1.-Tres-miradas.jpg\" alt=\"\" width=\"574\" height=\"398\" srcset=\"https:\/\/static-blogs.hoy.es\/wp-content\/uploads\/sites\/63\/2013\/06\/1.-Tres-miradas.jpg 798w, https:\/\/static-blogs.hoy.es\/wp-content\/uploads\/sites\/63\/2013\/06\/1.-Tres-miradas-300x208.jpg 300w, https:\/\/static-blogs.hoy.es\/wp-content\/uploads\/sites\/63\/2013\/06\/1.-Tres-miradas-768x532.jpg 768w\" sizes=\"(max-width: 574px) 100vw, 574px\" \/><\/a><\/p>\n<div class=\"mceTemp mceIEcenter\" style=\"text-align: center;\">\n<dl id=\"attachment_343\" class=\"wp-caption aligncenter\" style=\"width: 648px;\">\n<dd class=\"wp-caption-dd\"><span style=\"color: #0000ff;\"><strong>Ojos y miradas, bellos e inquietantes a la vez<\/strong><\/span><\/dd>\n<\/dl>\n<\/div>\n<p>&nbsp;<\/p>\n<p align=\"center\"><span style=\"font-size: medium;\"><strong><em>Ojos claros, serenos,<br \/>\nsi de un dulce mirar sois alabados,<br \/>\n\u00bfpor qu\u00e9, si me mir\u00e1is, mir\u00e1is airados?<br \/>\nSi cuanto m\u00e1s piadosos,<br \/>\nm\u00e1s bellos parec\u00e9is a aquel que os mira,<br \/>\nno me mir\u00e9is con ira,<br \/>\nporque no parezc\u00e1is menos hermosos.<br \/>\n\u00a1Ay tormentos rabiosos!<br \/>\nOjos claros, serenos,<br \/>\nya que as\u00ed me mir\u00e1is, miradme al menos.<\/em><\/strong><\/span><\/p>\n<p>&nbsp;<\/p>\n<p>Este madrigal del <strong>magn\u00edfico poeta sevillano<\/strong>, del Siglo de Oro espa\u00f1ol, <strong>Gutierre de Cetina<\/strong>, se refiere a los ojos de una <strong>bella dama de nombre Laura<\/strong>, ojos que eran con seguridad de una enorme belleza, puesto que inspiraron tan hermoso madrigal.<\/p>\n<p>Sin duda los ojos de los que voy a hablar en este post no hubieran despertado en el poeta tan bellos sentimientos, <strong>pero yo creo que merecen tambi\u00e9n unas l\u00edneas<\/strong>. Las miradas de muchos de los animales con los que compartimos la vida en el planeta Tierra son con frecuencia <strong>inquietantes<\/strong>, a veces <strong>amenazantes<\/strong>, como es el caso de los grandes felinos o algunas aves de presa, otras <strong>inexpresivas<\/strong> como las de muchos reptiles, otras veces <strong>atractivas<\/strong> pero <strong>desconcertantes<\/strong> como las de nuestras mascotas, en cuyos ojos <strong>podemos llegar a ver hasta su estado de \u00e1nimo<\/strong>.<\/p>\n<p>En la mayor\u00eda de los casos cuando se trata de animales de un cierto tama\u00f1o, la mirada del animal va acompa\u00f1ada del gesto que expresa su cara, de la postura que adopta su cuerpo, y otras componentes. Pero <strong>si bajamos a escala de los animales muy peque\u00f1os<\/strong>, como podr\u00edan ser <strong>los insectos<\/strong>, encontramos que <strong><span style=\"text-decoration: underline;\">el enigma se traslada de la mirada al ojo<\/span><\/strong>, o para ser m\u00e1s exactos <strong>a sus muchos ojos<\/strong>.<\/p>\n<div class=\"mceTemp\" style=\"text-align: center;\">\n<dl id=\"attachment_342\" class=\"wp-caption alignleft\" style=\"width: 330px;\">\n<dt class=\"wp-caption-dt\"><a href=\"\/ciencia-facil\/wp-content\/uploads\/sites\/63\/2013\/06\/2.-ojo-compuesto-y-omatidios.jpg\"><img loading=\"lazy\" class=\" wp-image-342 \" title=\"2.- ojo-compuesto-y-omatidios\" src=\"\/ciencia-facil\/wp-content\/uploads\/sites\/63\/2013\/06\/2.-ojo-compuesto-y-omatidios.jpg\" alt=\"\" width=\"320\" height=\"624\" srcset=\"https:\/\/static-blogs.hoy.es\/wp-content\/uploads\/sites\/63\/2013\/06\/2.-ojo-compuesto-y-omatidios.jpg 400w, https:\/\/static-blogs.hoy.es\/wp-content\/uploads\/sites\/63\/2013\/06\/2.-ojo-compuesto-y-omatidios-154x300.jpg 154w\" sizes=\"(max-width: 320px) 100vw, 320px\" \/><\/a><\/dt>\n<dd class=\"wp-caption-dd\"><span style=\"color: #0000ff;\"><strong>Ojo compuesto, semiesf\u00e9rico y con las facetas hexagonales de los omatidios.<\/strong><\/span><\/dd>\n<\/dl>\n<\/div>\n<p>Se puede decir que <strong>los insectos no tienen dos ojos, sino literalmente miles de ojos<\/strong>, en los que cada pieza del mosaico que forman, dispone de su equipamiento \u00f3ptico, de manera que cada pieza recoge un punto de la imagen, y las <strong>numerosas piezas<\/strong> que est\u00e1n extendidas sobre una <strong>superficie semiesf\u00e9rica<\/strong>, componen la imagen total de lo que se est\u00e1 observando. <strong>Cada una de las piezas<\/strong> que juntas forman los ojos compuestos se denomina <strong>omatidio<\/strong> y la superficie externa de los omatidios, habitualmente de <strong>forma hexagonal<\/strong>, se denomina <strong>faceta<\/strong>.<\/p>\n<p>Como consecuencia, si lo comparamos con el ojo humano, el <strong>ojo compuesto<\/strong> del insecto puede cubrir un \u00e1ngulo m\u00e1s grande de visi\u00f3n, pero por otra parte el ojo compuesto no tiene una lente central o retina, por lo que tiene el <strong>inconveniente de una baja resoluci\u00f3n<\/strong> de la imagen, ahora bien este tipo de ojos presenta en cambio una serie de ventajas para el animal como el ser <strong>capaz de detectar movimientos r\u00e1pidos<\/strong>, que resultar\u00e1 muy interesante para los cazadores y tambi\u00e9n para los cazados.<\/p>\n<p>Otra ventaja es la de abarcar en la visi\u00f3n un amplio <strong>\u00e1ngulo s\u00f3lido<\/strong> es decir que el ojo compuesto de un animal abarca con su mirada mucho m\u00e1s espacio que el ojo humano. Y es tambi\u00e9n muy \u00fatil en algunos casos la propiedad de <strong>distinguir la luz polarizada<\/strong>, es decir distinguir en qu\u00e9 plano est\u00e1 contenida la onda luminosa, lo que <strong>aporta informaci\u00f3n sobre la fuente de la que procede<\/strong>. Esto \u00faltimo permite por ejemplo los <strong>vuelos de precisi\u00f3n de las abejas<\/strong>, esencial en sus idas y venidas a la colmena, ya que al volar bajo luz solar cada abeja puede referir a la posici\u00f3n del <strong>Sol<\/strong> su propia posici\u00f3n, as\u00ed como la orientaci\u00f3n de sus vuelos y las distancias.<\/p>\n<p>En <strong>los ojos compuestos<\/strong>, cada omatidio est\u00e1 aislado de los dem\u00e1s y s\u00f3lo la luz que incide en la direcci\u00f3n del eje longitudinal es detectada por las <strong>c\u00e9lulas foto-receptoras<\/strong>, las cuales generan un \u00fanico elemento de imagen, un <strong>p\u00edxel<\/strong>, que se combina en el cerebro con el del resto de las informaciones de los dem\u00e1s omatidios para <strong>componer la imagen del conjunto<\/strong>.<\/p>\n<p>Por ejemplo en el <strong>caso de la abeja<\/strong> su cabeza, que tiene forma de tri\u00e1ngulo invertido, alberga el \u00f3rgano de la visi\u00f3n que est\u00e1 formado por <strong>tres ojos simples y dos ojos compuestos<\/strong>. Los tres ojos simples son muy peque\u00f1os y est\u00e1n situados en la parte superior de la cabeza, entre los dos ojos compuestos, que son mucho m\u00e1s grandes, y est\u00e1n situados a los lados.<\/p>\n<p>Con <strong>los ojos simples<\/strong> la abeja puede <strong>ver a corta distancia<\/strong>, y tambi\u00e9n puede ver, en condiciones de casi oscuridad, en el <strong>interior de la colmena<\/strong>. Estos ojos <strong>son \u00f3rganos sensibles a la intensidad de luz<\/strong> y son <strong>utilizados por las abejas<\/strong> como <strong>fot\u00f3metros<\/strong>, determinando el principio y fin de su jornada laboral.<\/p>\n<p>&nbsp;<\/p>\n<div class=\"mceTemp mceIEcenter\" style=\"text-align: center;\">\n<dl id=\"attachment_343\" class=\"wp-caption aligncenter\" style=\"width: 580px; height: 265px;\">\n<dt class=\"wp-caption-dt\"><a href=\"\/ciencia-facil\/wp-content\/uploads\/sites\/63\/2013\/06\/3.-Cabeza-de-abeja-Flor-VIS-y-UV.jpg\"><img loading=\"lazy\" class=\" wp-image-343   \" style=\"width: 601px; height: 212px;\" title=\"3.- Cabeza de abeja - Flor VIS y UV\" src=\"\/ciencia-facil\/wp-content\/uploads\/sites\/63\/2013\/06\/3.-Cabeza-de-abeja-Flor-VIS-y-UV.jpg\" alt=\"\" width=\"498\" height=\"162\" srcset=\"https:\/\/static-blogs.hoy.es\/wp-content\/uploads\/sites\/63\/2013\/06\/3.-Cabeza-de-abeja-Flor-VIS-y-UV.jpg 777w, https:\/\/static-blogs.hoy.es\/wp-content\/uploads\/sites\/63\/2013\/06\/3.-Cabeza-de-abeja-Flor-VIS-y-UV-300x97.jpg 300w, https:\/\/static-blogs.hoy.es\/wp-content\/uploads\/sites\/63\/2013\/06\/3.-Cabeza-de-abeja-Flor-VIS-y-UV-768x249.jpg 768w\" sizes=\"(max-width: 498px) 100vw, 498px\" \/><\/a><\/dt>\n<dd class=\"wp-caption-dd\"><span style=\"color: #0000ff;\"><strong>Cabeza de abeja, mostrando sus dos ojos compuestos laterales y sus tres ojos simples en la parte superior. Vista de la flor (izqda.) en el espectro visible y (drcha.) en el ultravioleta.<\/strong><\/span><\/dd>\n<\/dl>\n<\/div>\n<p>&nbsp;<\/p>\n<p>Los dos ojos compuestos est\u00e1n formados por numerosos <strong>omatidios hexagonales<\/strong>, cada uno de los cuales puede ser considerado como <strong>un ojo simple elemental<\/strong>, siendo el n\u00famero de estos ojos variable para cada una de las categor\u00edas que componen el enjambre de la colmena, as\u00ed hay 3.000 en la <strong>reina<\/strong>, 6.000 en la <strong>obrera<\/strong> y 13.000 en el <strong>z\u00e1ngano<\/strong>.<br \/>\nEn cuanto a su <strong>visi\u00f3n de los colores<\/strong>, la abeja es <strong>ciega para el color rojo, pero puede ver perfectamente el ultravioleta<\/strong>, que nosotros los humanos no distinguimos. Aunque es ciega al rojo, puede detectar algunas flores de ese color, si esas flores reflejan el ultravioleta, pero si no lo reflejan las abejas las ver\u00e1n como negras.<\/p>\n<p>En la parte derecha de la imagen se muestra c\u00f3mo ven las cosas los insectos, a la izquierda la flor observada con <strong>luz visible<\/strong>, a la derecha la misma flor observada con <strong>luz ultravioleta<\/strong>, que es como la ver\u00eda cualquier insecto con sus ojos compuestos. Puede que la imagen pierda belleza, pero se aprecian detalles que los seres humanos no podemos ver y que <strong>son para el insecto mucho m\u00e1s importantes que la belleza<\/strong>, por ejemplo las marcas que indican al insecto la zona de la flor donde se encuentra el polen,\u00a0 para <strong>guiar a los insectos polinizadores<\/strong>.<\/p>\n<p>Podr\u00edamos decir que <strong>la naturaleza ha optado por lo \u00fatil frente a lo bello<\/strong>, pero lo cierto es que <strong>ha reservado la belleza<\/strong> para las ondas luminosas que nosotros podemos apreciar con nuestros pobres ojos humanos, que son las ondas <strong>del espectro visible<\/strong>, dejando patente con ello que <strong>al ser humano le inspira m\u00e1s la belleza que la utilidad<\/strong>, sobre todo si el ser humano es <strong>poeta<\/strong>, es <strong>admirador de Laura<\/strong> y adem\u00e1s <strong>quiere dedicarle un madrigal<\/strong>.<\/p>\n<p><strong><a href=\"https:\/\/www.google.es\/?gfe_rd=cr&#038;ei=hn88Vv6TPIjCbOOKvdgG&#038;gws_rd=ssl#q=Adolfo+Marroqu%C3%ADn+Santo%C3%B1a\"><span style=\"color: #0000ff;\">Adolfo Marroqu\u00edn Santo\u00f1a<\/span><\/a><\/strong><\/p>\n<!-- AddThis Advanced Settings generic via filter on the_content --><!-- AddThis Share Buttons generic via filter on the_content -->","protected":false},"excerpt":{"rendered":"<p>Ojos y miradas, bellos e inquietantes a la vez &nbsp; Ojos claros, serenos, si de un dulce mirar sois alabados, \u00bfpor qu\u00e9, si me mir\u00e1is, mir\u00e1is airados? Si cuanto m\u00e1s piadosos, m\u00e1s bellos parec\u00e9is a aquel que os mira, no me mir\u00e9is con ira, porque no parezc\u00e1is menos hermosos. \u00a1Ay tormentos rabiosos! Ojos claros, serenos, [&hellip;]<!-- AddThis Advanced Settings generic via filter on get_the_excerpt --><!-- AddThis Share Buttons generic via filter on get_the_excerpt --><\/p>\n","protected":false},"author":69,"featured_media":0,"comment_status":"open","ping_status":"closed","sticky":false,"template":"","format":"standard","meta":[],"categories":[3,9],"tags":[14,92,280,350,596,620,635,735,794,893,900,965,1016,1026,1050,1058,1059,1060,1068,1164,1166,1283,1314,1388,1463,1506,1584],"_links":{"self":[{"href":"https:\/\/blogs.hoy.es\/ciencia-facil\/wp-json\/wp\/v2\/posts\/340"}],"collection":[{"href":"https:\/\/blogs.hoy.es\/ciencia-facil\/wp-json\/wp\/v2\/posts"}],"about":[{"href":"https:\/\/blogs.hoy.es\/ciencia-facil\/wp-json\/wp\/v2\/types\/post"}],"author":[{"embeddable":true,"href":"https:\/\/blogs.hoy.es\/ciencia-facil\/wp-json\/wp\/v2\/users\/69"}],"replies":[{"embeddable":true,"href":"https:\/\/blogs.hoy.es\/ciencia-facil\/wp-json\/wp\/v2\/comments?post=340"}],"version-history":[{"count":0,"href":"https:\/\/blogs.hoy.es\/ciencia-facil\/wp-json\/wp\/v2\/posts\/340\/revisions"}],"wp:attachment":[{"href":"https:\/\/blogs.hoy.es\/ciencia-facil\/wp-json\/wp\/v2\/media?parent=340"}],"wp:term":[{"taxonomy":"category","embeddable":true,"href":"https:\/\/blogs.hoy.es\/ciencia-facil\/wp-json\/wp\/v2\/categories?post=340"},{"taxonomy":"post_tag","embeddable":true,"href":"https:\/\/blogs.hoy.es\/ciencia-facil\/wp-json\/wp\/v2\/tags?post=340"}],"curies":[{"name":"wp","href":"https:\/\/api.w.org\/{rel}","templated":true}]}}