{"id":370,"date":"2013-08-16T12:37:07","date_gmt":"2013-08-16T11:37:07","guid":{"rendered":"http:\/\/blogs.hoy.es\/ciencia-facil\/?p=370"},"modified":"2013-08-16T12:37:07","modified_gmt":"2013-08-16T11:37:07","slug":"los-jaleos-del-agua","status":"publish","type":"post","link":"https:\/\/blogs.hoy.es\/ciencia-facil\/2013\/08\/16\/los-jaleos-del-agua\/","title":{"rendered":"Los Jameos y los Jaleos del Agua"},"content":{"rendered":"<div class=\"mceTemp mceIEcenter\" style=\"text-align: center;\">\n<dl id=\"attachment_371\" class=\"wp-caption aligncenter\" style=\"width: 617px; height: 261px;\">\n<dt class=\"wp-caption-dt\"><span style=\"font-size: large;\"><a href=\"\/ciencia-facil\/wp-content\/uploads\/sites\/63\/2013\/08\/1.-Jameos-y-Jaleos-del-Agua.jpg\"><img loading=\"lazy\" class=\" wp-image-371  \" style=\"width: 621px; height: 213px;\" title=\"1.- Jameos y Jaleos del Agua\" src=\"\/ciencia-facil\/wp-content\/uploads\/sites\/63\/2013\/08\/1.-Jameos-y-Jaleos-del-Agua.jpg\" alt=\"\" width=\"496\" height=\"167\" \/><\/a><\/span><\/dt>\n<dd class=\"wp-caption-dd\"><span style=\"color: #0000ff; font-size: large;\"><strong>(<span style=\"text-decoration: underline;\">Izqda<\/span>.).- Los Jameos del Agua, Lanzarote (Islas Canarias).\u00a0\u00a0\u00a0 (<span style=\"text-decoration: underline;\">Drcha<\/span>.).- Los Jaleos del Agua, consecuencia de las sequ\u00edas.<\/strong><\/span><\/dd>\n<\/dl>\n<\/div>\n<p><span style=\"font-size: large;\"><span style=\"font-family: Times New Roman;\">\u00a0<\/span><span style=\"font-family: Times New Roman;\">No, no me he equivocado al poner el t\u00edtulo para este art\u00edculo, he escrito <strong>jameos<\/strong> y <\/span><\/span><span style=\"font-size: large;\"><span style=\"font-family: Times New Roman;\"><span style=\"font-size: large;\"><span style=\"font-family: Times New Roman;\"><strong>jaleos<\/strong><\/span><\/span> , porque ambos, tanto <strong>\u201cLos Jameos del Agua\u201d<\/strong> como lo que he denominado <strong>\u201cLos Jaleos del Agua\u201d<\/strong>, son obra de la <strong>Naturaleza<\/strong>, aunque lo cierto es que eso es lo \u00fanico que tienen en com\u00fan.<\/span><\/span><\/p>\n<p><span style=\"font-size: large;\"><span style=\"font-family: Times New Roman;\"><strong>\u201cLos Jameos del Agua\u201d<\/strong> est\u00e1n producidos por el hundimiento del techo de un tubo de lava volc\u00e1nico, lo que es una magn\u00edfica obra natural, en este caso remarcada y resaltada por el artista lanzarote\u00f1o <strong>C\u00e9sar Manrique<\/strong>, que deben ustedes visitar si tienen la ocasi\u00f3n de acercarse a <strong>Lanzarote<\/strong>, una de esas islas afortunadas que son nuestras <strong>Islas Canarias<\/strong>. Pero lo que yo quiero ahora comentar aqu\u00ed con lo de <strong>\u201cLos Jaleos del Agua\u201d<\/strong> es la serie de <strong>conflictos potenciales<\/strong> a los que nos puede llevar la <strong>escasez futura de ese elemento<\/strong>.<\/span><\/span><\/p>\n<p><span style=\"font-size: large;\"><span style=\"font-family: Times New Roman;\">El volumen total de agua que participa en el <strong>ciclo hidrol\u00f3gico<\/strong> es de <strong>1 386 millones de kil\u00f3metros c\u00fabicos<\/strong>, que puede parecernos una cantidad enorme y de hecho lo es, pero debemos tener en cuenta que de esa cantidad el 97,52 % es agua salada, el 2,24 % es agua dulce almacenada en forma de hielo en la Ant\u00e1rtida y en las aguas subterr\u00e1neas profundas y <strong>\u201csolamente\u201d el 0,24% es agua dulce accesible para el consumo<\/strong>, que es la que se encuentra en los lagos, embalses, suelos y acu\u00edferos poco profundos.<\/span><\/span><\/p>\n<p><span style=\"font-size: large;\"><span style=\"font-family: Times New Roman;\"><strong>Esta m\u00ednima fracci\u00f3n de agua dulce accesible<\/strong> constituye el principal componente de nuestros recursos h\u00eddricos, dependiendo directamente su cuant\u00eda de la precipitaci\u00f3n y del deshielo de los glaciares de algunas zonas, y <strong>es la \u00fanica fuente disponible del ciclo hidrol\u00f3gico<\/strong> para nuestro uso y consumo.<\/span><\/span><\/p>\n<p><span style=\"font-size: large;\"><span style=\"font-family: Times New Roman;\">\u00a0<\/span><span style=\"font-family: Times New Roman;\">\u00a0<\/span><\/span><\/p>\n<div class=\"mceTemp mceIEcenter\" style=\"text-align: center;\">\n<dl id=\"attachment_372\" class=\"wp-caption aligncenter\" style=\"width: 591px; height: 331px;\">\n<dt class=\"wp-caption-dt\"><span style=\"font-size: large;\"><a href=\"\/ciencia-facil\/wp-content\/uploads\/sites\/63\/2013\/08\/2.-Volumen-de-agua-y-ciclo-hidrol\u00f3gico.jpg\"><img loading=\"lazy\" class=\" wp-image-372 \" style=\"width: 597px; height: 302px;\" title=\"2.- Volumen de agua y ciclo hidrol\u00f3gico\" src=\"\/ciencia-facil\/wp-content\/uploads\/sites\/63\/2013\/08\/2.-Volumen-de-agua-y-ciclo-hidrol\u00f3gico.jpg\" alt=\"\" width=\"494\" height=\"250\" \/><\/a><\/span><\/dt>\n<dd class=\"wp-caption-dd\"><span style=\"color: #0000ff; font-size: large;\"><strong>Ciclo Hidrol\u00f3gico Global y porcentajes de agua planetaria que intervienen<\/strong><\/span><\/dd>\n<\/dl>\n<\/div>\n<p>&nbsp;<\/p>\n<p><span style=\"font-size: large;\"><span style=\"font-family: Times New Roman;\">La <strong>Uni\u00f3n Europea<\/strong> a trav\u00e9s de su <strong>Servicio de Informaci\u00f3n (CORDIS)<\/strong>, dentro del <strong>proyecto WATH<\/strong>, nos aporta una <strong>primera evaluaci\u00f3n del ciclo hidrol\u00f3gico mundial<\/strong>, permiti\u00e9ndonos conocer mejor el ciclo del agua y ampliando los conocimientos sobre los <strong>impactos del cambio clim\u00e1tico en el ciclo hidrol\u00f3gico<\/strong>. El proyecto se\u00f1ala que <strong>para poder gestionar los recursos h\u00eddricos con eficacia<\/strong> durante los pr\u00f3ximos a\u00f1os, <strong>hay que empezar a introducir cambios ya<\/strong>.<\/span><\/span><\/p>\n<p><span style=\"font-size: large;\"><span style=\"font-family: Times New Roman;\">El desequilibrio entre la demanda y la disponibilidad de agua nos ha llevado a un punto delicado en muchas zonas de Europa, donde han ido increment\u00e1ndose la aridez y la frecuencia de las sequ\u00edas. <strong>Es casi seguro que en el futuro el cambio clim\u00e1tico agudizar\u00e1 estos impactos da\u00f1inos<\/strong>, puesto que a lo largo del presente siglo <strong>se prev\u00e9n sequ\u00edas m\u00e1s frecuentes e intensas en toda Europa<\/strong> y en los pa\u00edses vecinos.<\/span><\/span><\/p>\n<p><span style=\"font-size: large;\"><span style=\"font-family: Times New Roman;\">Un estudio sobre la sequ\u00eda, financiado por la <strong>Uni\u00f3n Europea<\/strong>, ofrece una serie de orientaciones y recomendaciones encaminadas a <strong>preparar a Europa para ese clima futuro<\/strong>, tal como lo prev\u00e9n los modelos clim\u00e1ticos. Cada vez m\u00e1s a menudo se oye que en el futuro <strong>el agua<\/strong> reemplazar\u00e1 al petr\u00f3leo como <strong>recurso natural de mayor importancia<\/strong>, lleg\u00e1ndose a afirmar que su escasez <strong>ser\u00e1 motivo de guerras civiles e internacionales<\/strong>.<\/span><\/span><\/p>\n<p><span style=\"font-size: large;\"><span style=\"font-family: Times New Roman;\">El <strong>Banco Mundial<\/strong> ha informado que existen ochenta pa\u00edses donde <strong>la escasez de agua amenaza la salud, la econom\u00eda e incluso la estabilidad de la paz en el futuro<\/strong>. El agua destinada al riego representa aproximadamente dos tercios de toda el agua utilizada, aunque esta proporci\u00f3n var\u00eda enormemente, entre pa\u00edses donde ese uso del agua es m\u00ednimo, como el Reino Unido, y pa\u00edses como la India, donde es de aproximadamente un 80 % del total.<\/span><\/span><\/p>\n<p><span style=\"font-size: large;\"><span style=\"font-family: Times New Roman;\">Algo que a los espa\u00f1oles nos suena mucho cuando se habla de la lamentable situaci\u00f3n socioecon\u00f3mica actual, es que hemos llegado a ella, seg\u00fan dicen, porque hemos vivido por encima de nuestras posibilidades; pues bien, la <strong>AEMA<\/strong> (<strong>Agencia Europea del Medio Ambiente<\/strong>), dice tambi\u00e9n que \u201cEn lo que se refiere a los recursos de agua,<strong> los europeos hemos vivido por encima de nuestras posibilidades<\/strong>\u201d.<\/span><\/span><\/p>\n<p><span style=\"font-size: large;\"><span style=\"font-family: Times New Roman;\">La historia del Mediterr\u00e1neo, Oriente Pr\u00f3ximo y la regi\u00f3n del Sahel ha estado y est\u00e1 llena de conflictos relacionados con la disponibilidad del agua. La <strong>Uni\u00f3n Europea<\/strong>, a trav\u00e9s de <strong>CORDIS<\/strong>, se\u00f1ala que los efectos del cambio clim\u00e1tico en cuanto a anomal\u00edas h\u00eddricas, sequ\u00edas e inundaciones, plantean una amenaza para la seguridad de la poblaci\u00f3n humana, aumentando las tensiones sociales y los conflictos.<\/span><\/span><\/p>\n<p><span style=\"font-size: large;\"><span style=\"font-family: Times New Roman;\">Es cierto que el cambio clim\u00e1tico s\u00ed que supone una amenaza directa para la seguridad humana, puesto que fen\u00f3menos como las temidas y temibles sequ\u00edas, o su cara opuesta las inundaciones, acarrean con frecuencia p\u00e9rdida de vidas y desplazamientos masivos. Pero la vulnerabilidad de las poblaciones responde en gran medida a causas previas a los desastres naturales, como son <strong>la desigualdad, la pobreza, la existencia de instituciones d\u00e9biles, las infraestructuras inadecuadas, la falta de formaci\u00f3n e informaci\u00f3n, la corrupci\u00f3n en instituciones pol\u00edticas y administrativas<\/strong>, aspectos estos que <strong>son los que verdaderamente puede dar lugar a tensiones y conflictos sociales<\/strong>.<\/span><\/span><\/p>\n<p><span style=\"font-size: large;\"><span style=\"font-family: Times New Roman;\">\u00a0<\/span><span style=\"font-family: Times New Roman;\">\u00a0<\/span><\/span><\/p>\n<div class=\"mceTemp mceIEcenter\" style=\"text-align: center;\">\n<dl id=\"attachment_373\" class=\"wp-caption aligncenter\" style=\"width: 640px; height: 301px;\">\n<dt class=\"wp-caption-dt\"><span style=\"font-size: large;\"><a href=\"\/ciencia-facil\/wp-content\/uploads\/sites\/63\/2013\/08\/4.-Europa-vulnerabilidad-CambiCli-y-Aridez-Espa\u00f1a.jpg\"><img loading=\"lazy\" class=\" wp-image-373 \" style=\"width: 638px; height: 262px;\" title=\"4.- Europa vulnerabilidad CambiCli y Aridez Espa\u00f1a\" src=\"\/ciencia-facil\/wp-content\/uploads\/sites\/63\/2013\/08\/4.-Europa-vulnerabilidad-CambiCli-y-Aridez-Espa\u00f1a.jpg\" alt=\"\" width=\"514\" height=\"201\" \/><\/a><\/span><\/dt>\n<dd class=\"wp-caption-dd\"><span style=\"color: #0000ff; font-size: large;\"><strong>Vulnerabilidad de Europa ante los efectos potenciales del Cambio Clim\u00e1tico y Mapa de Aridez de Espa\u00f1a.<\/strong><\/span><\/dd>\n<\/dl>\n<\/div>\n<p>&nbsp;<\/p>\n<p><span style=\"font-size: large;\"><span style=\"font-family: Times New Roman;\">Se prev\u00e9 que <strong>los efectos del cambio clim\u00e1tico sobre la disponibilidad de agua<\/strong> se intensifiquen en el Mediterr\u00e1neo y sus regiones vecinas en los pr\u00f3ximos a\u00f1os, situaci\u00f3n que podr\u00eda amenazar a\u00fan m\u00e1s la seguridad de la poblaci\u00f3n, sobre todo la de aquellos ubicados en las zonas m\u00e1s vulnerables a las sequ\u00edas o a las inundaciones.<\/span><\/span><\/p>\n<p><span style=\"font-size: large;\"><span style=\"font-family: Times New Roman;\">Sin embargo, como se\u00f1alaba antes, la realidad es mucho m\u00e1s compleja y aunque los cambios relacionados con el clima y los recursos h\u00eddricos son importantes, lo cierto es que <strong>desempe\u00f1an un papel secundario como causantes de conflictos e inseguridad humana<\/strong> si los comparamos con otros factores pol\u00edticos, econ\u00f3micos y sociales. <\/span><\/span><\/p>\n<p><span style=\"font-size: large;\"><span style=\"font-family: Times New Roman;\">Por ello, <strong>los investigadores consultados por la Uni\u00f3n Europea, hacen un llamamiento<\/strong> a que los mensajes pol\u00edticos no reiteren modelos simplistas que vinculen el cambio clim\u00e1tico directamente con el conflicto social y la inseguridad, puesto que una <strong>mejor distribuci\u00f3n de la riqueza, mayor protecci\u00f3n social, acceso universal a la justicia y mayores niveles de democracia<\/strong> pueden mejorar en gran medida las condiciones de vida de los pa\u00edses amenazados por todas las cat\u00e1strofes medioambientales que puedan sobrevenir.<\/span><\/span><\/p>\n<p><strong><a href=\"https:\/\/www.google.es\/?gfe_rd=cr&#038;ei=hn88Vv6TPIjCbOOKvdgG&#038;gws_rd=ssl#q=Adolfo+Marroqu%C3%ADn+Santo%C3%B1a\"><span style=\"color: #0000ff;\">Adolfo Marroqu\u00edn Santo\u00f1a<\/span><\/a><\/strong><span style=\"font-size: large;\"><strong><span style=\"font-family: Times New Roman;\"><br \/>\n<\/span><\/strong><\/span><\/p>\n<!-- AddThis Advanced Settings generic via filter on the_content --><!-- AddThis Share Buttons generic via filter on the_content -->","protected":false},"excerpt":{"rendered":"<p>(Izqda.).- Los Jameos del Agua, Lanzarote (Islas Canarias).\u00a0\u00a0\u00a0 (Drcha.).- Los Jaleos del Agua, consecuencia de las sequ\u00edas. \u00a0No, no me he equivocado al poner el t\u00edtulo para este art\u00edculo, he escrito jameos y jaleos , porque ambos, tanto \u201cLos Jameos del Agua\u201d como lo que he denominado \u201cLos Jaleos del Agua\u201d, son obra de la [&hellip;]<!-- AddThis Advanced Settings generic via filter on get_the_excerpt --><!-- AddThis Share Buttons generic via filter on get_the_excerpt --><\/p>\n","protected":false},"author":69,"featured_media":0,"comment_status":"closed","ping_status":"closed","sticky":false,"template":"","format":"standard","meta":[],"categories":[4,7],"tags":[32,47,83,99,103,292,304,363,389,436,446,450,470,554,566,585,630,656,710,745,775,786,788,804,828,832,833,865,937,1016,1085,1134,1173,1195,1224,1270,1325,1331,1357,1445,1509,1572],"_links":{"self":[{"href":"https:\/\/blogs.hoy.es\/ciencia-facil\/wp-json\/wp\/v2\/posts\/370"}],"collection":[{"href":"https:\/\/blogs.hoy.es\/ciencia-facil\/wp-json\/wp\/v2\/posts"}],"about":[{"href":"https:\/\/blogs.hoy.es\/ciencia-facil\/wp-json\/wp\/v2\/types\/post"}],"author":[{"embeddable":true,"href":"https:\/\/blogs.hoy.es\/ciencia-facil\/wp-json\/wp\/v2\/users\/69"}],"replies":[{"embeddable":true,"href":"https:\/\/blogs.hoy.es\/ciencia-facil\/wp-json\/wp\/v2\/comments?post=370"}],"version-history":[{"count":0,"href":"https:\/\/blogs.hoy.es\/ciencia-facil\/wp-json\/wp\/v2\/posts\/370\/revisions"}],"wp:attachment":[{"href":"https:\/\/blogs.hoy.es\/ciencia-facil\/wp-json\/wp\/v2\/media?parent=370"}],"wp:term":[{"taxonomy":"category","embeddable":true,"href":"https:\/\/blogs.hoy.es\/ciencia-facil\/wp-json\/wp\/v2\/categories?post=370"},{"taxonomy":"post_tag","embeddable":true,"href":"https:\/\/blogs.hoy.es\/ciencia-facil\/wp-json\/wp\/v2\/tags?post=370"}],"curies":[{"name":"wp","href":"https:\/\/api.w.org\/{rel}","templated":true}]}}