{"id":404,"date":"2013-09-25T12:39:26","date_gmt":"2013-09-25T11:39:26","guid":{"rendered":"http:\/\/blogs.hoy.es\/ciencia-facil\/?p=404"},"modified":"2013-09-25T12:39:26","modified_gmt":"2013-09-25T11:39:26","slug":"energia-y-economia-frente-al-clima","status":"publish","type":"post","link":"https:\/\/blogs.hoy.es\/ciencia-facil\/2013\/09\/25\/energia-y-economia-frente-al-clima\/","title":{"rendered":"Energ\u00eda y econom\u00eda frente al clima"},"content":{"rendered":"<p class=\"MsoNormal\" style=\"margin-bottom: .0001pt; text-align: justify; line-height: normal; mso-pagination: none; mso-layout-grid-align: none; text-autospace: none;\"><span style=\"font-size: 14.0pt; mso-bidi-font-size: 12.0pt; mso-fareast-font-family: 'Times New Roman'; color: #231f20;\"><a href=\"\/ciencia-facil\/wp-content\/uploads\/sites\/63\/2013\/09\/1.-Energ\u00eda-clima-madrastra.jpg\"><img loading=\"lazy\" class=\"aligncenter size-full wp-image-405\" title=\"1.- Energ\u00eda, clima, madrastra\" src=\"\/ciencia-facil\/wp-content\/uploads\/sites\/63\/2013\/09\/1.-Energ\u00eda-clima-madrastra.jpg\" alt=\"\" width=\"795\" height=\"256\" srcset=\"https:\/\/static-blogs.hoy.es\/wp-content\/uploads\/sites\/63\/2013\/09\/1.-Energ\u00eda-clima-madrastra.jpg 795w, https:\/\/static-blogs.hoy.es\/wp-content\/uploads\/sites\/63\/2013\/09\/1.-Energ\u00eda-clima-madrastra-300x97.jpg 300w, https:\/\/static-blogs.hoy.es\/wp-content\/uploads\/sites\/63\/2013\/09\/1.-Energ\u00eda-clima-madrastra-768x247.jpg 768w\" sizes=\"(max-width: 795px) 100vw, 795px\" \/><\/a>\u00a0<\/span><\/p>\n<p class=\"MsoNormal\" style=\"margin-bottom: .0001pt; text-align: justify; line-height: normal; mso-pagination: none; mso-layout-grid-align: none; text-autospace: none;\"><span style=\"font-size: large; color: #231f20;\">La energ\u00eda es sin duda un factor clave para asegurar el desarrollo de la humanidad, tanto desde el punto de vista econ\u00f3mico como social; sin embargo, <strong style=\"mso-bidi-font-weight: normal;\">el actual modelo energ\u00e9tico es insostenible<\/strong>, en primer lugar porque el crecimiento del consumo es constante y est\u00e1 basado en gran parte en <strong style=\"mso-bidi-font-weight: normal;\">recursos de energ\u00edas f\u00f3siles<\/strong> (carb\u00f3n, petr\u00f3leo, gas, etc.) que son <strong style=\"mso-bidi-font-weight: normal;\">sin duda finitos y por tanto se agotar\u00e1n<\/strong>; pero adem\u00e1s es insostenible porque, de seguir as\u00ed, las consecuencias nos llevar\u00edan a superar el l\u00edmite del <strong style=\"mso-bidi-font-weight: normal;\">desarrollo clim\u00e1ticamente sostenible<\/strong>, que podemos definir como \u201c<strong style=\"mso-bidi-font-weight: normal;\">aquel que satisface las necesidades del presente, sin provocar cambios irreversibles en el sistema clim\u00e1tico<\/strong>\u201d.\u00a0 <\/span><\/p>\n<p class=\"MsoNormal\" style=\"margin-bottom: .0001pt; text-align: justify; line-height: normal; mso-pagination: none; mso-layout-grid-align: none; text-autospace: none;\"><span style=\"font-size: large; color: #231f20;\">\u00a0<\/span><span style=\"font-size: large;\"><span style=\"color: #231f20;\">Ahora bien, <strong style=\"mso-bidi-font-weight: normal;\">para asegurar el futuro del desarrollo<\/strong>, sin duda es necesario <\/span><strong style=\"mso-bidi-font-weight: normal;\">asegurar el suministro energ\u00e9tico<\/strong>, pero eso debe hacerse fomentando el ahorro y la eficiencia energ\u00e9tica, buscando nuevas fuentes de energ\u00eda, optimizando el rendimiento de la que tenemos disponible, etc.; ahora bien, lo cierto es que a d\u00eda de hoy e incluso me temo que a bastantes a\u00f1os vista, <strong style=\"mso-bidi-font-weight: normal;\">no tenemos conocimiento de una energ\u00eda alternativa<\/strong>, puesto que todas las energ\u00edas renovables, mal llamadas a veces energ\u00edas alternativas, todas las renovables juntas (solar, e\u00f3lica, biomasa, etc.) no podr\u00e1n aportar el 100% del suministro requerido, y en mi opini\u00f3n si siquiera podr\u00edan alcanzar un porcentaje \u201csuficiente\u201d de la creciente demanda.<\/span><\/p>\n<p class=\"MsoNormal\" style=\"margin-bottom: .0001pt; text-align: justify; line-height: normal; mso-pagination: none; mso-layout-grid-align: none; text-autospace: none;\"><span style=\"font-size: large;\">\u00a0<\/span><span style=\"font-size: large;\">De hecho, la \u00fanica <strong style=\"mso-bidi-font-weight: normal;\">fuente energ\u00e9tica realmente alternativa<\/strong> que vislumbramos a d\u00eda de hoy, capaz de suministrar un elevado porcentaje de la demanda, es <strong style=\"mso-bidi-font-weight: normal;\">la energ\u00eda nuclear de fusi\u00f3n<\/strong>, pero que nadie se asuste, porque \u00e9sta tiene poco o nada que ver con <strong style=\"mso-bidi-font-weight: normal;\">la energ\u00eda nuclear de fisi\u00f3n<\/strong>, que es la tristemente famosa por sus peligros, residuos, etc.; ahora bien, para esta nueva fuente de energ\u00eda, <strong style=\"mso-bidi-font-weight: normal;\">pr\u00e1cticamente inocua<\/strong>, est\u00e1 en fase de construcci\u00f3n del reactor experimental <strong style=\"mso-bidi-font-weight: normal;\">ITER<\/strong>, en Francia, concretamente en la localidad de <strong style=\"mso-bidi-font-weight: normal;\">Cadarache<\/strong>, y no se espera que est\u00e9 operativa hasta dentro de varios (\u00bf2, 3,\u2026?) decenios. <strong style=\"mso-bidi-font-weight: normal;\"><span lang=\"EN-US\">Y as\u00ed est\u00e1n las cosas\u2026<\/span><\/strong><\/span><\/p>\n<p class=\"MsoNormal\" style=\"margin-bottom: .0001pt; text-align: justify; line-height: normal; mso-pagination: none; mso-layout-grid-align: none; text-autospace: none;\"><span style=\"font-size: 14.0pt; mso-bidi-font-size: 12.0pt; mso-fareast-font-family: 'Times New Roman'; mso-ansi-language: EN-US;\" lang=\"EN-US\"><br \/>\n<\/span><\/p>\n<p style=\"text-align: center;\"><a href=\"\/ciencia-facil\/wp-content\/uploads\/sites\/63\/2013\/09\/2.-CO2-agosto-2013.jpg\"><img loading=\"lazy\" class=\" wp-image-406  aligncenter\" style=\"width: 672px; height: 505px;\" title=\"2.- CO2 - agosto 2013\" src=\"\/ciencia-facil\/wp-content\/uploads\/sites\/63\/2013\/09\/2.-CO2-agosto-2013.jpg\" alt=\"\" width=\"469\" height=\"385\" srcset=\"https:\/\/static-blogs.hoy.es\/wp-content\/uploads\/sites\/63\/2013\/09\/2.-CO2-agosto-2013.jpg 586w, https:\/\/static-blogs.hoy.es\/wp-content\/uploads\/sites\/63\/2013\/09\/2.-CO2-agosto-2013-300x246.jpg 300w\" sizes=\"(max-width: 469px) 100vw, 469px\" \/><\/a><\/p>\n<p class=\"MsoNormal\" style=\"margin-bottom: .0001pt; text-align: justify; line-height: normal; mso-pagination: none;\"><span style=\"font-size: large;\">Mientras tanto, sabemos (<strong style=\"mso-bidi-font-weight: normal;\">IPCC dixit<\/strong>) que los cambios actuales en el clima son consecuencia de la actividad humana y son debidos a la intensificaci\u00f3n del efecto invernadero natural, al aumentar la concentraci\u00f3n atmosf\u00e9rica de los gases radiativamente activos y provocar lo que se conoce como un forzamiento radiativo. Cerca del 60% de este forzamiento es debido al CO<sub>2<\/sub>, en tanto que el CH<sub>4<\/sub> contribuye en un 15%, el N<sub>2<\/sub>O en un 5%, mientras que otros gases y part\u00edculas, como el ozono, los FCCs y HFCs, etc., contribuyen con el 20% restante.<\/span><\/p>\n<p class=\"MsoNormal\" style=\"margin-bottom: .0001pt; text-align: justify; line-height: normal; mso-pagination: none;\"><span style=\"font-size: large;\">Como ya he dicho en ocasiones anteriores, el <strong style=\"mso-bidi-font-weight: normal;\">sistema clim\u00e1tico<\/strong> es fundamental para entender el clima, puesto que el concepto de clima <strong style=\"mso-bidi-font-weight: normal;\">no debe asociarse s\u00f3lo a la atm\u00f3sfera<\/strong>, que no es m\u00e1s que uno de los subsistemas del sistema clim\u00e1tico conjunto, que est\u00e1 constituido, adem\u00e1s de por la propia atm\u00f3sfera, por la <strong style=\"mso-bidi-font-weight: normal;\">hidrosfera<\/strong> (mares, oc\u00e9anos, etc.), la <strong style=\"mso-bidi-font-weight: normal;\">litosfera<\/strong> (superficie terrestre), la <strong style=\"mso-bidi-font-weight: normal;\">criosfera<\/strong> (conjunto de los hielos del planeta) y la <strong style=\"mso-bidi-font-weight: normal;\">biosfera<\/strong> (conjunto de los seres vivos, <strong style=\"mso-bidi-font-weight: normal;\">incluido el hombre para desgracia de la naturaleza<\/strong>). Todos estos subsistemas interaccionan permanentemente, de forma que cualquier cambio en uno de ellos influye, directa o indirectamente en los dem\u00e1s, dando lugar a cambios inducidos, cambios que a su vez dan lugar a nuevas interacciones, y as\u00ed sucesivamente, de manera que <strong style=\"mso-bidi-font-weight: normal;\">el sistema en su conjunto est\u00e1 siempre sometido a procesos din\u00e1micos de b\u00fasqueda del equilibrio<\/strong>.<\/span><\/p>\n<p class=\"MsoNormal\" style=\"margin-bottom: .0001pt; text-align: justify; line-height: normal; mso-pagination: none;\"><span style=\"font-size: 14.0pt; mso-bidi-font-size: 12.0pt; mso-fareast-font-family: 'Times New Roman';\"><br \/>\n<\/span><\/p>\n<p style=\"text-align: center;\"><a href=\"\/ciencia-facil\/wp-content\/uploads\/sites\/63\/2013\/09\/3.-CO2-reciente-e-hist\u00f3rico.jpg\"><img loading=\"lazy\" class=\" wp-image-407     aligncenter\" style=\"width: 701px; height: 259px;\" title=\"3.- CO2 reciente e hist\u00f3rico\" src=\"\/ciencia-facil\/wp-content\/uploads\/sites\/63\/2013\/09\/3.-CO2-reciente-e-hist\u00f3rico.jpg\" alt=\"\" width=\"511\" height=\"179\" srcset=\"https:\/\/static-blogs.hoy.es\/wp-content\/uploads\/sites\/63\/2013\/09\/3.-CO2-reciente-e-hist\u00f3rico.jpg 799w, https:\/\/static-blogs.hoy.es\/wp-content\/uploads\/sites\/63\/2013\/09\/3.-CO2-reciente-e-hist\u00f3rico-300x105.jpg 300w, https:\/\/static-blogs.hoy.es\/wp-content\/uploads\/sites\/63\/2013\/09\/3.-CO2-reciente-e-hist\u00f3rico-768x269.jpg 768w\" sizes=\"(max-width: 511px) 100vw, 511px\" \/><\/a><\/p>\n<p class=\"MsoNormal\" style=\"margin-bottom: .0001pt; text-align: justify; line-height: normal; mso-pagination: none;\"><span style=\"font-size: 14.0pt; mso-bidi-font-size: 12.0pt; mso-fareast-font-family: 'Times New Roman';\">\u00a0<\/span><\/p>\n<p class=\"MsoNormal\" style=\"margin-bottom: .0001pt; text-align: justify; line-height: normal; mso-pagination: none;\"><span style=\"font-size: large;\"><strong style=\"mso-bidi-font-weight: normal;\">En el pasado tambi\u00e9n ha habido alteraciones<\/strong> en la concentraci\u00f3n atmosf\u00e9rica de los gases de efecto invernadero que han originado profundos cambios clim\u00e1ticos. Sin embargo, la diferencia fundamental entre estos cambios naturales y la evoluci\u00f3n actual del sistema clim\u00e1tico no est\u00e1 tanto en los procesos y sus causas, como en la <strong style=\"mso-bidi-font-weight: normal;\">velocidad a la que se producen las alteraciones<\/strong>, tanto en la concentraci\u00f3n atmosf\u00e9rica de los gases de efecto invernadero como en el clima.<\/span><\/p>\n<p class=\"MsoNormal\" style=\"margin-bottom: .0001pt; text-align: justify; line-height: normal; mso-pagination: none;\"><span style=\"font-size: large;\">Para acercarse al fondo del problema del cambio clim\u00e1tico y entender la necesidad de establecer un compromiso global que conduzca a la aplicaci\u00f3n de pol\u00edticas y medidas para limitar las emisiones de gases de efecto invernadero, es necesario conocer tambi\u00e9n la importante relaci\u00f3n que existe entre las emisiones y la estabilizaci\u00f3n de sus concentraciones y <strong style=\"mso-bidi-font-weight: normal;\">el largo per\u00edodo de tiempo necesario para cambiar la tendencia<\/strong>.<\/span><\/p>\n<p class=\"MsoNormal\" style=\"margin-bottom: .0001pt; text-align: justify; line-height: normal; mso-pagination: none;\"><span style=\"font-size: large;\">As\u00ed, por ejemplo, si desde comienzos de este siglo hubi\u00e9ramos mantenido constantes las emisiones mundiales de CO<sub>2<\/sub>, su concentraci\u00f3n atmosf\u00e9rica, que actualmente se acerca peligrosamente a las 400 partes por mill\u00f3n (ppm), hubiera seguido aumentado a lo largo de casi dos siglos m\u00e1s. Para mantener dicha concentraci\u00f3n por debajo de las 550 ppm (objetivo de la Uni\u00f3n Europea para finales del siglo XXI), <strong style=\"mso-bidi-font-weight: normal;\">las emisiones globales durante este siglo no deber\u00edan crecer, sino disminuir a lo largo de este siglo y durante los siguientes<\/strong>. <\/span><\/p>\n<p class=\"MsoNormal\" style=\"margin-bottom: .0001pt; text-align: justify; line-height: normal; mso-pagination: none;\"><a href=\"\/ciencia-facil\/wp-content\/uploads\/sites\/63\/2013\/09\/4.-CO2-y-tendencia-futuro.jpg\"><img loading=\"lazy\" class=\" wp-image-408    \" style=\"width: 642px; height: 513px;\" title=\"4.- CO2 y tendencia futuro\" src=\"\/ciencia-facil\/wp-content\/uploads\/sites\/63\/2013\/09\/4.-CO2-y-tendencia-futuro.jpg\" alt=\"\" width=\"480\" height=\"439\" \/><\/a><\/p>\n<p class=\"MsoNormal\" style=\"margin-bottom: .0001pt; text-align: justify; line-height: normal; mso-pagination: none;\"><span style=\"font-size: large;\">Pero debido a la fuerte inercia que tiene el sistema clim\u00e1tico, una vez estabilizada la concentraci\u00f3n atmosf\u00e9rica de CO<sub>2<\/sub>, la temperatura media mundial en la superficie seguir\u00eda aumentando durante algunos siglos y el nivel del mar durante varios siglos o incluso milenios. Por tanto, la estabilizaci\u00f3n de la concentraci\u00f3n de CO<sub>2<\/sub> en un determinado nivel y per\u00edodo de tiempo no significa que se acaben los cambios en el clima. <\/span><\/p>\n<p class=\"MsoNormal\" style=\"margin-bottom: .0001pt; text-align: justify; line-height: normal; mso-pagination: none;\"><span style=\"font-size: large;\">En consecuencia, aunque existen todav\u00eda incertidumbres que no permiten cuantificar con la suficiente precisi\u00f3n los cambios del clima previstos, la informaci\u00f3n validada hasta ahora es suficiente para <strong style=\"mso-bidi-font-weight: normal;\">aconsejar la toma de medidas de forma inmediata<\/strong>, de acuerdo al denominado &#8220;<strong style=\"mso-bidi-font-weight: normal;\">Principio de Precauci\u00f3n<\/strong>&#8221; al que se hace referencia en la <strong>Convenci\u00f3n Marco sobre Cambio Clim\u00e1tico<\/strong>.<\/span><\/p>\n<p class=\"MsoNormal\" style=\"margin-bottom: .0001pt; text-align: justify; line-height: normal; mso-pagination: none; mso-layout-grid-align: none; text-autospace: none;\"><span style=\"font-size: large;\"><span style=\"line-height: 115%;\">La inercia, los retrasos y la irreversibilidad del sistema clim\u00e1tico son factores muy importantes a tener en cuenta y, <strong style=\"mso-bidi-font-weight: normal;\">cuanto m\u00e1s se tarde en tomar esas medidas, los efectos del incremento de las concentraciones de los gases de efecto invernadero ser\u00e1n m\u00e1s y m\u00e1s irreversibles<\/strong>. <\/span><span style=\"line-height: 115%;\">La mayor parte de los an\u00e1lisis cient\u00edficos se\u00f1alan que <strong style=\"mso-bidi-font-weight: normal;\">nuestro clima ya est\u00e1 cambiando<\/strong> y prev\u00e9n que los <strong style=\"mso-bidi-font-weight: normal;\">acontecimientos clim\u00e1ticos extremos<\/strong> (tales como grandes tormentas, inundaciones y olas de calor) <strong style=\"mso-bidi-font-weight: normal;\">ser\u00e1n cada vez m\u00e1s frecuentes e intensos<\/strong>, as\u00ed como la elevaci\u00f3n de la temperatura global y del nivel del mar.<\/span><\/span><\/p>\n<p class=\"MsoNormal\" style=\"margin-bottom: .0001pt; text-align: justify; line-height: normal; mso-pagination: none; mso-layout-grid-align: none; text-autospace: none;\"><span style=\"font-size: large;\"><span style=\"line-height: 115%;\">Seg\u00fan informa la <strong>AIE<\/strong> (<strong>Agencia Internacional de la Energ\u00eda<\/strong>), a d\u00eda de hoy, <strong>el mundo no va por buen camino<\/strong> para alcanzar el objetivo acordado por los gobiernos de limitar la elevaci\u00f3n de la temperatura media mundial a 2 <\/span><span style=\"line-height: 115%;\">\u00ba<\/span><span style=\"line-height: 115%;\">C, para finales de siglo. Pero l<\/span><span style=\"line-height: 115%;\">as emisiones mundiales de gases de efecto invernadero siguen aumentando y, en el verano de 2013, los niveles de di\u00f3xido de carbono (CO<\/span><sub><span style=\"line-height: 115%;\">2<\/span><\/sub><span style=\"line-height: 115%;\">) en la atm\u00f3sfera <strong style=\"mso-bidi-font-weight: normal;\">superaron por primera vez en varios cientos de miles de a\u00f1os las 400 partes por mill\u00f3n<\/strong>.<\/span><\/span><\/p>\n<p class=\"MsoNormal\"><span style=\"font-size: large; line-height: 115%;\">El sector de <strong style=\"mso-bidi-font-weight: normal;\">la energ\u00eda constituye la mayor fuente de emisiones de gases de\u00a0 efecto invernadero<\/strong> inductores del cambio clim\u00e1tico, puesto que m\u00e1s del 80% del consumo mundial de energ\u00eda se basa en combustibles f\u00f3siles, por tanto <strong style=\"mso-bidi-font-weight: normal;\">limitar esas emisiones debe ser un objetivo esencial<\/strong> de la actuaci\u00f3n en esta materia. Pero, en el actual contexto de <strong style=\"mso-bidi-font-weight: normal;\">gran preocupaci\u00f3n econ\u00f3mica internacional<\/strong>, ciertos <strong style=\"mso-bidi-font-weight: normal;\">signos inquietantes<\/strong> indican que el cambio clim\u00e1tico <strong style=\"mso-bidi-font-weight: normal;\">ha quedado relegado en la agenda pol\u00edtica<\/strong>.<\/span><\/p>\n<p><strong><a href=\"https:\/\/www.google.es\/?gfe_rd=cr&#038;ei=hn88Vv6TPIjCbOOKvdgG&#038;gws_rd=ssl#q=Adolfo+Marroqu%C3%ADn+Santo%C3%B1a\"><span style=\"color: #0000ff;\">Adolfo Marroqu\u00edn Santo\u00f1a<\/span><\/a><\/strong><\/p>\n<!-- AddThis Advanced Settings generic via filter on the_content --><!-- AddThis Share Buttons generic via filter on the_content -->","protected":false},"excerpt":{"rendered":"<p>\u00a0 La energ\u00eda es sin duda un factor clave para asegurar el desarrollo de la humanidad, tanto desde el punto de vista econ\u00f3mico como social; sin embargo, el actual modelo energ\u00e9tico es insostenible, en primer lugar porque el crecimiento del consumo es constante y est\u00e1 basado en gran parte en recursos de energ\u00edas f\u00f3siles (carb\u00f3n, [&hellip;]<!-- AddThis Advanced Settings generic via filter on get_the_excerpt --><!-- AddThis Share Buttons generic via filter on get_the_excerpt --><\/p>\n","protected":false},"author":69,"featured_media":0,"comment_status":"closed","ping_status":"closed","sticky":false,"template":"","format":"standard","meta":[],"categories":[4,5],"tags":[56,142,205,239,325,336,401,431,434,457,470,477,504,511,512,520,619,655,673,743,804,816,882,1016,1064,1380,1400,1436,1442,1473],"_links":{"self":[{"href":"https:\/\/blogs.hoy.es\/ciencia-facil\/wp-json\/wp\/v2\/posts\/404"}],"collection":[{"href":"https:\/\/blogs.hoy.es\/ciencia-facil\/wp-json\/wp\/v2\/posts"}],"about":[{"href":"https:\/\/blogs.hoy.es\/ciencia-facil\/wp-json\/wp\/v2\/types\/post"}],"author":[{"embeddable":true,"href":"https:\/\/blogs.hoy.es\/ciencia-facil\/wp-json\/wp\/v2\/users\/69"}],"replies":[{"embeddable":true,"href":"https:\/\/blogs.hoy.es\/ciencia-facil\/wp-json\/wp\/v2\/comments?post=404"}],"version-history":[{"count":0,"href":"https:\/\/blogs.hoy.es\/ciencia-facil\/wp-json\/wp\/v2\/posts\/404\/revisions"}],"wp:attachment":[{"href":"https:\/\/blogs.hoy.es\/ciencia-facil\/wp-json\/wp\/v2\/media?parent=404"}],"wp:term":[{"taxonomy":"category","embeddable":true,"href":"https:\/\/blogs.hoy.es\/ciencia-facil\/wp-json\/wp\/v2\/categories?post=404"},{"taxonomy":"post_tag","embeddable":true,"href":"https:\/\/blogs.hoy.es\/ciencia-facil\/wp-json\/wp\/v2\/tags?post=404"}],"curies":[{"name":"wp","href":"https:\/\/api.w.org\/{rel}","templated":true}]}}