{"id":413,"date":"2013-10-04T13:05:56","date_gmt":"2013-10-04T12:05:56","guid":{"rendered":"http:\/\/blogs.hoy.es\/ciencia-facil\/?p=413"},"modified":"2013-10-04T13:05:56","modified_gmt":"2013-10-04T12:05:56","slug":"clima-y-desarrollo-bajo-observacion","status":"publish","type":"post","link":"https:\/\/blogs.hoy.es\/ciencia-facil\/2013\/10\/04\/clima-y-desarrollo-bajo-observacion\/","title":{"rendered":"Clima y desarrollo, bajo observaci\u00f3n"},"content":{"rendered":"<p class=\"MsoNormal\"><span style=\"font-size: large; line-height: 115%;\"><a href=\"\/ciencia-facil\/wp-content\/uploads\/sites\/63\/2013\/10\/1.-Naturaleza-Prisi\u00f1as-Observaci\u00f3n.jpg\"><img loading=\"lazy\" class=\"aligncenter size-full wp-image-414\" title=\"1.- Naturaleza - Prisi\u00f1as - Observaci\u00f3n\" src=\"\/ciencia-facil\/wp-content\/uploads\/sites\/63\/2013\/10\/1.-Naturaleza-Prisi\u00f1as-Observaci\u00f3n.jpg\" alt=\"\" width=\"1493\" height=\"537\" srcset=\"https:\/\/static-blogs.hoy.es\/wp-content\/uploads\/sites\/63\/2013\/10\/1.-Naturaleza-Prisi\u00f1as-Observaci\u00f3n.jpg 1493w, https:\/\/static-blogs.hoy.es\/wp-content\/uploads\/sites\/63\/2013\/10\/1.-Naturaleza-Prisi\u00f1as-Observaci\u00f3n-300x108.jpg 300w, https:\/\/static-blogs.hoy.es\/wp-content\/uploads\/sites\/63\/2013\/10\/1.-Naturaleza-Prisi\u00f1as-Observaci\u00f3n-768x276.jpg 768w, https:\/\/static-blogs.hoy.es\/wp-content\/uploads\/sites\/63\/2013\/10\/1.-Naturaleza-Prisi\u00f1as-Observaci\u00f3n-1024x368.jpg 1024w\" sizes=\"(max-width: 1493px) 100vw, 1493px\" \/><\/a>\u00a0<\/span><\/p>\n<p class=\"MsoNormal\" style=\"margin-bottom: .0001pt; text-align: justify; line-height: normal; mso-pagination: none; mso-layout-grid-align: none; text-autospace: none;\"><span style=\"font-size: large;\">El <strong style=\"mso-bidi-font-weight: normal;\">Sistema Clim\u00e1tico de la Tierra<\/strong> es de una gran complejidad y envergadura, en \u00e9l est\u00e1n implicados la atm\u00f3sfera, los oc\u00e9anos, la superficie de la Tierra, la biosfera y la criosfera, todo ello alimentado y movido por la radiaci\u00f3n solar entrante.<\/span><\/p>\n<p class=\"MsoNormal\" style=\"margin-bottom: .0001pt; text-align: justify; line-height: normal; mso-pagination: none; mso-layout-grid-align: none; text-autospace: none;\"><span style=\"font-size: large;\">Considerado en su conjunto, este sistema est\u00e1 en equilibrio, pero no en equilibrio est\u00e1tico y pasivo, sino enormemente din\u00e1mico y activo. Aliment\u00e1ndose de la energ\u00eda del Sol, <strong style=\"mso-bidi-font-weight: normal;\">el sistema clim\u00e1tico mantiene su balance energ\u00e9tico<\/strong> reemitiendo energ\u00eda solar de nuevo al espacio. Ciertos gases presentes en la atm\u00f3sfera, conocidos como <strong style=\"mso-bidi-font-weight: normal;\">GEI<\/strong> (<strong style=\"mso-bidi-font-weight: normal;\">Gases de Efecto Invernadero<\/strong>), como el vapor de agua, el di\u00f3xido de carbono, el metano y otros, retienen parte de la energ\u00eda que se refleja en la superficie del planeta y la reemiten hacia el suelo, guardando as\u00ed el calor del <strong style=\"mso-bidi-font-weight: normal;\">efecto invernadero<\/strong> que hace posible la vida en la Tierra.<\/span><\/p>\n<p class=\"MsoNormal\" style=\"margin-bottom: .0001pt; text-align: justify; line-height: normal; mso-pagination: none; mso-layout-grid-align: none; text-autospace: none;\"><span style=\"font-size: large;\">El <strong style=\"mso-bidi-font-weight: normal;\">IPCC<\/strong> (Grupo Intergubernamental de Expertos sobre el Cambio Clim\u00e1tico), patrocinado por <strong style=\"mso-bidi-font-weight: normal;\">Naciones Unidas<\/strong>, ha puesto de manifiesto que las concentraciones de di\u00f3xido de carbono, que son las causantes del actual calentamiento global planetario, son debidas a inadecuadas actividades humanas, en una insensata b\u00fasqueda de desarrollo.<\/span><\/p>\n<p class=\"MsoNormal\" style=\"margin-bottom: .0001pt; text-align: justify; line-height: normal; mso-pagination: none; mso-layout-grid-align: none; text-autospace: none;\"><span style=\"font-size: large;\">Los <strong style=\"mso-bidi-font-weight: normal;\">fen\u00f3menos extremos<\/strong>, como las sequ\u00edas o las fuertes tormentas, son cada vez m\u00e1s frecuentes, con efectos notables sobre el medio ambiente mundial. Estos fen\u00f3menos podr\u00edan, <strong style=\"mso-bidi-font-weight: normal;\">dificultar seriamente el avance hacia el desarrollo sostenible<\/strong> puesto que entra\u00f1an un peligro real para todos los pa\u00edses y evidentemente <strong style=\"mso-bidi-font-weight: normal;\">resulta importante e incluso urgente, observar<\/strong> todas aquellas variables que puedan aportarnos <strong style=\"mso-bidi-font-weight: normal;\">informaci\u00f3n sobre qu\u00e9 est\u00e1 pasando, d\u00f3nde y a qu\u00e9 ritmo<\/strong>.<\/span><\/p>\n<p class=\"MsoNormal\" style=\"margin-bottom: .0001pt; text-align: justify; line-height: normal; mso-pagination: none; mso-layout-grid-align: none; text-autospace: none;\"><span style=\"font-size: large;\">\u00a0<a href=\"\/ciencia-facil\/wp-content\/uploads\/sites\/63\/2013\/10\/2.-Elementos-y-equipos-de-observaci\u00f3n.jpg\"><img loading=\"lazy\" title=\"2.- Elementos y equipos de observaci\u00f3n\" src=\"\/ciencia-facil\/wp-content\/uploads\/sites\/63\/2013\/10\/2.-Elementos-y-equipos-de-observaci\u00f3n.jpg\" alt=\"\" width=\"656\" height=\"482\" \/><\/a><\/span><span style=\"font-size: large; line-height: 115%;\">\u00a0<\/span><\/p>\n<p class=\"MsoNormal\"><span style=\"font-size: large;\"><span style=\"line-height: 115%;\">\u00a0Por otra parte, el <strong style=\"mso-bidi-font-weight: normal;\">desarrollo sostenible<\/strong> que <\/span><span style=\"line-height: 115%;\">fue definido en 1987 por la <strong style=\"mso-bidi-font-weight: normal;\">CNUMAD<\/strong> (Comisi\u00f3n Mundial sobre el Medio Ambiente y el Desarrollo), como \u201c<strong style=\"mso-bidi-font-weight: normal;\">la soluci\u00f3n de las necesidades del presente que no pone en peligro la capacidad de las generaciones futuras para atender a sus propias necesidades<\/strong>\u201d, es otra asignatura pendiente, que hay que juntar a la que constituye el propio <strong style=\"mso-bidi-font-weight: normal;\">cambio clim\u00e1tico<\/strong>. <\/span><\/span><\/p>\n<p class=\"MsoNormal\" style=\"margin-bottom: .0001pt; text-align: justify; mso-pagination: none; mso-layout-grid-align: none; text-autospace: none;\"><span style=\"font-size: large;\"><span style=\"line-height: 115%;\">Pero a pesar de tanta asignatura pendiente no debemos desanimarnos, porque al final las aprobaremos todas, puesto que la alternativa ser\u00eda fatal. En ese sentido, a<\/span><span style=\"line-height: 115%;\"> mediados del pasado siglo, conscientes por una parte de la necesidad de vigilar el estado y evoluci\u00f3n de los subsistemas del sistema clim\u00e1tico terrestre, y conocedores de las <strong style=\"mso-bidi-font-weight: normal;\">enormes ventajas que presentaba la observaci\u00f3n de la Tierra desde el espacio<\/strong>, comenz\u00f3 el lanzamiento y operaci\u00f3n de los <strong style=\"mso-bidi-font-weight: normal;\">sat\u00e9lites espaciales<\/strong>, colocando los radi\u00f3metros de observaci\u00f3n a bordo de los mismos.<\/span><\/span><\/p>\n<p class=\"MsoNormal\" style=\"margin-bottom: .0001pt; text-align: justify; mso-pagination: none; mso-layout-grid-align: none; text-autospace: none;\"><span style=\"font-size: large; line-height: 115%;\">En la actualidad la <strong style=\"mso-bidi-font-weight: normal;\">NASA<\/strong>, a trav\u00e9s de su <strong style=\"mso-bidi-font-weight: normal;\">Centro de Vuelo Espacial Goddard<\/strong>, mantiene un magn\u00edfico conjunto de sat\u00e9lites de observaci\u00f3n y tiene planes para el lanzamiento de m\u00e1s plataformas de observaci\u00f3n en los pr\u00f3ximos a\u00f1os.<\/span><span style=\"font-size: large; line-height: 115%;\" lang=\"EN-US\">\u00a0<\/span><\/p>\n<p class=\"MsoNormal\" style=\"margin-bottom: .0001pt; text-align: justify; mso-pagination: none; mso-layout-grid-align: none; text-autospace: none;\"><span style=\"font-size: large; line-height: 115%;\">El <strong style=\"mso-bidi-font-weight: normal;\">SMO<\/strong> (Sistema Mundial de Observaci\u00f3n), dependiente de la <strong style=\"mso-bidi-font-weight: normal;\">OMM<\/strong> ( Organizaci\u00f3n Meteorol\u00f3gica Mundial), comprende una constelaci\u00f3n de <strong style=\"mso-bidi-font-weight: normal;\">sat\u00e9lites meteorol\u00f3gicos y de recursos<\/strong>, de \u00f3rbita polar unos y geoestacionarios otros, que vigilan permanentemente la Tierra desde sus atalayas de observaci\u00f3n, a lo que hay que a\u00f1adir las estaciones autom\u00e1ticas en superficie, estaciones en altura, boyas marinas fondeadas y a la deriva, as\u00ed como cientos de radares meteorol\u00f3gicos, gestionados por los <strong style=\"mso-bidi-font-weight: normal;\">SMHN<\/strong> (Servicios Meteorol\u00f3gicos e Hidrol\u00f3gicos Nacionales) de los <strong style=\"mso-bidi-font-weight: normal;\">185 Estados Miembros<\/strong> integrados en la OMM.<\/span><\/p>\n<p class=\"MsoNormal\" style=\"margin-bottom: .0001pt; text-align: justify; mso-pagination: none; mso-layout-grid-align: none; text-autospace: none;\"><span style=\"font-size: large; line-height: 115%;\">Y a lo anterior, que son las observaciones que pod\u00edamos calificar de oficiales, habr\u00eda que a\u00f1adir los cientos de miles de observaciones voluntarias desde miles de barcos y aviones comerciales, con lo que el resultado global son <strong style=\"mso-bidi-font-weight: normal;\">millones de datos entrando continuamente<\/strong> en el Sistema Mundial de Observaci\u00f3n.<\/span><\/p>\n<p class=\"MsoNormal\" style=\"margin-bottom: .0001pt; text-align: justify; mso-pagination: none; mso-layout-grid-align: none; text-autospace: none;\"><span style=\"font-size: large; line-height: 115%;\">Finalmente, la OMM cre\u00f3 en 1993 el <strong style=\"mso-bidi-font-weight: normal;\">WHYCOS<\/strong> (Sistema Mundial de Observaci\u00f3n del Ciclo Hidrol\u00f3gico), como respuesta a la preocupaci\u00f3n mundial por los recursos de agua dulce.<\/span><\/p>\n<p class=\"MsoNormal\" style=\"margin-bottom: .0001pt; text-align: justify; mso-pagination: none; mso-layout-grid-align: none; text-autospace: none;\"><span style=\"font-size: large; line-height: 115%;\">\u00a0<\/span><span style=\"font-size: large; line-height: 115%;\">\u00a0<a href=\"\/ciencia-facil\/wp-content\/uploads\/sites\/63\/2013\/10\/3.-Sistema-Observaci\u00f3n-Ciclo-Hidrol\u00f3gico.jpg\"><img loading=\"lazy\" title=\"3.- Sistema Observaci\u00f3n Ciclo Hidrol\u00f3gico\" src=\"\/ciencia-facil\/wp-content\/uploads\/sites\/63\/2013\/10\/3.-Sistema-Observaci\u00f3n-Ciclo-Hidrol\u00f3gico.jpg\" alt=\"\" width=\"664\" height=\"391\" \/><\/a><\/span><\/p>\n<p class=\"MsoNormal\" style=\"margin-bottom: .0001pt; text-align: justify; line-height: normal; mso-pagination: none; mso-layout-grid-align: none; text-autospace: none;\"><span style=\"font-size: large;\">Para <strong style=\"mso-bidi-font-weight: normal;\">alcanzar y mantener el desarrollo sostenible<\/strong> es necesario <strong style=\"mso-bidi-font-weight: normal;\">conocer c\u00f3mo va la evoluci\u00f3n del cambio clim\u00e1tico<\/strong>, es decir el calentamiento del planeta, el nivel del mar, la contaminaci\u00f3n del aire y del agua, el tipo y n\u00famero de los fen\u00f3menos meteorol\u00f3gicos extremos, su distribuci\u00f3n espacio-temporal, etc., puesto que, mediante observaciones continuas y detalladas, as\u00ed como mediante <strong style=\"mso-bidi-font-weight: normal;\">predicciones con un m\u00e1s alto alcance temporal y mayor grado de precisi\u00f3n<\/strong>, podremos aumentar aceptablemente nuestra capacidad de <strong style=\"mso-bidi-font-weight: normal;\">emitir avisos<\/strong> y sobre todo <strong style=\"mso-bidi-font-weight: normal;\">mitigar los efectos<\/strong>, mejorando con ello nuestra seguridad y nuestra calidad de vida.<\/span><\/p>\n<p class=\"MsoNormal\" style=\"margin-bottom: .0001pt; text-align: justify; line-height: normal; mso-pagination: none; mso-layout-grid-align: none; text-autospace: none;\"><span style=\"font-size: large;\"><strong style=\"mso-bidi-font-weight: normal;\"><span style=\"line-height: 115%;\"><a href=\"http:\/\/www.google.es\/#fp=1b5bd09c4802e54f&#038;q=Adolfo+Marroqu%C3%ADn+Santo%C3%B1a\" target=\"_blank\">Adolfo Marroqu\u00edn Santo\u00f1a<\/a><\/span><\/strong><\/span><span style=\"font-size: large; line-height: 115%;\">\u00a0<\/span><\/p>\n<!-- AddThis Advanced Settings generic via filter on the_content --><!-- AddThis Share Buttons generic via filter on the_content -->","protected":false},"excerpt":{"rendered":"<p>\u00a0 El Sistema Clim\u00e1tico de la Tierra es de una gran complejidad y envergadura, en \u00e9l est\u00e1n implicados la atm\u00f3sfera, los oc\u00e9anos, la superficie de la Tierra, la biosfera y la criosfera, todo ello alimentado y movido por la radiaci\u00f3n solar entrante. Considerado en su conjunto, este sistema est\u00e1 en equilibrio, pero no en equilibrio [&hellip;]<!-- AddThis Advanced Settings generic via filter on get_the_excerpt --><!-- AddThis Share Buttons generic via filter on get_the_excerpt --><\/p>\n","protected":false},"author":69,"featured_media":0,"comment_status":"closed","ping_status":"closed","sticky":false,"template":"","format":"standard","meta":[],"categories":[4,5],"tags":[47,142,166,205,230,239,304,325,335,336,401,431,434,457,477,511,521,542,609,673,690,743,804,816,948,1014,1055,1069,1247,1357,1380,1384,1385,1388,1463,1473,1526,1573],"_links":{"self":[{"href":"https:\/\/blogs.hoy.es\/ciencia-facil\/wp-json\/wp\/v2\/posts\/413"}],"collection":[{"href":"https:\/\/blogs.hoy.es\/ciencia-facil\/wp-json\/wp\/v2\/posts"}],"about":[{"href":"https:\/\/blogs.hoy.es\/ciencia-facil\/wp-json\/wp\/v2\/types\/post"}],"author":[{"embeddable":true,"href":"https:\/\/blogs.hoy.es\/ciencia-facil\/wp-json\/wp\/v2\/users\/69"}],"replies":[{"embeddable":true,"href":"https:\/\/blogs.hoy.es\/ciencia-facil\/wp-json\/wp\/v2\/comments?post=413"}],"version-history":[{"count":0,"href":"https:\/\/blogs.hoy.es\/ciencia-facil\/wp-json\/wp\/v2\/posts\/413\/revisions"}],"wp:attachment":[{"href":"https:\/\/blogs.hoy.es\/ciencia-facil\/wp-json\/wp\/v2\/media?parent=413"}],"wp:term":[{"taxonomy":"category","embeddable":true,"href":"https:\/\/blogs.hoy.es\/ciencia-facil\/wp-json\/wp\/v2\/categories?post=413"},{"taxonomy":"post_tag","embeddable":true,"href":"https:\/\/blogs.hoy.es\/ciencia-facil\/wp-json\/wp\/v2\/tags?post=413"}],"curies":[{"name":"wp","href":"https:\/\/api.w.org\/{rel}","templated":true}]}}