{"id":419,"date":"2013-10-11T22:34:36","date_gmt":"2013-10-11T21:34:36","guid":{"rendered":"http:\/\/blogs.hoy.es\/ciencia-facil\/?p=419"},"modified":"2013-10-11T22:34:36","modified_gmt":"2013-10-11T21:34:36","slug":"israel-tierra-de-maestros","status":"publish","type":"post","link":"https:\/\/blogs.hoy.es\/ciencia-facil\/2013\/10\/11\/israel-tierra-de-maestros\/","title":{"rendered":"ISRAEL: Tierra de Maestros"},"content":{"rendered":"<p class=\"MsoNormal\" style=\"mso-margin-top-alt: auto; mso-margin-bottom-alt: auto; line-height: normal;\"><span style=\"font-size: large;\"><a href=\"\/ciencia-facil\/wp-content\/uploads\/sites\/63\/2013\/10\/1.-Credenciales-OMM-en-Jerusal\u00e9n.jpg\"><img loading=\"lazy\" class=\"aligncenter size-large wp-image-420\" title=\"1.- Credenciales OMM en Jerusal\u00e9n\" src=\"\/ciencia-facil\/wp-content\/uploads\/sites\/63\/2013\/10\/1.-Credenciales-OMM-en-Jerusal\u00e9n.jpg\" alt=\"\" width=\"1024\" height=\"455\" srcset=\"https:\/\/static-blogs.hoy.es\/wp-content\/uploads\/sites\/63\/2013\/10\/1.-Credenciales-OMM-en-Jerusal\u00e9n.jpg 2903w, https:\/\/static-blogs.hoy.es\/wp-content\/uploads\/sites\/63\/2013\/10\/1.-Credenciales-OMM-en-Jerusal\u00e9n-300x133.jpg 300w, https:\/\/static-blogs.hoy.es\/wp-content\/uploads\/sites\/63\/2013\/10\/1.-Credenciales-OMM-en-Jerusal\u00e9n-768x341.jpg 768w, https:\/\/static-blogs.hoy.es\/wp-content\/uploads\/sites\/63\/2013\/10\/1.-Credenciales-OMM-en-Jerusal\u00e9n-1024x455.jpg 1024w\" sizes=\"(max-width: 1024px) 100vw, 1024px\" \/><\/a><\/span><\/p>\n<p class=\"MsoNormal\" style=\"mso-margin-top-alt: auto; mso-margin-bottom-alt: auto; line-height: normal;\"><span style=\"font-size: large;\">En la imagen superior, el Responsable\u00a0del Proyecto de la Organizaci\u00f3n Meteorol\u00f3gica Mundial (OMM) hace entrega, en JERUSALEN,\u00a0de su acreditaci\u00f3n al autor de este art\u00edculo, en presencia de las Representantes del Estado de Israel.<\/span><\/p>\n<p class=\"MsoNormal\" style=\"mso-margin-top-alt: auto; mso-margin-bottom-alt: auto; line-height: normal;\"><span style=\"font-size: large;\">No hay duda de que Israel es Tierra de Maestros, en primer lugar por haber sido en aquella tierra en la que se desarroll\u00f3 la vida mundanal del \u201cMaestro Supremo\u201d, es decir de Jesucristo, pero tambi\u00e9n porque han sido y son muchos los doctos maestros de distintas disciplinas, reconocidos a nivel mundial por sus conocimientos, tanto te\u00f3ricos como pr\u00e1cticos, que est\u00e1n dispuestos a ofrecer los mismos a quien quiera recibirlos.<\/span><\/p>\n<p class=\"MsoNormal\" style=\"mso-margin-top-alt: auto; mso-margin-bottom-alt: auto; line-height: normal;\"><span style=\"font-size: large;\">Del Israel como tierra del Maestro Jes\u00fas de Nazaret, siguiendo sus pasos desde Bel\u00e9n hasta Jerusal\u00e9n, les hablar\u00e9 a ustedes en futuros art\u00edculos; pero ahora me refiero s\u00f3lo a los otros maestros con los que cuenta Israel, es decir a aquellos que acumulan valiosos conocimientos y muy interesantes cosas que ense\u00f1arnos.<\/span><\/p>\n<p class=\"MsoNormal\"><span style=\"font-size: large; line-height: 115%;\">Con matices respecto a sus usos y costumbres, algunos de los cuales me parecen dif\u00edciles de comprender, me declaro <strong style=\"mso-bidi-font-weight: normal;\">admirador de Israel y sus gentes<\/strong>, con las que compart\u00ed varios meses de mi vida hace ya tiempo, trabajando sobre <strong style=\"mso-bidi-font-weight: normal;\">Modelos Agrometeorol\u00f3gicos y Agroclim\u00e1ticos<\/strong>, dentro de un Proyecto del Ministerio de Asuntos Exteriores de Israel, en cooperaci\u00f3n con la <span style=\"color: #000000;\"><strong style=\"mso-bidi-font-weight: normal;\">Organizaci\u00f3n Meteorol\u00f3gica Mundial<\/strong> (<strong style=\"mso-bidi-font-weight: normal;\">OMM<\/strong>), que fue dirigido y desarrollado por el <strong style=\"mso-bidi-font-weight: normal;\">Ser\u00advicio Meteorol\u00f3gico de Israel<\/strong>, la <strong>Universidad Ben-Guri\u00f3n del Negev<\/strong> y el <strong style=\"mso-bidi-font-weight: normal;\">Centro Internacional Blaustein para Estudios del Desierto<\/strong>.\u00a0\u00a0\u00a0 <\/span><\/span><\/p>\n<p class=\"MsoNormal\" style=\"mso-margin-top-alt: auto; mso-margin-bottom-alt: auto; line-height: normal;\"><span style=\"font-size: large;\">Durante mi estancia en Israel tuve ocasi\u00f3n de recorrer bastante a fondo el pa\u00eds, lo que no requiere demasiado tiempo ni esfuerzo, puesto que <strong style=\"mso-bidi-font-weight: normal;\">todo su territorio cabr\u00eda en la provincia de Badajoz y sobrar\u00eda sitio<\/strong> (Superficies: Israel=20.700 km<sup>2<\/sup>, Extremadura=41.634 km<sup>2<\/sup>, Badajoz=21.766 km<sup>2<\/sup>, C\u00e1ceres=19.868 km<sup>2<\/sup>). No obstante su relativamente peque\u00f1o tama\u00f1o, es bien conocido que Israel tiene una notable presencia y potencia en el contexto internacional, debido en parte a su actividad desde el interior y tambi\u00e9n a los apoyos que se reciben desde\u00a0 el exterior, procedentes de los muchos jud\u00edos repartidos por todo el mundo.<\/span><\/p>\n<p class=\"MsoNormal\" style=\"mso-margin-top-alt: auto; mso-margin-bottom-alt: auto; line-height: normal;\"><span style=\"font-size: large;\">Cuando, a trav\u00e9s de la noticia publicada en el <strong style=\"mso-bidi-font-weight: normal;\">Diario HOY<\/strong> el 27 de junio del 2013, me enter\u00e9 de la <strong style=\"mso-bidi-font-weight: normal;\">visita a Israel por parte de algunos mandatarios del Gobierno de Extremadura<\/strong>, encabezados por el <strong style=\"mso-bidi-font-weight: normal;\">Presidente Monago<\/strong>, en la que se planteaban l\u00edneas de <strong style=\"mso-bidi-font-weight: normal;\">colaboraci\u00f3n entre Israel y Extremadura<\/strong>, me pareci\u00f3 una magn\u00edfica idea, llena de posibilidades.<\/span><\/p>\n<p class=\"MsoNormal\" style=\"text-align: center;\"><span style=\"font-size: large; line-height: 115%;\">\u00a0 <a href=\"\/ciencia-facil\/wp-content\/uploads\/sites\/63\/2013\/10\/2.-Visita-JEX-a-Israel-HOY-20130627.jpg\"><img loading=\"lazy\" class=\"aligncenter  wp-image-421\" title=\"2.- Visita JEX a Israel (HOY-20130627)\" src=\"\/ciencia-facil\/wp-content\/uploads\/sites\/63\/2013\/10\/2.-Visita-JEX-a-Israel-HOY-20130627.jpg\" alt=\"\" width=\"622\" height=\"472\" srcset=\"https:\/\/static-blogs.hoy.es\/wp-content\/uploads\/sites\/63\/2013\/10\/2.-Visita-JEX-a-Israel-HOY-20130627.jpg 777w, https:\/\/static-blogs.hoy.es\/wp-content\/uploads\/sites\/63\/2013\/10\/2.-Visita-JEX-a-Israel-HOY-20130627-300x228.jpg 300w, https:\/\/static-blogs.hoy.es\/wp-content\/uploads\/sites\/63\/2013\/10\/2.-Visita-JEX-a-Israel-HOY-20130627-768x583.jpg 768w\" sizes=\"(max-width: 622px) 100vw, 622px\" \/><\/a><\/span><\/p>\n<p class=\"MsoNormal\"><span style=\"font-size: large; line-height: 115%;\">\u00a0<\/span><\/p>\n<p class=\"MsoNormal\"><span style=\"font-size: large; line-height: 115%;\">En realidad son bastantes los puntos de similitud que se pueden encontrar entre Israel y Extremadura, comenzando por su extensi\u00f3n territorial, y siguiendo por sus paisajes, por su clima, etc., de forma que en mi opini\u00f3n Extremadura puede aprender mucho, de la experiencia adquirida por Israel a lo largo de decenios de penurias de todo tipo, clim\u00e1ticas y \u201cde las otras\u201d.<\/span><\/p>\n<p class=\"MsoNormal\"><span style=\"font-size: large; line-height: 115%;\">A su vez, desde Extremadura tambi\u00e9n se est\u00e1 hoy en condiciones de ense\u00f1ar parte de lo que se est\u00e1 haciendo, puesto que hay campos en los que podemos hacerlo con plena capacidad, como podr\u00edan ser, entre otros, los desarrollados en el CCMI (Centro de Cirug\u00eda de M\u00ednima Invasi\u00f3n) de C\u00e1ceres.<\/span><\/p>\n<p class=\"MsoNormal\" style=\"margin-bottom: .0001pt; text-align: justify; line-height: normal; mso-pagination: none; mso-hyphenate: none;\"><span style=\"font-size: large;\">Pero focalizando el tema en lo que Israel puede ense\u00f1ar a Extremadura, creo que una de las \u00e1reas m\u00e1s interesantes pueden ser los avances que ellos han alcanzado en el campo de la agricultura, en unas condiciones de suelo, de clima, de posibilidades h\u00eddricas, etc., que son iguales e incluso en muchos casos a\u00fan peores que las que se dan en Extremadura.<\/span><\/p>\n<p class=\"MsoNormal\" style=\"margin-bottom: .0001pt; text-align: justify; line-height: normal; mso-pagination: none; mso-hyphenate: none;\"><span style=\"font-size: large;\">Recordando una parte de lo vivido durante mi estancia en Israel, de las reuniones y conversaciones mantenidas con expertos israel\u00edes en agroclimatolog\u00eda, y <strong style=\"mso-bidi-font-weight: normal;\">sobre todo de las visitas sobre el terreno efectuadas<\/strong>, deduzco que existen muchos aspectos que, a mi juicio y \u201cmutatis mutandis\u201d, pueden resultar de inter\u00e9s para Extremadura.<\/span><\/p>\n<p class=\"MsoNormal\" style=\"margin-bottom: .0001pt; text-align: justify; line-height: normal; mso-pagination: none; mso-hyphenate: none;\"><a href=\"\/ciencia-facil\/wp-content\/uploads\/sites\/63\/2013\/10\/3.-AMS-y-otros-junto-a-Dr.-Lomas.jpg\"><img loading=\"lazy\" title=\"3.- AMS y otros junto a Dr. Lomas\" src=\"\/ciencia-facil\/wp-content\/uploads\/sites\/63\/2013\/10\/3.-AMS-y-otros-junto-a-Dr.-Lomas.jpg\" alt=\"\" width=\"1024\" height=\"645\" \/><\/a><\/p>\n<p class=\"MsoNormal\"><span style=\"font-size: large;\">En la imagen superior, representantes de los pa\u00edses participantes en el Proyecto Internacional Israel-OMM; a la izquierda yo mismo, como representante de Espa\u00f1a, y en el centro el Dr, Jacob Lomas, Director del Servicio Meteorol\u00f3gico de Israel. Solamente de pasada y como ejemplo, citar\u00e9 algunas de las ideas del Dr.\u00a0Lomas y de otros expertos, colegas suyos, con los que tuve el honor de cooperar durante aquel Proyecto, puesto que, en mi opini\u00f3n, podr\u00edan ser de inter\u00e9s para Extremadura:<\/span><\/p>\n<p class=\"MsoNormal\" style=\"margin-bottom: .0001pt; line-height: normal; mso-pagination: none; mso-hyphenate: none;\"><span style=\"font-size: large;\">Una de las posibilidades de utilidad es la asociada a la informaci\u00f3n obtenida a partir de los <strong style=\"mso-bidi-font-weight: normal;\">modelos agrometeorol\u00f3gicos o agroclim\u00e1ticos<\/strong>, que pueden dirigirse a tres objeti\u00advos:<\/span><\/p>\n<p class=\"MsoNormal\" style=\"margin-bottom: .0001pt; text-align: justify; line-height: normal; mso-pagination: none; mso-hyphenate: none;\"><span style=\"font-size: large;\"><strong style=\"mso-bidi-font-weight: normal;\">1.- Investigaci\u00f3n.<\/strong><\/span><\/p>\n<p class=\"MsoNormal\" style=\"margin-bottom: .0001pt; text-align: justify; line-height: normal; mso-pagination: none; mso-hyphenate: none;\"><span style=\"font-size: large;\"><strong style=\"mso-bidi-font-weight: normal;\">2.- Rendimiento de los cultivos.<\/strong><\/span><\/p>\n<p class=\"MsoNormal\" style=\"margin-bottom: .0001pt; text-align: justify; line-height: normal; mso-pagination: none; mso-hyphenate: none;\"><span style=\"font-size: large;\"><strong style=\"mso-bidi-font-weight: normal;\">3.- Actividad econ\u00f3mica.<\/strong><\/span><\/p>\n<p class=\"MsoNormal\" style=\"margin-bottom: .0001pt; text-align: justify; line-height: normal; mso-pagination: none; mso-hyphenate: none;\"><span style=\"font-size: large;\"><strong style=\"mso-bidi-font-weight: normal;\">En el 1<\/strong>.- se trata de <strong style=\"mso-bidi-font-weight: normal;\">analizar el impacto sobre el cultivo de sus condiciones de contorno<\/strong>, como los tratamientos fitosanitarios, la irrigaci\u00f3n, el abona\u00addo, etc.<\/span><\/p>\n<p class=\"MsoNormal\" style=\"margin-bottom: .0001pt; text-align: justify; line-height: normal; mso-pagination: none; mso-hyphenate: none;\"><span style=\"font-size: large;\"><strong style=\"mso-bidi-font-weight: normal;\">En el 2<\/strong>.- se trata de <strong style=\"mso-bidi-font-weight: normal;\">obtener la producci\u00f3n del cultivo<\/strong>, en peso por hect\u00e1rea, bien a la hora de la cosecha final, bien en alguna etapa intermedia. Se trata tambi\u00e9n de prever la fecha en que el cultivo se encontrar\u00e1 en determinados estados fenol\u00f3gicos, por ejemplo la fecha de la floraci\u00f3n o de la maduraci\u00f3n.<\/span><\/p>\n<p class=\"MsoNormal\" style=\"margin-bottom: .0001pt; text-align: justify; line-height: normal; mso-pagination: none; mso-hyphenate: none;\"><span style=\"font-size: large;\"><strong style=\"mso-bidi-font-weight: normal;\">En el 3<\/strong>.- se trata de <strong style=\"mso-bidi-font-weight: normal;\">orientar la pol\u00edtica agraria general<\/strong>, en el sentido de las importaciones o exportaciones de determinados productos en base a la obtenci\u00f3n de benefi\u00adcios por el conocimiento anticipado (dos o tres meses resul\u00adtan adecuados) de la propia producci\u00f3n.<\/span><\/p>\n<p class=\"MsoNormal\" style=\"margin-bottom: .0001pt; text-align: justify; line-height: normal; mso-pagination: none; mso-hyphenate: none;\"><span style=\"font-size: large;\">Tambi\u00e9n se lleg\u00f3 all\u00ed a la conclusi\u00f3n de que en agrometeorolog\u00eda <strong style=\"mso-bidi-font-weight: normal;\">no interesan los ins\u00adtrumentos de observaci\u00f3n meteorol\u00f3gica convencionales<\/strong>, demasiado sensibles y r\u00e1pidos de respuesta, puesto que <strong style=\"mso-bidi-font-weight: normal;\">ni las plantas ni los animales responden a cambios de escasa duraci\u00f3n temporal<\/strong>, por lo que el dato de un instrumento o la gr\u00e1fica de un registrador no demasiado sensible, e incluso con una cierta inercia en su respuesta, se adapta mejor a la hora de <strong style=\"mso-bidi-font-weight: normal;\">reflejar lo que realmente &#8220;siente&#8221; el cultivo, como ser vivo bajo estudio<\/strong>.<\/span><\/p>\n<p class=\"MsoNormal\" style=\"margin-bottom: .0001pt; text-align: justify; line-height: normal; mso-pagination: none; mso-hyphenate: none;\"><span style=\"font-size: large;\">\u00a0<\/span><span style=\"font-size: large;\">Como ejemplo a imitar recuerdo una entrevista mantenida en la ciudad de <strong style=\"mso-bidi-font-weight: normal;\">Beersheba, al Sur de Israel<\/strong>, con el Dr. Y. Harpaz, en la que \u00e9ste expuso la <strong style=\"mso-bidi-font-weight: normal;\">soluci\u00f3n dada en Israel a su problema de ca\u00adrencia de recursos de agua<\/strong>. Esta soluci\u00f3n fue la construcci\u00f3n de un impresionante acueducto, con su red de tuber\u00edas y canales que transpor\u00adtan el agua desde el <strong style=\"mso-bidi-font-weight: normal;\">lago Tiber\u00edades<\/strong> o <strong style=\"mso-bidi-font-weight: normal;\">mar de Galilea<\/strong>, hasta pr\u00e1cticamente todos los puntos de Israel, incluido el desierto, recorriendo y \u201cregando\u201d Israel de norte a sur.<\/span><\/p>\n<p class=\"MsoNormal\" style=\"margin-bottom: .0001pt; text-align: justify; line-height: normal; mso-pagination: none; mso-hyphenate: none;\"><span style=\"font-size: large;\">El control de entradas\/salidas de agua a lo largo de todo el enorme recorrido del acueducto es digno de admiraci\u00f3n; vi\u00e9ndolo se da uno cuenta de lo que vale el agua cuando disponer de ella es dif\u00edcil y con frecuencia inseguro. <strong style=\"mso-bidi-font-weight: normal;\">De la administraci\u00f3n de ese precioso fluido que es el agua podr\u00eda aprender mucho Extremadura<\/strong>, donde lamentablemente es imagen frecuente ver fugas de agua, por roturas o aver\u00edas en las conducciones y por otras muchas causas nacidas de la <strong style=\"mso-bidi-font-weight: normal;\">habitual abundancia, pero cuidado\u2026 \u00a1Aprendamos de Israel!<\/strong><\/span><\/p>\n<p class=\"MsoNormal\" style=\"margin-bottom: .0001pt; text-align: justify; line-height: normal; mso-pagination: none; mso-hyphenate: none;\"><span style=\"font-size: large;\"><strong style=\"mso-bidi-font-weight: normal;\"><\/strong><\/span><\/p>\n<p><strong><a href=\"https:\/\/www.google.es\/?gfe_rd=cr&#038;ei=hn88Vv6TPIjCbOOKvdgG&#038;gws_rd=ssl#q=Adolfo+Marroqu%C3%ADn+Santo%C3%B1a\"><span style=\"color: #0000ff;\">Adolfo Marroqu\u00edn Santo\u00f1a<\/span><\/a><\/strong><\/p>\n<p class=\"MsoNormal\" style=\"margin-bottom: .0001pt; text-align: justify; line-height: normal; mso-pagination: none; mso-hyphenate: none;\"><span style=\"font-size: large; line-height: 115%;\"><br \/>\n<\/span><\/p>\n<!-- AddThis Advanced Settings generic via filter on the_content --><!-- AddThis Share Buttons generic via filter on the_content -->","protected":false},"excerpt":{"rendered":"<p>En la imagen superior, el Responsable\u00a0del Proyecto de la Organizaci\u00f3n Meteorol\u00f3gica Mundial (OMM) hace entrega, en JERUSALEN,\u00a0de su acreditaci\u00f3n al autor de este art\u00edculo, en presencia de las Representantes del Estado de Israel. No hay duda de que Israel es Tierra de Maestros, en primer lugar por haber sido en aquella tierra en la que [&hellip;]<!-- AddThis Advanced Settings generic via filter on get_the_excerpt --><!-- AddThis Share Buttons generic via filter on get_the_excerpt --><\/p>\n","protected":false},"author":69,"featured_media":0,"comment_status":"closed","ping_status":"closed","sticky":false,"template":"","format":"standard","meta":[],"categories":[7,9],"tags":[23,43,44,45,46,47,181,182,277,287,397,407,595,661,806,829,840,904,969,1025,1069,1082,1271,1289,1366,1460,1510],"_links":{"self":[{"href":"https:\/\/blogs.hoy.es\/ciencia-facil\/wp-json\/wp\/v2\/posts\/419"}],"collection":[{"href":"https:\/\/blogs.hoy.es\/ciencia-facil\/wp-json\/wp\/v2\/posts"}],"about":[{"href":"https:\/\/blogs.hoy.es\/ciencia-facil\/wp-json\/wp\/v2\/types\/post"}],"author":[{"embeddable":true,"href":"https:\/\/blogs.hoy.es\/ciencia-facil\/wp-json\/wp\/v2\/users\/69"}],"replies":[{"embeddable":true,"href":"https:\/\/blogs.hoy.es\/ciencia-facil\/wp-json\/wp\/v2\/comments?post=419"}],"version-history":[{"count":0,"href":"https:\/\/blogs.hoy.es\/ciencia-facil\/wp-json\/wp\/v2\/posts\/419\/revisions"}],"wp:attachment":[{"href":"https:\/\/blogs.hoy.es\/ciencia-facil\/wp-json\/wp\/v2\/media?parent=419"}],"wp:term":[{"taxonomy":"category","embeddable":true,"href":"https:\/\/blogs.hoy.es\/ciencia-facil\/wp-json\/wp\/v2\/categories?post=419"},{"taxonomy":"post_tag","embeddable":true,"href":"https:\/\/blogs.hoy.es\/ciencia-facil\/wp-json\/wp\/v2\/tags?post=419"}],"curies":[{"name":"wp","href":"https:\/\/api.w.org\/{rel}","templated":true}]}}