{"id":428,"date":"2013-10-30T13:15:35","date_gmt":"2013-10-30T12:15:35","guid":{"rendered":"http:\/\/blogs.hoy.es\/ciencia-facil\/?p=428"},"modified":"2013-10-30T13:15:35","modified_gmt":"2013-10-30T12:15:35","slug":"israel-el-norte-de-jesus-de-nazaret","status":"publish","type":"post","link":"https:\/\/blogs.hoy.es\/ciencia-facil\/2013\/10\/30\/israel-el-norte-de-jesus-de-nazaret\/","title":{"rendered":"ISRAEL: El norte, de Jes\u00fas de Nazaret"},"content":{"rendered":"<div class=\"mceTemp\" style=\"text-align: center;\">\n<dl id=\"attachment_429\" class=\"wp-caption alignleft\" style=\"width: 288px;\">\n<dt class=\"wp-caption-dt\"><a href=\"\/ciencia-facil\/wp-content\/uploads\/sites\/63\/2013\/10\/0.-Mapa-de-Israel.jpg\"><img loading=\"lazy\" class=\" wp-image-429  \" title=\"0.- Mapa de Israel\" src=\"\/ciencia-facil\/wp-content\/uploads\/sites\/63\/2013\/10\/0.-Mapa-de-Israel.jpg\" alt=\"\" width=\"278\" height=\"600\" srcset=\"https:\/\/static-blogs.hoy.es\/wp-content\/uploads\/sites\/63\/2013\/10\/0.-Mapa-de-Israel.jpg 434w, https:\/\/static-blogs.hoy.es\/wp-content\/uploads\/sites\/63\/2013\/10\/0.-Mapa-de-Israel-139x300.jpg 139w\" sizes=\"(max-width: 278px) 100vw, 278px\" \/><\/a><\/dt>\n<dd class=\"wp-caption-dd\"><span style=\"font-size: large; color: #0000ff;\"><strong>Mapa de Israel y su contorno<\/strong><\/span><\/dd>\n<\/dl>\n<\/div>\n<p class=\"MsoNormal\"><span style=\"font-size: large; line-height: 115%;\">Durante mi estancia en Israel, el cuartel general de trabajo se estableci\u00f3 en <strong style=\"mso-bidi-font-weight: normal;\">Tel Aviv<\/strong>, si bien con varias estancias cortas en algunos de los m\u00faltiples <strong style=\"mso-bidi-font-weight: normal;\">kibutz<\/strong> existentes en Israel. Estos kibutz son poblados aut\u00f3nomos, con un n\u00famero de pobladores muy variable, entre los 200 y los 2.000 e incluso m\u00e1s, basados en la explotaci\u00f3n agr\u00edcola de una propiedad colectiva. Cada kibutz funciona como una <strong style=\"mso-bidi-font-weight: normal;\">entidad autosuficiente en la que se practica una econom\u00eda de subsistencia<\/strong>; all\u00ed nadie percib\u00eda retribuci\u00f3n dineraria alguna por el trabajo que realizaba, pero todas las necesidades b\u00e1sicas de alimentaci\u00f3n, vivienda, sanidad, e incluso algunas otras, como ocio, cultura, etc., estaban cubiertas.<\/span><\/p>\n<p class=\"MsoNormal\"><span style=\"font-size: large; line-height: 115%;\">Aunque mi viaje y permanencia en Israel obedec\u00eda a razones de trabajo y no a turismo, como tuve ocasi\u00f3n de relatar en un art\u00edculo anterior que titulaba \u201c<strong style=\"mso-bidi-font-weight: normal;\">ISRAEL: Tierra de Maestros<\/strong>\u201d, tambi\u00e9n hubo momentos para visitar algunos de los lugares m\u00e1s conocidos por relatos hist\u00f3ricos, relacionados sobre todo con el nacimiento y posterior vida p\u00fablica de Jes\u00fas de Nazaret por aquellas tierras.\u00a0 <\/span><\/p>\n<p class=\"MsoNormal\"><span style=\"font-size: large; line-height: 115%;\">Israel no es muy grande en extensi\u00f3n territorial, pero evidentemente s\u00ed lo es en historia y desarrollo, de forma que su pasado y su presente dar\u00edan para relatos muy muy largos; por mi parte me limitar\u00e9 a referirme a los que m\u00e1s me impactaron, empezando por el norte del pa\u00eds, digamos al norte de la l\u00ednea imaginaria <strong style=\"mso-bidi-font-weight: normal;\">Tel Aviv-Jerusal\u00e9n-Mar Muerto<\/strong>; dejando la visita a los lugares de esa l\u00ednea y al sur de la misma, para otro art\u00edculo posterior, con una excepci\u00f3n que es la de la ciudad de Bel\u00e9n, puesto que aunque est\u00e1 ligeramente <strong style=\"mso-bidi-font-weight: normal;\">al sur de Jerusal\u00e9n<\/strong>, quiero empezar por ella, al ser all\u00ed donde circunstancialmente vino al mundo <strong style=\"mso-bidi-font-weight: normal;\">Jes\u00fas de Nazaret<\/strong> (no de Bel\u00e9n).<\/span><\/p>\n<p class=\"MsoNormal\"><span style=\"font-size: large;\"><strong style=\"mso-bidi-font-weight: normal;\"><span style=\"text-decoration: underline;\"><span style=\"line-height: 115%;\">BEL\u00c9N<\/span><\/span><\/strong><span style=\"line-height: 115%;\">.- Es una ciudad de Cisjordania, situada a unos 9 km al sur de Jerusal\u00e9n y enclavada en los montes de Judea. All\u00ed es donde comienza, seg\u00fan los Evangelios, la vida terrenal de Jes\u00fas de Nazaret, con su<\/span> <span style=\"line-height: 115%;\">llegada al mundo, en un <strong style=\"mso-bidi-font-weight: normal;\">m\u00e1s que famoso portal<\/strong>. Bel\u00e9n es una ciudad relativamente peque\u00f1a, pero con <strong style=\"mso-bidi-font-weight: normal;\">un lugar que hay que visitar sin duda<\/strong>, que es la iglesia de la Natividad y en ella <strong style=\"mso-bidi-font-weight: normal;\">la gruta del Nacimiento<\/strong>.<\/span><\/span><\/p>\n<p class=\"MsoNormal\"><span style=\"font-size: large;\"><span style=\"line-height: 115%;\">Sorprende el peque\u00f1o tama\u00f1o de la puerta<\/span> <span style=\"line-height: 115%;\">de acceso a la iglesia,<\/span> <span style=\"line-height: 115%;\">poco m\u00e1s de metro y medio de altura del dintel; sorprenden tambi\u00e9n las muchas grietas y manchas de la losa de m\u00e1rmol que cubre el <strong style=\"mso-bidi-font-weight: normal;\">lugar exacto del nacimiento de Cristo<\/strong>, justo bajo la estrella de plata, seg\u00fan se indica all\u00ed. Pero impresiona pensar en los acontecimientos ocurridos all\u00ed hace algo m\u00e1s de dos milenios.<\/span><\/span><\/p>\n<p class=\"MsoNormal\"><span style=\"font-size: large; line-height: 115%;\">\u00a0<a href=\"\/ciencia-facil\/wp-content\/uploads\/sites\/63\/2013\/10\/1.-Entrada-a-la-Iglesia-de-la-Natividad-y-lugar-del-nacimiento-de-Cristo.jpg\"><img loading=\"lazy\" title=\"1.- Entrada a la Iglesia de la Natividad y lugar del nacimiento de Cristo\" src=\"\/ciencia-facil\/wp-content\/uploads\/sites\/63\/2013\/10\/1.-Entrada-a-la-Iglesia-de-la-Natividad-y-lugar-del-nacimiento-de-Cristo.jpg\" alt=\"\" width=\"872\" height=\"301\" \/><\/a><\/span><\/p>\n<p class=\"MsoNormal\"><span style=\"font-size: large;\"><strong style=\"mso-bidi-font-weight: normal;\"><span style=\"text-decoration: underline;\"><span style=\"line-height: 115%;\">De Tel-Aviv hacia el norte<\/span><\/span><\/strong><span style=\"line-height: 115%;\">.- Subiendo a lo largo de la costa del Mediterr\u00e1neo, a medio camino entre Tel-Aviv y Haifa, se encuentra la ciudad, romana y bizantina, de <strong style=\"mso-bidi-font-weight: normal;\"><span style=\"text-decoration: underline;\">Hadera<\/span><\/strong> con fuerte huella dejada por los caballeros cruzados, que la ha convertido en un enclave de gran inter\u00e9s arqueol\u00f3gico. Desde all\u00ed, a menos de 50 km hacia el interior, en direcci\u00f3n al lago de Tiber\u00edades o mar de Galilea, encontramos la ciudad de <strong style=\"mso-bidi-font-weight: normal;\">Nazaret, el hogar de la Sagrada Familia<\/strong>.<\/span><\/span><\/p>\n<p class=\"MsoNormal\"><span style=\"font-size: large;\"><strong style=\"mso-bidi-font-weight: normal;\"><span style=\"text-decoration: underline;\"><span style=\"line-height: 115%;\">NAZARET<\/span><\/span><\/strong><span style=\"line-height: 115%;\">.- Muy al contrario de la sensaci\u00f3n vivida en Bel\u00e9n, al entrar en Nazaret, <strong style=\"mso-bidi-font-weight: normal;\">cuna de la Cristiandad<\/strong>, la ciudad donde, seg\u00fan la tradici\u00f3n, el \u00e1ngel Gabriel anunci\u00f3 a Mar\u00eda que iba a concebir por obra del Esp\u00edritu Santo y el lugar donde Jes\u00fas pas\u00f3 su infancia y su juventud, encontramos la <strong style=\"mso-bidi-font-weight: normal;\">espl\u00e9ndida iglesia de la Anunciaci\u00f3n<\/strong>, en cuyo interior queda a la vista la casa de Mar\u00eda, no s\u00f3lo con paredes, columnas, muros y detalles del interior, sino con el camino exterior a la casa; todo lo cual puede observarse desde la barandilla que rodea ese espacio.<\/span><\/span><\/p>\n<p class=\"MsoNormal\"><span style=\"font-size: large; line-height: 115%;\">Sinceramente no estoy seguro de que aquella fuera la casa de Mar\u00eda o la de Jos\u00e9, recuerdo haber le\u00eddo que eran vecinos, o tal vez ninguna de las dos, pero s\u00ed estoy seguro de que la imagen que me vino a la mente fue la de <strong style=\"mso-bidi-font-weight: normal;\">un Jes\u00fas de Nazaret ni\u00f1o<\/strong>, caminando y jugando por all\u00ed con aquellas piedras. No s\u00e9 cu\u00e1nto tiempo estuve all\u00ed arrodillado, pero debi\u00f3 ser bastante, aunque a m\u00ed me pareci\u00f3 muy poco y desde luego muy agradable.\u00a0\u00a0 <\/span><\/p>\n<p class=\"MsoNormal\"><span style=\"font-size: large; line-height: 115%;\">Muy cerca de Nazaret est\u00e1 el <strong style=\"mso-bidi-font-weight: normal;\">monte Tabor<\/strong>, con la bas\u00edlica de la Transfiguraci\u00f3n; <strong style=\"mso-bidi-font-weight: normal;\">Can\u00e1 de Galilea<\/strong>, donde se celebr\u00f3 la boda en la que Jes\u00fas convirti\u00f3 el agua en vino, y muchos otros lugares conocidos por los hechos de Jes\u00fas en ellos; visitarlos era como dar un paseo por las Sagradas Escrituras, de forma que, a poca imaginaci\u00f3n que se le echara, daba la sensaci\u00f3n de un salto en el tiempo, y de estar presente en cada hecho.<\/span><\/p>\n<p class=\"MsoNormal\"><span style=\"font-size: large; line-height: 115%;\"><br \/>\n<\/span><\/p>\n<div class=\"mceTemp mceIEcenter\" style=\"text-align: center;\">\n<dl id=\"attachment_431\" class=\"wp-caption aligncenter\" style=\"width: 527px;\">\n<dt class=\"wp-caption-dt\"><a href=\"\/ciencia-facil\/wp-content\/uploads\/sites\/63\/2013\/10\/2.-Nazaret_Iglesia-de-la-Anunciaci\u00f3n-casa-de-la-familia-de-la-Virgen-Mar\u00eda-y-detalle-interior.jpg\"><img loading=\"lazy\" class=\" wp-image-431   \" title=\"2.- Nazaret_Iglesia de la Anunciaci\u00f3n, casa de la familia de la Virgen Mar\u00eda y detalle interior\" src=\"\/ciencia-facil\/wp-content\/uploads\/sites\/63\/2013\/10\/2.-Nazaret_Iglesia-de-la-Anunciaci\u00f3n-casa-de-la-familia-de-la-Virgen-Mar\u00eda-y-detalle-interior.jpg\" alt=\"\" width=\"517\" height=\"140\" srcset=\"https:\/\/static-blogs.hoy.es\/wp-content\/uploads\/sites\/63\/2013\/10\/2.-Nazaret_Iglesia-de-la-Anunciaci\u00f3n-casa-de-la-familia-de-la-Virgen-Mar\u00eda-y-detalle-interior.jpg 3639w, https:\/\/static-blogs.hoy.es\/wp-content\/uploads\/sites\/63\/2013\/10\/2.-Nazaret_Iglesia-de-la-Anunciaci\u00f3n-casa-de-la-familia-de-la-Virgen-Mar\u00eda-y-detalle-interior-300x82.jpg 300w, https:\/\/static-blogs.hoy.es\/wp-content\/uploads\/sites\/63\/2013\/10\/2.-Nazaret_Iglesia-de-la-Anunciaci\u00f3n-casa-de-la-familia-de-la-Virgen-Mar\u00eda-y-detalle-interior-768x209.jpg 768w, https:\/\/static-blogs.hoy.es\/wp-content\/uploads\/sites\/63\/2013\/10\/2.-Nazaret_Iglesia-de-la-Anunciaci\u00f3n-casa-de-la-familia-de-la-Virgen-Mar\u00eda-y-detalle-interior-1024x279.jpg 1024w\" sizes=\"(max-width: 517px) 100vw, 517px\" \/><\/a><\/dt>\n<dd class=\"wp-caption-dd\"><span style=\"font-size: large; color: #0000ff;\"><strong>NAZARET: Iglesia de la Anunciaci\u00f3n, casa de la familia de la Virgen Mar\u00eda y detalle del interior<\/strong><\/span><\/dd>\n<\/dl>\n<\/div>\n<p class=\"MsoNormal\"><span style=\"font-size: large; line-height: 115%;\">\u00a0<\/span><\/p>\n<p class=\"MsoNormal\"><span style=\"font-size: large;\"><strong style=\"mso-bidi-font-weight: normal;\"><span style=\"text-decoration: underline;\"><span style=\"line-height: 115%;\">LAGO DE TIBER\u00cdADES<\/span><\/span><\/strong><span style=\"line-height: 115%;\">.- En la ciudad de Tiber\u00edades, a orillas del lago de su nombre que se encuentra a 210 metros bajo el nivel del mar, residi\u00f3 Jes\u00fas tras abandonar Nazaret y desde all\u00ed comenz\u00f3 sus predicaciones; muy cerca se encuentran lugares tan conocidos como <strong style=\"mso-bidi-font-weight: normal;\">Cafarna\u00fan, Bets\u00e1ida, el Monte de las Bienaventuranzas, Tabgha<\/strong> donde tuvo lugar la <strong style=\"mso-bidi-font-weight: normal;\">multiplicaci\u00f3n de los panes y los peces<\/strong> tras el <strong style=\"mso-bidi-font-weight: normal;\">serm\u00f3n de la monta\u00f1a<\/strong>, etc.; de hecho, casi toda la vida p\u00fablica de Jes\u00fas transcurri\u00f3 en las orillas de este lago, sobre cuyas aguas incluso camin\u00f3 en una ocasi\u00f3n.<\/span><\/span><\/p>\n<p class=\"MsoNormal\"><span style=\"font-size: large; line-height: 115%;\">En el punto en que la salida del lago de Tiber\u00edades emboca el valle del Jord\u00e1n, se encuentra <strong style=\"mso-bidi-font-weight: normal;\">Yardenit<\/strong>, un baptisterio para peregrinos situado <strong style=\"mso-bidi-font-weight: normal;\">en el lugar en que la tradici\u00f3n establece que fue bautizado el propio Jes\u00fas por Juan el Bautista<\/strong>, junto al puente que cruza el rio Jord\u00e1n, camino al <strong style=\"mso-bidi-font-weight: normal;\">kibutz Kineret<\/strong>, paradigma de t\u00edpico kibutz israel\u00ed, que fue fundado en 1913.<\/span><\/p>\n<p class=\"MsoNormal\"><span style=\"font-size: large; line-height: 115%;\">Este kibutz, adem\u00e1s de ser pionero en el cultivo y comercializaci\u00f3n de d\u00e1tiles en la zona, es tambi\u00e9n el <strong style=\"mso-bidi-font-weight: normal;\">organismo responsable de la administraci\u00f3n del baptisterio<\/strong>, mediante la explotaci\u00f3n de todos los derechos, entre los que se cuenta tanto el acceso, equipamiento y bautismo en s\u00ed, como el suministro de una serie de productos, incluyendo el agua para ser llevada por los visitantes para bautismos lejanos. Huelga decir que all\u00ed me hice con varios frascos del preciado y precintado l\u00edquido, el agua del Jord\u00e1n.<\/span><\/p>\n<p class=\"MsoNormal\"><span style=\"font-size: large; line-height: 115%;\"><br \/>\n<\/span><\/p>\n<div class=\"mceTemp mceIEcenter\" style=\"text-align: center;\">\n<dl id=\"attachment_432\" class=\"wp-caption aligncenter\" style=\"width: 527px;\">\n<dt class=\"wp-caption-dt\"><a href=\"\/ciencia-facil\/wp-content\/uploads\/sites\/63\/2013\/10\/3.-Lago-Tiber\u00edades-y-Baptisterio-de-peregrinos.jpg\"><img loading=\"lazy\" class=\" wp-image-432   \" title=\"3.- Lago Tiber\u00edades y Baptisterio de peregrinos\" src=\"\/ciencia-facil\/wp-content\/uploads\/sites\/63\/2013\/10\/3.-Lago-Tiber\u00edades-y-Baptisterio-de-peregrinos.jpg\" alt=\"\" width=\"517\" height=\"300\" srcset=\"https:\/\/static-blogs.hoy.es\/wp-content\/uploads\/sites\/63\/2013\/10\/3.-Lago-Tiber\u00edades-y-Baptisterio-de-peregrinos.jpg 798w, https:\/\/static-blogs.hoy.es\/wp-content\/uploads\/sites\/63\/2013\/10\/3.-Lago-Tiber\u00edades-y-Baptisterio-de-peregrinos-300x174.jpg 300w, https:\/\/static-blogs.hoy.es\/wp-content\/uploads\/sites\/63\/2013\/10\/3.-Lago-Tiber\u00edades-y-Baptisterio-de-peregrinos-768x446.jpg 768w\" sizes=\"(max-width: 517px) 100vw, 517px\" \/><\/a><\/dt>\n<dd class=\"wp-caption-dd\"><span style=\"font-size: large; color: #0000ff;\"><strong>GALILEA: Lago Tiber\u00edades y Baptisterio de peregrinos en el rio Jord\u00e1n<\/strong><\/span><\/dd>\n<\/dl>\n<\/div>\n<p class=\"MsoNormal\"><span style=\"font-size: large; line-height: 115%;\">\u00a0<\/span><\/p>\n<p class=\"MsoNormal\"><span style=\"font-size: large;\"><strong style=\"mso-bidi-font-weight: normal;\"><span style=\"text-decoration: underline;\"><span style=\"line-height: 115%;\">ALTOS DEL GOL\u00c1N<\/span><\/span><\/strong><span style=\"line-height: 115%;\">.- Situados al noreste del lago Tiber\u00edades y muy pr\u00f3ximos a \u00e9l, no se entiende bien por qu\u00e9 esta zona ha sido motivo de tantas disputas y guerras, hasta que se visita sobre el terreno y se observa desde all\u00ed el Mar de Galilea; en efecto, los Altos de Gol\u00e1n son un peque\u00f1o territorio de colinas, de unos 1.200 km<sup>2<\/sup>, en la <strong style=\"mso-bidi-font-weight: normal;\">frontera entre Siria, L\u00edbano e Israel<\/strong>. Internacionalmente son considerados territorio sirio, pero Israel mantiene ocupado la mayor parte de estas colinas desde 1967 y su eventual retirada es, en mi humilde opini\u00f3n, muy improbable.<\/span><\/span><\/p>\n<p class=\"MsoNormal\"><span style=\"font-size: large;\"><strong style=\"mso-bidi-font-weight: normal;\"><span style=\"line-height: 115%;\">Los motivos<\/span><\/strong><span style=\"line-height: 115%;\"> por los que esa peque\u00f1a zona de terreno tiene tanta importancia para Israel hay que buscarlos, y sigue siendo en mi humilde opini\u00f3n, en el <strong style=\"mso-bidi-font-weight: normal;\">control del agua<\/strong> aportada por el lago de Tiber\u00edades y el rio Jord\u00e1n, aportaci\u00f3n que es esencial para la propia supervivencia del pa\u00eds, como ya les relataba a ustedes en un art\u00edculo anterior que titulaba \u201c<strong style=\"mso-bidi-font-weight: normal;\">ISRAEL: Agricultura en ambiente hostil<\/strong>\u201d.<\/span><\/span><\/p>\n<p class=\"MsoNormal\"><span style=\"font-size: large;\"><strong style=\"mso-bidi-font-weight: normal;\"><span style=\"text-decoration: underline;\"><span style=\"line-height: 115%;\">HAIFA<\/span><\/span><\/strong><span style=\"line-height: 115%;\">.- Regresando hacia la costa del Mediterr\u00e1neo, a unos 60 km al este del Lago de Tiber\u00edades, encontramos la magn\u00edfica ciudad de Haifa, la <strong style=\"mso-bidi-font-weight: normal;\">capital del norte de Israel y el principal puerto del pa\u00eds<\/strong>, est\u00e1 construida junto a la bah\u00eda, en la ladera del <strong style=\"mso-bidi-font-weight: normal;\">Monte Carmelo<\/strong>, ligado especialmente al recuerdo de El\u00edas y Eliseo, dos grandes profetas del Antiguo Testamento, as\u00ed como al <strong style=\"mso-bidi-font-weight: normal;\">nacimiento de la Orden del Carmen<\/strong>, en honor a la que se construy\u00f3 all\u00ed, sobre la Gruta del Profeta El\u00edas, la Iglesia de Stella Maris consagrada a la Virgen del Carmen. <\/span><\/span><\/p>\n<p class=\"MsoNormal\"><span style=\"font-size: large; line-height: 115%;\">\u00a0<a href=\"\/ciencia-facil\/wp-content\/uploads\/sites\/63\/2013\/10\/4.-AMS-en-Haifa-Capital-del-norte-Jardines-y-Santuario-Bahai-al-pie-de-Monte-Carmel.jpg\"><img loading=\"lazy\" title=\"4.- AMS en Haifa, Capital del norte - Jardines y Santuario Baha'i, al pie de Monte Carmel\" src=\"\/ciencia-facil\/wp-content\/uploads\/sites\/63\/2013\/10\/4.-AMS-en-Haifa-Capital-del-norte-Jardines-y-Santuario-Bahai-al-pie-de-Monte-Carmel.jpg\" alt=\"\" width=\"1024\" height=\"498\" \/><\/a><\/span><\/p>\n<p class=\"MsoNormal\"><span style=\"font-size: large; line-height: 115%;\">Son espectaculares los <strong style=\"mso-bidi-font-weight: normal;\">Jardines Persas<\/strong> que rodean el <strong style=\"mso-bidi-font-weight: normal;\">Centro Mundial Bahai<\/strong>, lugar sagrado del baha\u00edsmo, que es una religi\u00f3n monote\u00edsta cuyos fieles siguen las ense\u00f1anzas de <strong style=\"mso-bidi-font-weight: normal;\">Bah\u00e1&#8217;u&#8217;ll\u00e1h<\/strong>, su profeta y fundador. Este Centro y los Jardines fueron declarados <strong style=\"mso-bidi-font-weight: normal;\">Patrimonio de la Humanidad<\/strong> por la <strong style=\"mso-bidi-font-weight: normal;\">UNESCO<\/strong> y es un lugar que impresiona por su belleza y contenido.<\/span><\/p>\n<p class=\"MsoNormal\"><span style=\"font-size: large;\"><strong style=\"mso-bidi-font-weight: normal;\"><span style=\"text-decoration: underline;\"><span style=\"line-height: 115%;\">ROSH HANIKRA<\/span><\/span><\/strong><span style=\"line-height: 115%;\">.- A unos 40 km al norte de Haifa se llega a la <strong style=\"mso-bidi-font-weight: normal;\">frontera con el L\u00edbano<\/strong>, en el punto m\u00e1s al norte de Israel, famoso por sus espectaculares formaciones rocosas, en las que la naturaleza y el permanente oleaje del mar han ido horadando durante siglos una serie de <strong style=\"mso-bidi-font-weight: normal;\">grutas y cuevas<\/strong><\/span><strong style=\"mso-bidi-font-weight: normal;\"> <\/strong><span style=\"line-height: 115%;\">en la roca caliza de Creta, una maravilla natural que es un gran atractivo tur\u00edstico.<\/span><\/span><\/p>\n<p class=\"MsoNormal\"><span style=\"font-size: large; line-height: 115%;\"><br \/>\n<\/span><\/p>\n<div class=\"mceTemp mceIEcenter\" style=\"text-align: center;\">\n<dl id=\"attachment_434\" class=\"wp-caption aligncenter\" style=\"width: 506px;\">\n<dt class=\"wp-caption-dt\"><a href=\"\/ciencia-facil\/wp-content\/uploads\/sites\/63\/2013\/10\/5.-Rosh-Hanikra-Telef\u00e9rico-y-grutas.jpg\"><img loading=\"lazy\" class=\" wp-image-434   \" title=\"5.- Rosh Hanikra-Telef\u00e9rico y grutas\" src=\"\/ciencia-facil\/wp-content\/uploads\/sites\/63\/2013\/10\/5.-Rosh-Hanikra-Telef\u00e9rico-y-grutas.jpg\" alt=\"\" width=\"496\" height=\"190\" \/><\/a><\/dt>\n<dd class=\"wp-caption-dd\"><span style=\"font-size: large; color: #0000ff;\"><strong>FRONTERA CON EL L\u00cdBANO: Rosh Hanikra -Telef\u00e9rico y grutas naturales<\/strong><\/span><\/dd>\n<\/dl>\n<\/div>\n<p class=\"MsoNormal\"><span style=\"font-size: large; line-height: 115%;\">\u00a0<\/span><\/p>\n<p class=\"MsoNormal\"><span style=\"font-size: large; line-height: 115%;\">Acceder desde lo alto del acantilado a las grutas, entrelazadas al nivel del mar, <strong style=\"mso-bidi-font-weight: normal;\">s\u00f3lo es posible mediante un telef\u00e9rico<\/strong> del que se dice tiene la pendiente m\u00e1s pronunciada del mundo, y ciertamente esa es la sensaci\u00f3n que se tiene al utilizarlo, pero el espect\u00e1culo merece la pena, sobre todo si se compara su <strong style=\"mso-bidi-font-weight: normal;\">belleza natural contra la fealdad antinatural<\/strong> que se puede contemplar <strong style=\"mso-bidi-font-weight: normal;\">a unos pocos metros<\/strong>, en la frontera con el L\u00edbano, con verjas, alambradas, bloques de hormig\u00f3n, soldados,\u2026 <strong style=\"mso-bidi-font-weight: normal;\">y armas, muchas armas, demasiadas armas<\/strong>.<\/span><\/p>\n<p class=\"MsoNormal\"><span style=\"font-size: large;\"><strong style=\"mso-bidi-font-weight: normal;\"><span style=\"line-height: 115%;\"><a href=\"http:\/\/www.google.es\/#fp=1b5bd09c4802e54f&#038;q=Adolfo+Marroqu%C3%ADn+Santo%C3%B1a\" target=\"_blank\">Adolfo Marroqu\u00edn Santo\u00f1a<\/a><\/span><\/strong><\/span><\/p>\n<!-- AddThis Advanced Settings generic via filter on the_content --><!-- AddThis Share Buttons generic via filter on the_content -->","protected":false},"excerpt":{"rendered":"<p>Mapa de Israel y su contorno Durante mi estancia en Israel, el cuartel general de trabajo se estableci\u00f3 en Tel Aviv, si bien con varias estancias cortas en algunos de los m\u00faltiples kibutz existentes en Israel. Estos kibutz son poblados aut\u00f3nomos, con un n\u00famero de pobladores muy variable, entre los 200 y los 2.000 e [&hellip;]<!-- AddThis Advanced Settings generic via filter on get_the_excerpt --><!-- AddThis Share Buttons generic via filter on get_the_excerpt --><\/p>\n","protected":false},"author":69,"featured_media":0,"comment_status":"closed","ping_status":"closed","sticky":false,"template":"","format":"standard","meta":[],"categories":[7,9],"tags":[80,180,182,188,223,246,288,707,713,714,768,769,829,836,840,841,854,855,863,915,916,979,980,983,1021,1080,1307,1316,1422,1428,1559,1582],"_links":{"self":[{"href":"https:\/\/blogs.hoy.es\/ciencia-facil\/wp-json\/wp\/v2\/posts\/428"}],"collection":[{"href":"https:\/\/blogs.hoy.es\/ciencia-facil\/wp-json\/wp\/v2\/posts"}],"about":[{"href":"https:\/\/blogs.hoy.es\/ciencia-facil\/wp-json\/wp\/v2\/types\/post"}],"author":[{"embeddable":true,"href":"https:\/\/blogs.hoy.es\/ciencia-facil\/wp-json\/wp\/v2\/users\/69"}],"replies":[{"embeddable":true,"href":"https:\/\/blogs.hoy.es\/ciencia-facil\/wp-json\/wp\/v2\/comments?post=428"}],"version-history":[{"count":0,"href":"https:\/\/blogs.hoy.es\/ciencia-facil\/wp-json\/wp\/v2\/posts\/428\/revisions"}],"wp:attachment":[{"href":"https:\/\/blogs.hoy.es\/ciencia-facil\/wp-json\/wp\/v2\/media?parent=428"}],"wp:term":[{"taxonomy":"category","embeddable":true,"href":"https:\/\/blogs.hoy.es\/ciencia-facil\/wp-json\/wp\/v2\/categories?post=428"},{"taxonomy":"post_tag","embeddable":true,"href":"https:\/\/blogs.hoy.es\/ciencia-facil\/wp-json\/wp\/v2\/tags?post=428"}],"curies":[{"name":"wp","href":"https:\/\/api.w.org\/{rel}","templated":true}]}}