{"id":480,"date":"2014-01-08T11:45:16","date_gmt":"2014-01-08T10:45:16","guid":{"rendered":"http:\/\/blogs.hoy.es\/ciencia-facil\/?p=480"},"modified":"2014-01-08T11:45:16","modified_gmt":"2014-01-08T10:45:16","slug":"no-habra-cafe-para-todos","status":"publish","type":"post","link":"https:\/\/blogs.hoy.es\/ciencia-facil\/2014\/01\/08\/no-habra-cafe-para-todos\/","title":{"rendered":"No habr\u00e1 caf\u00e9 para todos"},"content":{"rendered":"<p><a href=\"\/ciencia-facil\/wp-content\/uploads\/sites\/63\/2014\/01\/1.-Saboreando-un-cafelito-variedad-Ar\u00e1bica-y-Robusta.jpg\"><img loading=\"lazy\" class=\" wp-image-481\" title=\"1.- Saboreando un cafelito, variedad Ar\u00e1bica y Robusta\" src=\"\/ciencia-facil\/wp-content\/uploads\/sites\/63\/2014\/01\/1.-Saboreando-un-cafelito-variedad-Ar\u00e1bica-y-Robusta.jpg\" alt=\"\" width=\"563\" height=\"242\" srcset=\"https:\/\/static-blogs.hoy.es\/wp-content\/uploads\/sites\/63\/2014\/01\/1.-Saboreando-un-cafelito-variedad-Ar\u00e1bica-y-Robusta.jpg 991w, https:\/\/static-blogs.hoy.es\/wp-content\/uploads\/sites\/63\/2014\/01\/1.-Saboreando-un-cafelito-variedad-Ar\u00e1bica-y-Robusta-300x129.jpg 300w, https:\/\/static-blogs.hoy.es\/wp-content\/uploads\/sites\/63\/2014\/01\/1.-Saboreando-un-cafelito-variedad-Ar\u00e1bica-y-Robusta-768x331.jpg 768w\" sizes=\"(max-width: 563px) 100vw, 563px\" \/><\/a><\/p>\n<div class=\"mceTemp mceIEcenter\" style=\"text-align: left;\"><\/div>\n<p><span style=\"font-size: large;\">Al igual que cientos de millones de personas en este planeta, me declaro aficionado al caf\u00e9, que consumo a diario, en dosis que considero razonables, 2 o 3 tazas\/d\u00eda, con un l\u00edmite m\u00e1ximo de 5 o 6. Pues bien, este consumo no me hab\u00eda puesto nunca nervioso, pero lo que ahora est\u00e1 poniendo nerviosos a los adictos a esa estimulante bebida es la noticia de que <strong>la producci\u00f3n mundial de caf\u00e9<\/strong>, concretamente del <strong>caf\u00e9 Ar\u00e1bica<\/strong>, <strong>puede reducirse<\/strong> dram\u00e1ticamente a lo largo del presente siglo, <strong>como consecuencia del cambio clim\u00e1tico<\/strong>.<\/span><\/p>\n<p><span style=\"font-size: large;\">Resulta que el caf\u00e9, del que pr\u00e1cticamente <strong>existen s\u00f3lo dos variedades, la Ar\u00e1bica y la Robusta<\/strong>, se cultiva en unos 60 pa\u00edses situados todos ellos <strong>entre los tr\u00f3picos de C\u00e1ncer (a 23\u00ba27\u2019 al norte del ecuador) y Capricornio (a 23\u00ba27\u2019 al sur del mismo)<\/strong>, franja con un <strong>clima caracter\u00edstico<\/strong>, que es precisamente el factor clave en la producci\u00f3n del caf\u00e9 Ar\u00e1bica, variedad que supone entre el 75 y el 80% de la producci\u00f3n mundial de caf\u00e9.<\/span><\/p>\n<p><span style=\"font-size: large;\">Esa franja clim\u00e1tica, caracterizada por un clima caluroso y h\u00famedo, comprendida entre ambos tr\u00f3picos, contiene entre sus l\u00edmites a los principales pa\u00edses productores de caf\u00e9, repartidos en <strong>cuatro zonas geogr\u00e1ficas<\/strong>:<\/span><\/p>\n<p><span style=\"font-size: large;\">1) <strong>Am\u00e9rica Central<\/strong>, donde se cultiva principalmente caf\u00e9 Ar\u00e1bica lavado, y s\u00f3lo una peque\u00f1a parte de Robusta (Guatemala)\u00a0\u00a0\u00a0<\/span><\/p>\n<p><span style=\"font-size: large;\">2) <strong>Am\u00e9rica del Sur<\/strong>, en la que encontramos al principal productor de caf\u00e9 del mundo: Brasil, donde se cultiva principalmente caf\u00e9 Ar\u00e1bica natural. Los dem\u00e1s pa\u00edses productores cultivan sobre todo caf\u00e9 Ar\u00e1bica lavado<\/span><\/p>\n<p>&nbsp;<\/p>\n<div class=\"mceTemp\" style=\"text-align: left;\">\n<dl id=\"attachment_482\" class=\"wp-caption alignleft\" style=\"width: 360px;\">\n<dt class=\"wp-caption-dt\"><a href=\"\/ciencia-facil\/wp-content\/uploads\/sites\/63\/2014\/01\/2.-Tr\u00f3picos-Norte-y-Sur2.jpg\"><img loading=\"lazy\" class=\" wp-image-482    \" title=\"2.- Tr\u00f3picos-Norte-y-Sur\" src=\"\/ciencia-facil\/wp-content\/uploads\/sites\/63\/2014\/01\/2.-Tr\u00f3picos-Norte-y-Sur2.jpg\" alt=\"\" width=\"350\" height=\"191\" srcset=\"https:\/\/static-blogs.hoy.es\/wp-content\/uploads\/sites\/63\/2014\/01\/2.-Tr\u00f3picos-Norte-y-Sur2.jpg 600w, https:\/\/static-blogs.hoy.es\/wp-content\/uploads\/sites\/63\/2014\/01\/2.-Tr\u00f3picos-Norte-y-Sur2-300x163.jpg 300w\" sizes=\"(max-width: 350px) 100vw, 350px\" \/><\/a><\/dt>\n<\/dl>\n<\/div>\n<p><span style=\"font-size: large;\">3) <strong>\u00c1frica<\/strong>, donde encontramos caf\u00e9 Robusta en las zonas del centro-oeste y caf\u00e9 Ar\u00e1bica en las del centro-este<\/span><\/p>\n<p><span style=\"font-size: large;\">4) <strong>Asia<\/strong>, donde se cultiva tanto Ar\u00e1bica como Robusta en India, Indonesia y Nueva Guinea, y s\u00f3lo Robusta en Tailandia, Laos, Vietnam y Camboya.<\/span><\/p>\n<p><span style=\"font-size: large;\">Como hemos dicho, existen b\u00e1sicamente dos variedades de caf\u00e9, el caf\u00e9 Ar\u00e1bica y el caf\u00e9 Robusta, de las que <strong>el caf\u00e9 Ar\u00e1bica<\/strong>, que supone algo m\u00e1s de tres cuartas partes de la producci\u00f3n mundial, se cultiva en terrenos entre 900 y 2.000 metros sobre el nivel del mar, con temperaturas entre los 15 \u00b0C y los 24 \u00b0C, \u00a0y con precipitaciones del orden de 1.200 a 2.200 litros\/m<sup>2<\/sup> al a\u00f1o.<\/span><\/p>\n<p><span style=\"font-size: large;\">Por su parte, <strong>el caf\u00e9 Robusta<\/strong> supone la cuarta parte restante de la producci\u00f3n mundial, y se cultiva en alturas que van desde los 200 a los 900 metros sobre el nivel del mar, con temperaturas entre los 18 \u00b0C y 36 \u00b0C, por tanto con mucha m\u00e1s oscilaci\u00f3n t\u00e9rmica que el Ar\u00e1bica, y con precipitaciones tambi\u00e9n muy superiores, de entre los 2.000 y los 3.000 litros\/m<sup>2<\/sup> al a\u00f1o.<\/span><\/p>\n<p><span style=\"font-size: large;\">En la actualidad, la distribuci\u00f3n sobre el planeta de las regiones que resultan adecuadas para el cultivo de las dos principales variedades de caf\u00e9 son las se\u00f1aladas en el mapa adjunto, siendo:<\/span><\/p>\n<p><span style=\"font-size: large;\"><strong>r<\/strong>.- \u00c1rea de producci\u00f3n del caf\u00e9 Robusta,<\/span><\/p>\n<p><span style=\"font-size: large;\"><strong>a<\/strong>.- \u00c1rea de producci\u00f3n del caf\u00e9 Ar\u00e1bica,<\/span><\/p>\n<p><span style=\"font-size: large;\"><strong>m<\/strong>.- \u00c1rea mixta que admite la producci\u00f3n de ambas variedades, Robusta y Ar\u00e1bica.<\/span><\/p>\n<p><a href=\"\/ciencia-facil\/wp-content\/uploads\/sites\/63\/2014\/01\/3.-Distribuci\u00f3n-de-la-producci\u00f3n-de-caf\u00e9-en-el-mundo-r-robusta-a-arabica-m-robusta-y-arabica2.png\"><img loading=\"lazy\" title=\"3.- Distribuci\u00f3n de la producci\u00f3n de caf\u00e9 en el mundo (r  robusta, a  arabica, m  robusta y arabica)\" src=\"\/ciencia-facil\/wp-content\/uploads\/sites\/63\/2014\/01\/3.-Distribuci\u00f3n-de-la-producci\u00f3n-de-caf\u00e9-en-el-mundo-r-robusta-a-arabica-m-robusta-y-arabica2.png\" alt=\"\" width=\"1024\" height=\"473\" \/><\/a><\/p>\n<p><span style=\"font-size: large;\">Ahora bien, las indicaciones del <strong>modelo HadCM3<\/strong> utilizado para obtener las condiciones clim\u00e1ticas previstas para <strong>tres escenarios de emisiones<\/strong> (<strong>A2, A1B, B1<\/strong>) y para <strong>tres fechas futuras<\/strong> (a\u00f1os <strong>2020, 2050 y 2080<\/strong>) muestran una influencia muy negativa del cambio clim\u00e1tico en la producci\u00f3n del caf\u00e9 Ar\u00e1bica, se\u00f1alando para el mejor de los escenarios, el <strong>B1<\/strong>, una reducci\u00f3n del 65 % en la superficie de las \u00e1reas actuales, bioclim\u00e1ticamente adecuadas para ese cultivo, y en el peor de los escenarios, el <strong>A2<\/strong>, una reducci\u00f3n de casi el 100 % , para el a\u00f1o 2080.<\/span><\/p>\n<p><span style=\"font-size: large;\"><strong><span style=\"text-decoration: underline;\">NOTA<\/span><\/strong>.- \u00bfPor qu\u00e9 tenemos que hablar de <strong>\u201cescenarios\u201d<\/strong>? Pues porque las emisiones futuras de <strong>gases de efecto invernadero<\/strong> (<strong>GEI<\/strong>) ser\u00e1n el resultado de muchos y muy complejos aspectos, tales como el crecimiento demogr\u00e1fico, el desarrollo socioecon\u00f3mico o los cambios tecnol\u00f3gicos.<\/span><\/p>\n<p><span style=\"font-size: large;\"><strong>Los escenarios son hip\u00f3tesis de lo que podr\u00eda acontecer en el futuro<\/strong>, dependiendo por tanto del comportamiento de la humanidad en su conjunto, lo que evidentemente contiene una <strong>gran incertidumbre<\/strong>; pero <strong>necesitamos \u201cimaginarnos\u201d algunos de estos escenarios<\/strong> para poder crear los modelos f\u00edsico-matem\u00e1ticos que nos permitan prever la evoluci\u00f3n del clima, para proceder a la evaluaci\u00f3n de los impactos y para prever las iniciativas de adaptaci\u00f3n y de mitigaci\u00f3n de sus efectos.<\/span><\/p>\n<p>&nbsp;<\/p>\n<div class=\"mceTemp mceIEcenter\" style=\"text-align: left;\">\n<dl id=\"attachment_484\" class=\"wp-caption aligncenter\" style=\"width: 520px;\">\n<dt class=\"wp-caption-dt\"><a href=\"\/ciencia-facil\/wp-content\/uploads\/sites\/63\/2014\/01\/4.-IPCC_AR4_Proyecciones2.jpg\"><img loading=\"lazy\" class=\" wp-image-484  \" title=\"4.- IPCC_AR4_Proyecciones\" src=\"\/ciencia-facil\/wp-content\/uploads\/sites\/63\/2014\/01\/4.-IPCC_AR4_Proyecciones2.jpg\" alt=\"\" width=\"510\" height=\"382\" srcset=\"https:\/\/static-blogs.hoy.es\/wp-content\/uploads\/sites\/63\/2014\/01\/4.-IPCC_AR4_Proyecciones2.jpg 796w, https:\/\/static-blogs.hoy.es\/wp-content\/uploads\/sites\/63\/2014\/01\/4.-IPCC_AR4_Proyecciones2-300x225.jpg 300w, https:\/\/static-blogs.hoy.es\/wp-content\/uploads\/sites\/63\/2014\/01\/4.-IPCC_AR4_Proyecciones2-768x577.jpg 768w\" sizes=\"(max-width: 510px) 100vw, 510px\" \/><\/a><\/dt>\n<dd class=\"wp-caption-dd\"><span style=\"color: #000000; font-size: large;\"><strong>Proyecciones a futuro en el informe AR4 del IPCC (Panel sobre el Cambio Clim\u00e1tico)<\/strong><\/span><\/dd>\n<\/dl>\n<\/div>\n<p>&nbsp;<\/p>\n<p><span style=\"font-size: large;\">Analizando las actuales <strong>\u00e1reas de cultivo del caf\u00e9<\/strong>, <strong>para los escenarios m\u00e1s probables<\/strong>, el resultado <strong>m\u00e1s favorable nos da una reducci\u00f3n del 38 %<\/strong> en el espacio bioclim\u00e1tico adecuado para la continuaci\u00f3n del cultivo, <strong>y la menos favorable apunta a una reducci\u00f3n del 90 %<\/strong>\u00a0 para el <strong>a\u00f1o 2080<\/strong>. Estos resultados, salvo que vayan acompa\u00f1ados de una serie de medidas para adecuaci\u00f3n progresiva al cambio, colocar\u00edan a las poblaciones de las zonas implicadas en un serio peligro econ\u00f3mico, obligando a <strong>un elevado esfuerzo de adaptaci\u00f3n<\/strong>.<\/span><\/p>\n<p><span style=\"font-size: large;\">Lamentablemente, este <strong>efecto colateral<\/strong> del manido <strong>cambio clim\u00e1tico<\/strong>, no figura en los informes peri\u00f3dicos de los sesudos organismos, del tipo <strong>IPCC<\/strong>, <strong>UNFCCC<\/strong> y similares; por lo que, como adicto al <strong>cafelito<\/strong> (diminutivo \u201ccoloquial\u201d del caf\u00e9, seg\u00fan la <strong>RAE<\/strong>), sugiero que el riesgo de reducci\u00f3n de sus cosechas futuras sea tambi\u00e9n incluido entre los <strong>da\u00f1os del cambiante clima<\/strong>.<\/span><\/p>\n<p><span style=\"font-size: large;\"><strong><a href=\"http:\/\/www.google.es\/#fp=1b5bd09c4802e54f&#038;q=Adolfo+Marroqu%C3%ADn+Santo%C3%B1a\" target=\"_blank\">Adolfo Marroqu\u00edn Santo\u00f1a<\/a><\/strong><\/span><\/p>\n<!-- AddThis Advanced Settings generic via filter on the_content --><!-- AddThis Share Buttons generic via filter on the_content -->","protected":false},"excerpt":{"rendered":"<p>Al igual que cientos de millones de personas en este planeta, me declaro aficionado al caf\u00e9, que consumo a diario, en dosis que considero razonables, 2 o 3 tazas\/d\u00eda, con un l\u00edmite m\u00e1ximo de 5 o 6. Pues bien, este consumo no me hab\u00eda puesto nunca nervioso, pero lo que ahora est\u00e1 poniendo nerviosos a [&hellip;]<!-- AddThis Advanced Settings generic via filter on get_the_excerpt --><!-- AddThis Share Buttons generic via filter on get_the_excerpt --><\/p>\n","protected":false},"author":69,"featured_media":0,"comment_status":"closed","ping_status":"closed","sticky":false,"template":"","format":"standard","meta":[],"categories":[4],"tags":[224,225,239,556,666,673,816,972,1166,1256,1493,1494,1508,1528,1529],"_links":{"self":[{"href":"https:\/\/blogs.hoy.es\/ciencia-facil\/wp-json\/wp\/v2\/posts\/480"}],"collection":[{"href":"https:\/\/blogs.hoy.es\/ciencia-facil\/wp-json\/wp\/v2\/posts"}],"about":[{"href":"https:\/\/blogs.hoy.es\/ciencia-facil\/wp-json\/wp\/v2\/types\/post"}],"author":[{"embeddable":true,"href":"https:\/\/blogs.hoy.es\/ciencia-facil\/wp-json\/wp\/v2\/users\/69"}],"replies":[{"embeddable":true,"href":"https:\/\/blogs.hoy.es\/ciencia-facil\/wp-json\/wp\/v2\/comments?post=480"}],"version-history":[{"count":0,"href":"https:\/\/blogs.hoy.es\/ciencia-facil\/wp-json\/wp\/v2\/posts\/480\/revisions"}],"wp:attachment":[{"href":"https:\/\/blogs.hoy.es\/ciencia-facil\/wp-json\/wp\/v2\/media?parent=480"}],"wp:term":[{"taxonomy":"category","embeddable":true,"href":"https:\/\/blogs.hoy.es\/ciencia-facil\/wp-json\/wp\/v2\/categories?post=480"},{"taxonomy":"post_tag","embeddable":true,"href":"https:\/\/blogs.hoy.es\/ciencia-facil\/wp-json\/wp\/v2\/tags?post=480"}],"curies":[{"name":"wp","href":"https:\/\/api.w.org\/{rel}","templated":true}]}}