{"id":697,"date":"2014-10-12T17:33:47","date_gmt":"2014-10-12T16:33:47","guid":{"rendered":"http:\/\/blogs.hoy.es\/ciencia-facil\/?p=697"},"modified":"2014-10-12T17:33:47","modified_gmt":"2014-10-12T16:33:47","slug":"poblacion-creciente-en-clima-y-salud-menguantes","status":"publish","type":"post","link":"https:\/\/blogs.hoy.es\/ciencia-facil\/2014\/10\/12\/poblacion-creciente-en-clima-y-salud-menguantes\/","title":{"rendered":"Poblaci\u00f3n creciente en Clima y Salud menguantes"},"content":{"rendered":"<p><span style=\"font-family: Times New Roman;\"><span>En la actualidad, la poblaci\u00f3n mundial est\u00e1 creciendo a un ritmo que, seg\u00fan algunas previsiones, nos llevar\u00e1 a los 11 000 millones de habitantes en el planeta al final de presente siglo; al mismo tiempo, esa <strong>creciente poblaci\u00f3n<\/strong> est\u00e1 <strong>envejeciendo a un ritmo tambi\u00e9n creciente<\/strong>, lo que resulta peligroso desde muchos puntos de vista. A su vez, la variabilidad del clima es cada vez mayor, acompa\u00f1ada de m\u00e1s frecuentes fen\u00f3menos meteorol\u00f3gicos extremos.<\/span><\/span><\/p>\n<p><span style=\"font-family: Times New Roman;\"><span>Estos fen\u00f3menos extremos no son recomendables para ninguna edad, pero mucho menos aun para las personas de edad avanzada. En consecuencia, <strong>una rama de la ciencia que convendr\u00eda potenciar<\/strong>, para profundizar en los retos y necesidades de las personas mayores a la hora de hacer frente a los citados fen\u00f3menos adversos, es la \u201c<strong>gerontolog\u00eda clim\u00e1tica<\/strong>\u201d, orientada precisamente a minimizar el impacto negativo de los cambios ambientales sobre las personas mayores.<\/span><\/span><\/p>\n<p><span style=\"font-family: Times New Roman;\"><span> <a href=\"\/ciencia-facil\/wp-content\/uploads\/sites\/63\/2014\/10\/1.-Poblaci\u00f3n-y-da\u00f1os-crecientes.jpg\"><img loading=\"lazy\" title=\"1.- Poblaci\u00f3n y da\u00f1os crecientes\" src=\"\/ciencia-facil\/wp-content\/uploads\/sites\/63\/2014\/10\/1.-Poblaci\u00f3n-y-da\u00f1os-crecientes.jpg\" alt=\"\" width=\"795\" height=\"428\" \/><\/a><\/span><\/span><\/p>\n<p><span style=\"font-family: Times New Roman;\"><span>No obstante, aunque por razones obvias las personas mayores ser\u00e1n las que se vean m\u00e1s afectadas por los cambios del clima, <strong>el resto de los humanos no quedar\u00e1n al margen de su influencia y consecuencias<\/strong>.<\/span><\/span><\/p>\n<p><span style=\"font-family: Times New Roman;\"><span>De hecho, seg\u00fan publicaciones del <strong>Dr. Mart\u00ednez-Carpio et al.<\/strong>, tanto los factores meteorol\u00f3gicos como los clim\u00e1ticos (les llamaremos <strong>factores meteo-clim\u00e1ticos<\/strong>, para abreviar) tienen un <strong>importante efecto sobre nuestros \u00f3rganos<\/strong> y especialmente sobre nuestro cerebro, de forma que existe constancia por ejemplo, de que las <strong>depresiones nerviosas<\/strong> son m\u00e1s frecuentes en los climas asociados a la <strong>primavera y el oto\u00f1o<\/strong>.<\/span><\/span><\/p>\n<p><span style=\"font-family: Times New Roman;\"><span>Podemos citar algunas de las <strong>variables meteo-clim\u00e1ticas<\/strong> que afectan a nuestra salud, como son la <strong>temperatura<\/strong>, la <strong>humedad<\/strong>, la <strong>precipitaci\u00f3n<\/strong>, el <strong>viento<\/strong>, la <strong>irradiaci\u00f3n<\/strong> solar, la <strong>ionizaci\u00f3n<\/strong> atmosf\u00e9rica, el <strong>ozono<\/strong> troposf\u00e9rico, la <strong>contaminaci\u00f3n<\/strong>, y un largo etc., que act\u00faan sobre las enfermedades como las alergias, las infecciones y el estado de \u00e1nimo. <\/span><\/span><\/p>\n<p><span style=\"font-family: Times New Roman;\"><span>En los tratados de <strong>patolog\u00eda m\u00e9dica<\/strong> suelen citarse determinadas asociaciones entre ciertas enfermedades y los climas de las cuatro estaciones del a\u00f1o, que <strong>son en realidad estaciones astron\u00f3micas y no meteorol\u00f3gicas<\/strong>, puesto que est\u00e1n determinadas por cuatro posiciones concretas de la Tierra en su \u00f3rbita anual en torno al Sol, posiciones opuestas dos a dos, que reciben el nombre de <strong>solsticios <\/strong>(de invierno y de verano) y <strong>equinoccio<\/strong>s (de primavera y de oto\u00f1o). <\/span><\/span><\/p>\n<p><span style=\"font-family: Times New Roman;\"><span>\u00a0<a href=\"\/ciencia-facil\/wp-content\/uploads\/sites\/63\/2014\/10\/2.-Orbitas.jpg\"><img loading=\"lazy\" title=\"2.- Orbitas\" src=\"\/ciencia-facil\/wp-content\/uploads\/sites\/63\/2014\/10\/2.-Orbitas.jpg\" alt=\"\" width=\"640\" height=\"480\" \/><\/a><\/span><\/span><\/p>\n<p><span style=\"font-family: Times New Roman;\"><span>En los <strong>equinoccios<\/strong>, del lat\u00edn <strong><em>aequinoctium <\/em><\/strong>que significa <strong>\u201cnoche igual\u201d<\/strong>, el eje de rotaci\u00f3n de la Tierra es perpendicular a los rayos del Sol, que inciden verticalmente sobre el ecuador. En los <strong>solsticios<\/strong>, del lat\u00edn <strong><em>solstitium <\/em><\/strong>(sol sistere) que significa <strong>\u201csol quieto\u201d<\/strong>, el eje se encuentra inclinado 23,5\u00ba, por lo que los rayos solares inciden verticalmente sobre el <strong>tr\u00f3pico de C\u00e1ncer <\/strong>(en el <strong>verano del hemisferio norte<\/strong>) o sobre el <strong>tr\u00f3pico de Capricornio <\/strong>(en el <strong>verano del hemisferio sur<\/strong>).<\/span><\/span><\/p>\n<p><span style=\"font-family: Times New Roman;\"><span>Pero, aunque las estaciones sean astron\u00f3micas, su <strong>influencia meteo-clim\u00e1tica es enorme<\/strong>, precisamente por lo que acabamos de decir, ya que significan <strong>cambios en la posici\u00f3n relativa Sol-Tierra<\/strong> y con ello cambios en la inclinaci\u00f3n con la que incide la radiaci\u00f3n solar, y ese es precisamente el <strong>fundamento del CLIMA<\/strong>, palabra de origen griego, en el que <strong>KLIMA<\/strong> significa <strong>INCLINACI\u00d3N<\/strong>. Y sabemos ciertamente que <strong>a m\u00e1s inclinaci\u00f3n<\/strong>, m\u00e1s irradiaci\u00f3n solar y <strong>m\u00e1s LUZ<\/strong> (<span style=\"text-decoration: underline;\">perm\u00edtanme esta licencia<\/span>, aunque no sea f\u00edsicamente exacta). <\/span><\/span><\/p>\n<p><span style=\"font-family: Times New Roman;\"><span>Seg\u00fan el <strong>Dr. Pedro Gil<\/strong>, experto en geriatr\u00eda y presidente de la Sociedad Espa\u00f1ola de Geriatr\u00eda y Gerontolog\u00eda, <strong>el clima influye en la salud de los mayores<\/strong>, pero m\u00e1s que las temperaturas, a criterio del Dr. Gil <strong>lo que m\u00e1s importa es la luz<\/strong>, puesto que se ha encontrado que <strong>es por esa luz por lo que\u00a0 las patolog\u00edas son diferentes<\/strong> en las regiones norte y sur de los distintos pa\u00edses. <strong>El norte<\/strong>, por ejemplo, arrastra siempre la <strong>mayor tasa de suicidios<\/strong>, debido a que los climas m\u00e1s sombr\u00edos influyen m\u00e1s en el estado de \u00e1nimo.<\/span><\/span><\/p>\n<p><span style=\"font-family: Times New Roman;\"><span>Por otra parte, son muchas las <strong>relaciones existentes entre las estaciones meteo-clim\u00e1ticas y las enfermedades<\/strong>; podemos citar como ejemplos de ello la <strong>tuberculosis<\/strong>, el <strong>sarampi\u00f3n<\/strong>, la <strong>tos ferina<\/strong> y la <strong>rub\u00e9ola<\/strong>, como aquellas enfermedades que, en promedio, son <strong>m\u00e1s frecuentes en primavera<\/strong>.<\/span><\/span><\/p>\n<p><span style=\"font-family: Times New Roman;\"><span>Mientras que las <strong>gastroenteritis<\/strong> y las <strong>infecciones alimentarias<\/strong>, son <strong>m\u00e1s t\u00edpicas del verano<\/strong>; al tiempo que la <strong>fiebre tifoidea<\/strong>, la <strong>escarlatina<\/strong>, las <strong>amigdalitis<\/strong> y la <strong>poliomielitis<\/strong> son <strong>m\u00e1s frecuentes en oto\u00f1o<\/strong>; y obviamente los <strong>s\u00edndromes catarrales<\/strong> y la <strong>meningitis<\/strong> presentan una <strong>incidencia muy superior en invierno<\/strong>.<\/span><\/span><\/p>\n<p><span style=\"font-family: Times New Roman;\"><span>Esta distribuci\u00f3n estacional se debe, entre otras causas, a que <strong>los agentes pat\u00f3genos<\/strong> se encuentran tambi\u00e9n <strong>sometidos a las variaciones clim\u00e1ticas<\/strong> y estacionales; por tanto parece de sentido com\u00fan prever que <strong>el cambio clim\u00e1tico, en el que estamos inmersos, vendr\u00e1 acompa\u00f1ado de cambios en el calendario, intensidad y distribuci\u00f3n espacio-temporal de muchas enfermedades<\/strong>.<\/span><\/span><\/p>\n<p><strong><a href=\"https:\/\/www.google.es\/?gfe_rd=cr&#038;ei=hn88Vv6TPIjCbOOKvdgG&#038;gws_rd=ssl#q=Adolfo+Marroqu%C3%ADn+Santo%C3%B1a\"><span style=\"color: #0000ff;\">Adolfo Marroqu\u00edn Santo\u00f1a<\/span><\/a><\/strong><\/p>\n<!-- AddThis Advanced Settings generic via filter on the_content --><!-- AddThis Share Buttons generic via filter on the_content -->","protected":false},"excerpt":{"rendered":"<p>En la actualidad, la poblaci\u00f3n mundial est\u00e1 creciendo a un ritmo que, seg\u00fan algunas previsiones, nos llevar\u00e1 a los 11 000 millones de habitantes en el planeta al final de presente siglo; al mismo tiempo, esa creciente poblaci\u00f3n est\u00e1 envejeciendo a un ritmo tambi\u00e9n creciente, lo que resulta peligroso desde muchos puntos de vista. A [&hellip;]<!-- AddThis Advanced Settings generic via filter on get_the_excerpt --><!-- AddThis Share Buttons generic via filter on get_the_excerpt --><\/p>\n","protected":false},"author":69,"featured_media":0,"comment_status":"closed","ping_status":"closed","sticky":false,"template":"","format":"standard","meta":[],"categories":[2,4],"tags":[67,93,239,325,373,428,527,544,567,608,727,728,762,808,813,819,893,1091,1098,1131,1166,1173,1195,1204,1331,1388,1392,1436,1463,1493,1494,1533,1542,1552],"_links":{"self":[{"href":"https:\/\/blogs.hoy.es\/ciencia-facil\/wp-json\/wp\/v2\/posts\/697"}],"collection":[{"href":"https:\/\/blogs.hoy.es\/ciencia-facil\/wp-json\/wp\/v2\/posts"}],"about":[{"href":"https:\/\/blogs.hoy.es\/ciencia-facil\/wp-json\/wp\/v2\/types\/post"}],"author":[{"embeddable":true,"href":"https:\/\/blogs.hoy.es\/ciencia-facil\/wp-json\/wp\/v2\/users\/69"}],"replies":[{"embeddable":true,"href":"https:\/\/blogs.hoy.es\/ciencia-facil\/wp-json\/wp\/v2\/comments?post=697"}],"version-history":[{"count":0,"href":"https:\/\/blogs.hoy.es\/ciencia-facil\/wp-json\/wp\/v2\/posts\/697\/revisions"}],"wp:attachment":[{"href":"https:\/\/blogs.hoy.es\/ciencia-facil\/wp-json\/wp\/v2\/media?parent=697"}],"wp:term":[{"taxonomy":"category","embeddable":true,"href":"https:\/\/blogs.hoy.es\/ciencia-facil\/wp-json\/wp\/v2\/categories?post=697"},{"taxonomy":"post_tag","embeddable":true,"href":"https:\/\/blogs.hoy.es\/ciencia-facil\/wp-json\/wp\/v2\/tags?post=697"}],"curies":[{"name":"wp","href":"https:\/\/api.w.org\/{rel}","templated":true}]}}