{"id":701,"date":"2014-10-24T10:44:57","date_gmt":"2014-10-24T09:44:57","guid":{"rendered":"http:\/\/blogs.hoy.es\/ciencia-facil\/?p=701"},"modified":"2014-10-24T10:44:57","modified_gmt":"2014-10-24T09:44:57","slug":"calentamiento-global-o-el-que-avisa-no-es-traidor","status":"publish","type":"post","link":"https:\/\/blogs.hoy.es\/ciencia-facil\/2014\/10\/24\/calentamiento-global-o-el-que-avisa-no-es-traidor\/","title":{"rendered":"Calentamiento global o el que avisa no es traidor"},"content":{"rendered":"<p><span style=\"font-family: Times New Roman;\"><a href=\"\/ciencia-facil\/wp-content\/uploads\/sites\/63\/2014\/10\/1.-Deshielo-del-\u00c1rtico.jpg\"><img loading=\"lazy\" class=\"aligncenter  wp-image-702\" style=\"width: 654px; height: 260px;\" title=\"1.- Deshielo del \u00c1rtico\" src=\"\/ciencia-facil\/wp-content\/uploads\/sites\/63\/2014\/10\/1.-Deshielo-del-\u00c1rtico.jpg\" alt=\"\" width=\"500\" height=\"202\" srcset=\"https:\/\/static-blogs.hoy.es\/wp-content\/uploads\/sites\/63\/2014\/10\/1.-Deshielo-del-\u00c1rtico.jpg 500w, https:\/\/static-blogs.hoy.es\/wp-content\/uploads\/sites\/63\/2014\/10\/1.-Deshielo-del-\u00c1rtico-300x121.jpg 300w\" sizes=\"(max-width: 500px) 100vw, 500px\" \/><\/a>Desde el a\u00f1o 2007, en que se present\u00f3 su \u00faltimo informe, m\u00e1s de 800 cient\u00edficos de todo el mundo han venido colaborando con el <strong>Panel Intergubernamental sobre Cambio Clim\u00e1tico<\/strong> (<strong>IPCC<\/strong>, por sus siglas en ingl\u00e9s) en una tarea que se est\u00e1 terminando en estos d\u00edas y que ser\u00e1 el <strong>5\u00ba Informe<\/strong> (conocido como <strong>AR5<\/strong>), centrado en la puesta al d\u00eda de las evidencias cient\u00edficas del cambio clim\u00e1tico.<\/span><\/p>\n<p><span style=\"font-family: Times New Roman;\">Este quinto Informe del Panel, al igual que los cuatro anteriores publicados en 1991, 1996, 2001 y 2007, consta de tres vol\u00famenes, que contienen las conclusiones de los tres Grupos de trabajo que constituyen el IPCC:<\/span><\/p>\n<p><span style=\"font-family: Times New Roman;\">.- El <strong>Grupo de trabajo I<\/strong> eval\u00faa los aspectos cient\u00edficos del sistema clim\u00e1tico y el cambio clim\u00e1tico.\u00a0 <\/span><\/p>\n<p><span style=\"font-family: Times New Roman;\">.- El <strong>Grupo de trabajo II<\/strong> eval\u00faa la vulnerabilidad de los sistemas socioecon\u00f3micos y naturales al cambio clim\u00e1tico, las consecuencias negativas y positivas de dicho cambio y las posibilidades de adaptaci\u00f3n al mismo.\u00a0 <\/span><\/p>\n<p><span style=\"font-family: Times New Roman;\">.- El <strong>Grupo de trabajo III<\/strong> eval\u00faa las posibilidades de limitar las emisiones de gases de efecto invernadero y de atenuar los efectos del cambio clim\u00e1tico.<\/span><\/p>\n<p><span style=\"font-family: Times New Roman;\">Aunque los documentos finales del <strong>AR5<\/strong> no est\u00e1n a\u00fan disponibles, si se conocen algunas filtraciones sobre su contenido, entre las que podemos destacar:<\/span><\/p>\n<p><span style=\"font-family: Times New Roman;\">.- Estamos seguros, a un nivel de <strong>seguridad del 95%<\/strong>, es decir con muy pocas dudas al respecto, que estamos inmersos en un <strong>Cambio Clim\u00e1tico<\/strong> y que <strong>las actividades humanas son las causantes<\/strong> de dicho cambio; en particular del <strong>creciente calentamiento global<\/strong> que hemos padecido desde 1950 hasta nuestros d\u00edas, alcanz\u00e1ndose valores que no tienen precedentes en los \u00faltimos cientos o miles de a\u00f1os.<\/span><\/p>\n<p><span style=\"font-family: Times New Roman;\">\u00a0<a href=\"\/ciencia-facil\/wp-content\/uploads\/sites\/63\/2014\/10\/2.-Crecimiento-del-CO2.jpg\"><img loading=\"lazy\" title=\"2.- Crecimiento del CO2\" src=\"\/ciencia-facil\/wp-content\/uploads\/sites\/63\/2014\/10\/2.-Crecimiento-del-CO2.jpg\" alt=\"\" width=\"795\" height=\"290\" \/><\/a><\/span><\/p>\n<p><span style=\"font-family: Times New Roman;\">.- Las emisiones de <strong>gases de efecto invernadero<\/strong> (<strong>GEI<\/strong>) crecieron <strong>m\u00e1s r\u00e1pido<\/strong> en la primera d\u00e9cada de este siglo XXI que en las tres d\u00e9cadas anteriores de finales del XX. Gran parte de ese aumento se debi\u00f3 a la combusti\u00f3n de carb\u00f3n, y particularmente por el utilizado para la generaci\u00f3n de electricidad en China.<\/span><\/p>\n<p><span style=\"font-family: Times New Roman;\">.- La <strong>aparente ralentizaci\u00f3n del calentamiento<\/strong> del planeta, que parece observarse en algunos de los \u00faltimos a\u00f1os, <strong>no es suficiente para considerarla como una tendencia a largo plazo<\/strong>, sobre todo si se tiene en cuenta que se estima que en su mayor parte se debe a la <strong>crisis econ\u00f3mica mundial<\/strong>, que ha forzado reducciones en el consumo y en la producci\u00f3n; a lo que hay que a\u00f1adirprobablemente la <strong>atenuaci\u00f3n de la irradiaci\u00f3n solar<\/strong>, como consecuencia de las \u00faltimas y muy <strong>potentes erupciones volc\u00e1nicas<\/strong>, as\u00ed como una <strong>redistribuci\u00f3n del calor en los oc\u00e9anos<\/strong>.<\/span><\/p>\n<p><span style=\"font-family: Times New Roman;\">.- La <strong>d\u00e9cada pasada fue de las m\u00e1s c\u00e1lidas en el planeta Tierra en casi siglo y medio<\/strong> de registros clim\u00e1ticos, <strong>sin embargo<\/strong> las mediciones satelitales mostraban una mayor diferencia entre la radiaci\u00f3n solar entrante y la radiaci\u00f3n saliente, emitida desde la Tierra; es decir, <strong>estaba entrando en el Sistema Clim\u00e1tico mucha m\u00e1s energ\u00eda de la que sal\u00eda<\/strong> y \u201cechando n\u00fameros\u201d, <strong>el calentamiento planetario no parece ser \u201csuficiente\u201d para explicarlo<\/strong>.<\/span><\/p>\n<p><span style=\"font-family: Times New Roman;\">.- Esta creciente entrada de energ\u00eda, sin salida y sin transformaci\u00f3n en calentamiento suficiente de suelo (<strong>litosfera<\/strong>) o aire (<strong>atm\u00f3sfera<\/strong>), implica que necesariamente <strong>el calor se est\u00e1 acumulando en alg\u00fan otro lugar del planeta<\/strong> y algunos modelos clim\u00e1ticos apuntan a que <strong>ese lugar son las capas profundas de los oc\u00e9anos<\/strong> (<strong>hidrosfera<\/strong>), a profundidades m\u00e1s all\u00e1 de algunos centenares de metros, y en todos los oc\u00e9anos del planeta.<\/span><\/p>\n<p><span style=\"font-family: Times New Roman;\">\u00a0<a href=\"\/ciencia-facil\/wp-content\/uploads\/sites\/63\/2014\/10\/3.-A\u00f1os-m\u00e1s-c\u00e1lidos.jpg\"><img loading=\"lazy\" title=\"3.- A\u00f1os m\u00e1s c\u00e1lidos\" src=\"\/ciencia-facil\/wp-content\/uploads\/sites\/63\/2014\/10\/3.-A\u00f1os-m\u00e1s-c\u00e1lidos.jpg\" alt=\"\" width=\"1080\" height=\"523\" \/><\/a><\/span><\/p>\n<p><span style=\"font-family: Times New Roman;\">.- Esta acumulaci\u00f3n de energ\u00eda en los oc\u00e9anos dar\u00e1 lugar a per\u00edodos de <strong>\u201caparente\u201d receso en la elevaci\u00f3n de las temperaturas<\/strong>, pero suponen cantidades enormes de calor, que sin duda <strong>dar\u00e1n lugar a cambios en la circulaci\u00f3n oce\u00e1nica<\/strong> y con ello cambios tambi\u00e9n en la <strong>circulaci\u00f3n general atmosf\u00e9rica<\/strong>. Por tanto, debe tenerse en cuenta que ese calor no ha desaparecido, y ser\u00eda un serio error olvidarlo o ignorarlo, puesto que la realidad es que quedamos a la espera de sus <strong>futuras consecuencias meteo-clim\u00e1ticas<\/strong>.<\/span><\/p>\n<p><span style=\"font-family: Times New Roman;\">.- Se sabe desde hace mucho que el <strong>permafrost en los suelos helados<\/strong>, en caso de derretirse, <strong>liberar\u00eda di\u00f3xido de carbono<\/strong> (<strong>CO<sub>2<\/sub><\/strong>),\u00a0 agravando mucho el calentamiento global, lo cual derretir\u00eda m\u00e1s permafrost, que provocar\u00eda m\u00e1s calentamiento global, <strong>entr\u00e1ndose as\u00ed en un c\u00edrculo vicioso, de indeseables consecuencias<\/strong>, puesto que adem\u00e1s parece que el contenido de CO<sub>2<\/sub> en el permafrost del \u00c1rtico <strong>podr\u00eda ser muy superior a lo previsto<\/strong>.<\/span><\/p>\n<p><span style=\"font-family: Times New Roman;\">.- De cara al futuro, la mayor\u00eda de los escenarios manejados en los modelos clim\u00e1ticos, indican que <strong>las emisiones<\/strong> mundiales de <strong>GEI<\/strong> (<strong>Gases de Efecto Invernadero<\/strong>), tendr\u00edan que <strong>reducirse del orden del 40 al 70 %<\/strong>, desde ahora hasta el 2050, para poder mantener limitado el aumento de la temperatura media del planeta <strong>por debajo de los 2 \u00b0C<\/strong>, tal como se acord\u00f3 en Naciones Unidas. Para esto, el informe estima que el mundo tendr\u00eda que <strong>invertir<\/strong> 147 000 millones de d\u00f3lares USA cada a\u00f1o, <strong>en energ\u00edas bajas en carbono<\/strong>, como la <strong>e\u00f3lica<\/strong>, la <strong>solar<\/strong> o la <strong>nuclear<\/strong> hasta el 2030.<\/span><\/p>\n<p><span style=\"font-family: Times New Roman;\">Y para acabar de complicar las cosas en este oscuro tema, pero \u201cen otro orden de cosas\u201d\u2026<\/span><\/p>\n<p><span style=\"font-family: Times New Roman;\">Uno de los principales aspectos que recogen las filtraciones, sobre el contenido del <strong>Informe AR5<\/strong>, es el reconocimiento por parte del Panel de un asunto que ya hab\u00eda sido destacado por analistas y activistas clim\u00e1ticos, y es que una parte cada vez mayor de las emisiones de CO<sub>2<\/sub> procedentes de la <strong>utilizaci\u00f3n de combustibles f\u00f3siles en los pa\u00edses en desarrollo<\/strong> se debe a la producci\u00f3n, en esos pa\u00edses, de bienes y servicios que se dirigen despu\u00e9s hacia mercados de los pa\u00edses desarrollados.<\/span><\/p>\n<p><span style=\"font-family: Times New Roman;\">Como consecuencia l\u00f3gica, <strong>muchos pa\u00edses en el sur plantean<\/strong> que una pol\u00edtica global de reducci\u00f3n de emisiones deber\u00eda no solo considerar el origen de la producci\u00f3n sino tambi\u00e9n su destino, <strong>responsabilizando a los consumidores del norte<\/strong> por el aumento de las emisiones de los productores del sur. Con lo que <strong>la transferencia de industrias contaminantes del norte hacia el sur, ser\u00eda una estrategia de los pa\u00edses desarrollados<\/strong>, los del norte, para escabullir sus responsabilidades clim\u00e1ticas.<\/span><\/p>\n<p><span style=\"font-family: Times New Roman;\">\u00a0<a href=\"\/ciencia-facil\/wp-content\/uploads\/sites\/63\/2014\/10\/4.-Consumidor-y-contaminante.jpg\"><img loading=\"lazy\" title=\"4.- Consumidor y contaminante\" src=\"\/ciencia-facil\/wp-content\/uploads\/sites\/63\/2014\/10\/4.-Consumidor-y-contaminante.jpg\" alt=\"\" width=\"745\" height=\"230\" \/><\/a><\/span><\/p>\n<p><span style=\"font-family: Times New Roman;\">Y esto, que <strong>es parcialmente cierto, aunque no es toda la verdad<\/strong>, se ha convertido en un obst\u00e1culo imposible de saltar en la <strong>Convenci\u00f3n de Cambio Clim\u00e1tico<\/strong>. Los pa\u00edses desarrollados llevan sus industrias al sur porque all\u00ed no hay restricciones a las emisiones y los pa\u00edses del sur se encuentran con una fuente importante de inversi\u00f3n extranjera y de crecimiento de sus <strong>PIB<\/strong> correspondientes.<\/span><\/p>\n<p><span style=\"font-family: Times New Roman;\">En fin que es la conocida pescadilla que se muerde la cola, con lo que encontrar la salida al problema, no parece una tarea f\u00e1cil; ahora bien<strong>, si alguien piensa<\/strong> que con estas actitudes acabaremos poniendo <strong>al planeta en peligro<\/strong>, debe estar tranquilo,\u2026 el planeta seguir\u00e1 practicando la <strong>homeostasis reguladora, de acuerdo con la Hip\u00f3tesis GAIA<\/strong>, asegur\u00e1ndose su bienestar para unos cuantos miles de millones de a\u00f1os.<\/span><\/p>\n<p><strong><span style=\"font-family: Times New Roman;\">\u00a1EL PLANETA NO EST\u00c1 EN PELIGRO! Pero\u2026 \u00bfY nosotros? Pues, de momento, nosotros bien, gracias.<\/span><\/strong><\/p>\n<p><strong><a href=\"https:\/\/www.google.es\/?gfe_rd=cr&#038;ei=hn88Vv6TPIjCbOOKvdgG&#038;gws_rd=ssl#q=Adolfo+Marroqu%C3%ADn+Santo%C3%B1a\"><span style=\"color: #0000ff;\">Adolfo Marroqu\u00edn Santo\u00f1a<\/span><\/a><\/strong><\/p>\n<!-- AddThis Advanced Settings generic via filter on the_content --><!-- AddThis Share Buttons generic via filter on the_content -->","protected":false},"excerpt":{"rendered":"<p>Desde el a\u00f1o 2007, en que se present\u00f3 su \u00faltimo informe, m\u00e1s de 800 cient\u00edficos de todo el mundo han venido colaborando con el Panel Intergubernamental sobre Cambio Clim\u00e1tico (IPCC, por sus siglas en ingl\u00e9s) en una tarea que se est\u00e1 terminando en estos d\u00edas y que ser\u00e1 el 5\u00ba Informe (conocido como AR5), centrado [&hellip;]<!-- AddThis Advanced Settings generic via filter on get_the_excerpt --><!-- AddThis Share Buttons generic via filter on get_the_excerpt --><\/p>\n","protected":false},"author":69,"featured_media":0,"comment_status":"closed","ping_status":"closed","sticky":false,"template":"","format":"standard","meta":[],"categories":[4,7],"tags":[111,128,142,230,239,259,316,336,352,457,477,538,547,673,743,816,819,882,1042,1141,1166,1247,1380,1390,1463],"_links":{"self":[{"href":"https:\/\/blogs.hoy.es\/ciencia-facil\/wp-json\/wp\/v2\/posts\/701"}],"collection":[{"href":"https:\/\/blogs.hoy.es\/ciencia-facil\/wp-json\/wp\/v2\/posts"}],"about":[{"href":"https:\/\/blogs.hoy.es\/ciencia-facil\/wp-json\/wp\/v2\/types\/post"}],"author":[{"embeddable":true,"href":"https:\/\/blogs.hoy.es\/ciencia-facil\/wp-json\/wp\/v2\/users\/69"}],"replies":[{"embeddable":true,"href":"https:\/\/blogs.hoy.es\/ciencia-facil\/wp-json\/wp\/v2\/comments?post=701"}],"version-history":[{"count":0,"href":"https:\/\/blogs.hoy.es\/ciencia-facil\/wp-json\/wp\/v2\/posts\/701\/revisions"}],"wp:attachment":[{"href":"https:\/\/blogs.hoy.es\/ciencia-facil\/wp-json\/wp\/v2\/media?parent=701"}],"wp:term":[{"taxonomy":"category","embeddable":true,"href":"https:\/\/blogs.hoy.es\/ciencia-facil\/wp-json\/wp\/v2\/categories?post=701"},{"taxonomy":"post_tag","embeddable":true,"href":"https:\/\/blogs.hoy.es\/ciencia-facil\/wp-json\/wp\/v2\/tags?post=701"}],"curies":[{"name":"wp","href":"https:\/\/api.w.org\/{rel}","templated":true}]}}