{"id":767,"date":"2015-04-07T12:36:37","date_gmt":"2015-04-07T11:36:37","guid":{"rendered":"http:\/\/blogs.hoy.es\/ciencia-facil\/?p=767"},"modified":"2015-04-07T12:36:37","modified_gmt":"2015-04-07T11:36:37","slug":"tenemos-auras-con-colores-que-no-vemos","status":"publish","type":"post","link":"https:\/\/blogs.hoy.es\/ciencia-facil\/2015\/04\/07\/tenemos-auras-con-colores-que-no-vemos\/","title":{"rendered":"Tenemos auras, con colores que no vemos"},"content":{"rendered":"<p><span style=\"font-family: Times New Roman;\"><a href=\"\/ciencia-facil\/wp-content\/uploads\/sites\/63\/2015\/04\/01.-Colores-AMS-Aura.jpg\"><img loading=\"lazy\" class=\"aligncenter size-full wp-image-768\" title=\"01.- Colores - AMS - Aura\" src=\"\/ciencia-facil\/wp-content\/uploads\/sites\/63\/2015\/04\/01.-Colores-AMS-Aura.jpg\" alt=\"\" width=\"798\" height=\"231\" srcset=\"https:\/\/static-blogs.hoy.es\/wp-content\/uploads\/sites\/63\/2015\/04\/01.-Colores-AMS-Aura.jpg 798w, https:\/\/static-blogs.hoy.es\/wp-content\/uploads\/sites\/63\/2015\/04\/01.-Colores-AMS-Aura-300x87.jpg 300w, https:\/\/static-blogs.hoy.es\/wp-content\/uploads\/sites\/63\/2015\/04\/01.-Colores-AMS-Aura-768x222.jpg 768w\" sizes=\"(max-width: 798px) 100vw, 798px\" \/><\/a>Ya el propio Diccionario de la lengua espa\u00f1ola (<strong>DRAE<\/strong>), <strong>define el aura<\/strong> se\u00f1alando que, en parapsicolog\u00eda, <strong><em>es el halo que algunos dicen percibir alrededor de determinados cuerpos y del que se dan diversas interpretaciones<\/em><\/strong>; esto nos permite entender que el aura es algo que \u201calgunos dicen percibir\u201d, no que lo perciban con seguridad, y que al respecto existen \u201cdiversas interpretaciones\u201d, es decir que, por parte de los cient\u00edficos e investigadores de esta materia, se est\u00e1 lejos de llegar a un acuerdo generalizado.<\/span><\/p>\n<p><span style=\"font-family: Times New Roman;\">Bastantes de las investigaciones desarrolladas en organismos cient\u00edficos han concluido que la visualizaci\u00f3n del aura humana, por quienes dicen verla, debe ser generada en el cerebro. Este hecho de \u201cver el aura\u201d ser\u00eda consecuencia de <strong>un fallo en el funcionamiento de las interconexiones cerebrales<\/strong> del observador, fallo conocido como <strong><span style=\"text-decoration: underline;\">sinestesia<\/span><\/strong>, como consecuencia del cual, puede ocurrir que las personas afectadas vean orlas coloreadas alrededor de otras personas a las que conocen previamente.<\/span><\/p>\n<p><span style=\"font-family: Times New Roman;\">Esta afecci\u00f3n no es frecuente, pero tampoco es tan extra\u00f1a, de hecho se ha encontrado que <strong>se presenta aproximadamente en una de cada dos mil personas<\/strong> entrevistadas. Admitida esa proporci\u00f3n, se plantea ahora la posibilidad de que lo que <strong>perciban<\/strong> sea una emanaci\u00f3n de <strong>la energ\u00eda que la otra persona desprende<\/strong>, energ\u00eda que el ojo del observador, en combinaci\u00f3n con su cerebro, convertir\u00eda en color, el cual depender\u00eda del estado de \u00e1nimo en que se encuentre el observado.<\/span><\/p>\n<p><span style=\"font-family: Times New Roman;\">Antes de seguir adelante, tal vez convendr\u00eda aclarar que el resultado de la combinaci\u00f3n <strong><span style=\"text-decoration: underline;\">ojo humano + cerebro<\/span><\/strong> puede dar <strong>resultados un tanto irreales<\/strong>, como puede comprobarse recurriendo a las conocidas <strong>\u201cilusiones \u00f3pticas\u201d<\/strong> que son frecuentemente publicadas en los medios, como en el siguiente par de ejemplos que les presento.<\/span><\/p>\n<p><span style=\"font-family: Times New Roman;\">En ellos, concretamente en el de la izquierda, los puntos de cruce de las l\u00edneas se ven blancos o negros, cuando en realidad son todos blancos, como podr\u00e1n comprobar si observan la figura cerrando a medias los p\u00e1rpados. Y en el la derecha, si lo recorren con la vista le parecer\u00e1 que los \u00f3valos se mueven, lo que es evidentemente falso, como podr\u00e1n tambi\u00e9n comprobar sin m\u00e1s que fijar la vista en uno de los \u00f3valos.<\/span><\/p>\n<p><span style=\"font-family: Times New Roman;\">\u00a0<a href=\"\/ciencia-facil\/wp-content\/uploads\/sites\/63\/2015\/04\/02.-Ilusiones-\u00f3pticas.jpg\"><img loading=\"lazy\" title=\"02.- Ilusiones \u00f3pticas\" src=\"\/ciencia-facil\/wp-content\/uploads\/sites\/63\/2015\/04\/02.-Ilusiones-\u00f3pticas.jpg\" alt=\"\" width=\"744\" height=\"240\" \/><\/a><\/span><\/p>\n<p><span style=\"font-family: Times New Roman;\">Al final la cosa funciona de forma que <strong>el ojo<\/strong> (instrumento \u00f3ptico) traslada <strong>al cerebro<\/strong> (centro de decisi\u00f3n), <strong>v\u00eda conexiones neuronales<\/strong> (cables org\u00e1nicos conductores de corrientes el\u00e9ctricas), <strong>lo que ese ojo ha sido capaz de ver<\/strong>, es decir s\u00f3lo aquellas longitudes de onda que est\u00e1n <strong>dentro del espectro visible<\/strong>, que no es m\u00e1s que una peque\u00f1\u00edsima parte del espectro electromagn\u00e9tico, que est\u00e1 <strong>lleno de radiaciones que no vemos<\/strong>.<\/span><\/p>\n<p><span style=\"font-family: Times New Roman;\">En la siguiente figura se puede ver, ampliada en la parte superior, la peque\u00f1a parte que el ojo humano puede ver, que corresponde a la peque\u00f1a zona comprendida entre el ultravioleta (UV) y el infrarrojo (IR). En la parte inferior de la imagen se muestra, a la izquierda, lo que ver\u00eda un ojo humano normal al mirar a alguien que tapa su brazo con una bolsa de pl\u00e1stico negra y a la derecha lo que ver\u00eda un ojo \u201cespecial\u201d que pudiera contemplar la misma imagen, pero no en el espectro visible para los humanos, sino en el infrarrojo. As\u00ed pues, en este caso <strong>la combinaci\u00f3n ojo+cerebro<\/strong>, ambos normales, nos ha enga\u00f1ado escamote\u00e1ndonos el brazo, que evidentemente estaba all\u00ed.<\/span><\/p>\n<p><span style=\"font-family: Times New Roman;\">Si se fijan en el espectro global, de donde hemos extra\u00eddo y ampliado el visible, entresacando y mostrando sus colorines, pueden darse cuenta de la enorme cantidad de radiaciones que el ojo humano no ve. De hecho no ver\u00eda ning\u00fan cuerpo, aunque estuviera delante de sus narices, sin m\u00e1s que tal cuerpo emitiera radiaci\u00f3n que estuviera desde los rayos c\u00f3smicos, a la izquierda, de muy peque\u00f1a longitud de onda, hasta m\u00e1s a la derecha de las longitudes de las ondas de radio, en la zona de ultra bajas frecuencias y por tanto de muy grandes longitudes de onda. O sea que, hablando de radiaciones, <strong>EL OJO HUMANO VE MUCHO MENOS DE LO QUE EXISTE, O PUEDE EXISTIR, EN LA REALIDAD<\/strong>.<\/span><\/p>\n<p><span style=\"font-family: Times New Roman;\">\u00a0<a href=\"\/ciencia-facil\/wp-content\/uploads\/sites\/63\/2015\/04\/03.-Espectro-electromagn\u00e9tico-y-visi\u00f3n-en-IR.jpg\"><img loading=\"lazy\" title=\"03.- Espectro electromagn\u00e9tico y visi\u00f3n en IR\" src=\"\/ciencia-facil\/wp-content\/uploads\/sites\/63\/2015\/04\/03.-Espectro-electromagn\u00e9tico-y-visi\u00f3n-en-IR.jpg\" alt=\"\" width=\"800\" height=\"522\" \/><\/a><\/span><\/p>\n<p><span style=\"font-family: Times New Roman;\">Por tanto, razonando en base a lo anterior, <strong>cuando la pareja <span style=\"text-decoration: underline;\">ojo+cerebro<\/span> no nos muestre el aura<\/strong>, no debemos concluir que el aura no exista o que no est\u00e1 all\u00ed; y en cuanto a los colores presentes en esas auras y su significado, tras investigaciones basadas en miles de entrevistas puede decirse, de una forma puramente orientativa, que podr\u00edan ser los de la siguiente relaci\u00f3n <strong>color-significado<\/strong>:<\/span><\/p>\n<p><span style=\"font-family: Times New Roman;\"><strong><em><span style=\"font-size: small;\">Violeta<\/span><\/em><\/strong><em><span style=\"font-size: small;\">.- Persona con pensamientos espirituales. <\/span><\/em><\/span><\/p>\n<p><span style=\"font-family: Times New Roman;\"><strong><em><span style=\"font-size: small;\">Azul oscuro<\/span><\/em><\/strong><em><span style=\"font-size: small;\">.- Equilibrio, plenitud de vida y buena salud, capaz de transmitir energ\u00eda. <\/span><\/em><\/span><\/p>\n<p><span style=\"font-family: Times New Roman;\"><strong><em><span style=\"font-size: small;\">Azul claro o turquesa<\/span><\/em><\/strong><em><span style=\"font-size: small;\">.- Dinamismo, con mucha energ\u00eda y buena organizaci\u00f3n. <\/span><\/em><\/span><\/p>\n<p><span style=\"font-family: Times New Roman;\"><strong><em><span style=\"font-size: small;\">Verde.-<\/span><\/em><\/strong><em><span style=\"font-size: small;\"> Paz y tranquilidad. Estado mental de reposo.<\/span><\/em><\/span><\/p>\n<p><span style=\"font-family: Times New Roman;\"><strong><em><span style=\"font-size: small;\">Amarillo<\/span><\/em><\/strong><em><span style=\"font-size: small;\">.- Alto desarrollo espiritual. <\/span><\/em><\/span><\/p>\n<p><span style=\"font-family: Times New Roman;\"><strong><em><span style=\"font-size: small;\">Naranja<\/span><\/em><\/strong><em><span style=\"font-size: small;\">.- Habilidad para ser maestros o gu\u00edas. <\/span><\/em><\/span><\/p>\n<p><span style=\"font-family: Times New Roman;\"><strong><em><span style=\"font-size: small;\">Rojo<\/span><\/em><\/strong><em><span style=\"font-size: small;\">.- Materialismo, que valora m\u00e1s lo material que lo espiritual. <\/span><\/em><\/span><\/p>\n<p><span style=\"font-family: Times New Roman;\"><strong><em><span style=\"font-size: small;\">Rosa<\/span><\/em><\/strong><em><span style=\"font-size: small;\">.- Equilibrio entre lo espiritual y lo material. <\/span><\/em><\/span><\/p>\n<p><em><span style=\"font-family: Times New Roman; font-size: small;\">Significado de los colores que podr\u00edamos considerar sucios (m\u00e1s oscuros que el fondo). <\/span><\/em><\/p>\n<p><span style=\"font-family: Times New Roman;\"><strong><em><span style=\"font-size: small;\">Marr\u00f3n<\/span><\/em><\/strong><em><span style=\"font-size: small;\">.- Persona de escasa espiritualidad.<\/span><\/em><\/span><\/p>\n<p><span style=\"font-family: Times New Roman;\"><strong><em><span style=\"font-size: small;\">Gris<\/span><\/em><\/strong><em><span style=\"font-size: small;\">.- Problemas f\u00edsicos o mentales. Depresi\u00f3n y pensamientos oscuros. <\/span><\/em><\/span><\/p>\n<p><span style=\"font-family: Times New Roman;\"><strong><em><span style=\"font-size: small;\">Blanco<\/span><\/em><\/strong><em><span style=\"font-size: small;\">.- Enfermedad importante, con dolores f\u00edsicos.<\/span><\/em><\/span><\/p>\n<p><span style=\"font-family: Times New Roman;\">Estos resultados corresponden a los m\u00e1s frecuentemente citados por las personas con sinestesia, al cotejar sus indicaciones sobre los colores del aura, con las caracter\u00edsticas que ellos mismos asignan a la persona observada.<\/span><\/p>\n<p><span style=\"font-family: Times New Roman;\">Pero lo que las investigaciones no han resuelto a\u00fan es <strong>el por qu\u00e9<\/strong> <strong>los sinest\u00e9sicos perciben esas cosas<\/strong> y los dem\u00e1s no. Este misterio se resiste a ser resuelto, pese a que son muchas, y desde hace mucho tiempo, las investigaciones sobre <strong>qu\u00e9 es el aura y c\u00f3mo se percibe<\/strong>. No obstante y pese a los enormes avances en ciencia y tecnolog\u00eda, la cuesti\u00f3n previa que se plantea es <strong>\u00bfc\u00f3mo estudiar desde el punto de vista de la f\u00edsica algo tan intangible como el alma de una persona o sus estados an\u00edmicos<\/strong>?<\/span><\/p>\n<p><span style=\"font-family: Times New Roman;\">\u00a0<a href=\"\/ciencia-facil\/wp-content\/uploads\/sites\/63\/2015\/04\/04.-Antes-Despu\u00e9s.jpg\"><img loading=\"lazy\" title=\"04.- Antes - Despu\u00e9s\" src=\"\/ciencia-facil\/wp-content\/uploads\/sites\/63\/2015\/04\/04.-Antes-Despu\u00e9s.jpg\" alt=\"\" width=\"795\" height=\"283\" \/><\/a><\/span><\/p>\n<p><span style=\"font-family: Times New Roman;\">Sin embargo, es un hecho que millones de personas en todo el mundo se ejercitan y act\u00faan para mejorar su <strong>estado bioenerg\u00e9tico<\/strong>, lo que deber\u00eda mejorar el nivel de ese estado, reflej\u00e1ndose en <strong>su aura<\/strong>, aunque los resultados no puedan ser vistos por ellos. Como ejemplo, todos aquellos que se integran en las pr\u00e1cticas de la <strong>meditaci\u00f3n<\/strong>, el <strong>yoga<\/strong>, la <strong>acupuntura<\/strong>, el <strong>tai-chi<\/strong>, el <strong>chi-kung<\/strong>, la <strong>homeopat\u00eda<\/strong> y tantas otras, trabajan en la l\u00ednea de <strong>mejorar su bioenerg\u00eda<\/strong> y por tanto su imagen, a la que hemos dado en llamar <strong><span style=\"text-decoration: underline;\">AURA<\/span><\/strong>.<\/span><\/p>\n<p><span style=\"font-family: Times New Roman;\">Debemos confiar en que los avances cient\u00edficos nos llevar\u00e1n en el futuro a la deseada visualizaci\u00f3n del aura, que existir seguro que existe. De hecho hay algunas posibilidades, como son el uso de las c\u00e1maras fotogr\u00e1ficas digitales, que aprovechan el llamado efecto Kirlian, la bioelectrograf\u00eda computerizada y algunas otras. <\/span><\/p>\n<p><span style=\"font-family: Times New Roman;\">De momento, disfrutemos de nuestra estancia en el planeta Tierra, sabiendo que <strong>tenemos un aura individual<\/strong>, que por ahora no vemos, pero que, <strong>un d\u00eda no muy lejano<\/strong>, podremos ver gracias a los avances cient\u00edficos y t\u00e9cnicos. <strong>\u00a1Y suerte a cada uno con su aura, que a fin de cuentas ser\u00e1\u2026 LA QUE NOS MEREZCAMOS!<\/strong><\/span><\/p>\n<p><a href=\"https:\/\/www.google.es\/?gfe_rd=cr&#038;ei=hn88Vv6TPIjCbOOKvdgG&#038;gws_rd=ssl#q=Adolfo+Marroqu%C3%ADn+Santo%C3%B1a\"><strong><span style=\"color: #0000ff;\">Adolfo Marroqu\u00edn Santo\u00f1a<\/span><\/strong><\/a><\/p>\n<!-- AddThis Advanced Settings generic via filter on the_content --><!-- AddThis Share Buttons generic via filter on the_content -->","protected":false},"excerpt":{"rendered":"<p>Ya el propio Diccionario de la lengua espa\u00f1ola (DRAE), define el aura se\u00f1alando que, en parapsicolog\u00eda, es el halo que algunos dicen percibir alrededor de determinados cuerpos y del que se dan diversas interpretaciones; esto nos permite entender que el aura es algo que \u201calgunos dicen percibir\u201d, no que lo perciban con seguridad, y que [&hellip;]<!-- AddThis Advanced Settings generic via filter on get_the_excerpt --><!-- AddThis Share Buttons generic via filter on get_the_excerpt --><\/p>\n","protected":false},"author":69,"featured_media":0,"comment_status":"closed","ping_status":"closed","sticky":false,"template":"","format":"standard","meta":[],"categories":[2,5,6],"tags":[144,197,289,361,511,565,715,773,789,1058,1239,1375,1506],"_links":{"self":[{"href":"https:\/\/blogs.hoy.es\/ciencia-facil\/wp-json\/wp\/v2\/posts\/767"}],"collection":[{"href":"https:\/\/blogs.hoy.es\/ciencia-facil\/wp-json\/wp\/v2\/posts"}],"about":[{"href":"https:\/\/blogs.hoy.es\/ciencia-facil\/wp-json\/wp\/v2\/types\/post"}],"author":[{"embeddable":true,"href":"https:\/\/blogs.hoy.es\/ciencia-facil\/wp-json\/wp\/v2\/users\/69"}],"replies":[{"embeddable":true,"href":"https:\/\/blogs.hoy.es\/ciencia-facil\/wp-json\/wp\/v2\/comments?post=767"}],"version-history":[{"count":0,"href":"https:\/\/blogs.hoy.es\/ciencia-facil\/wp-json\/wp\/v2\/posts\/767\/revisions"}],"wp:attachment":[{"href":"https:\/\/blogs.hoy.es\/ciencia-facil\/wp-json\/wp\/v2\/media?parent=767"}],"wp:term":[{"taxonomy":"category","embeddable":true,"href":"https:\/\/blogs.hoy.es\/ciencia-facil\/wp-json\/wp\/v2\/categories?post=767"},{"taxonomy":"post_tag","embeddable":true,"href":"https:\/\/blogs.hoy.es\/ciencia-facil\/wp-json\/wp\/v2\/tags?post=767"}],"curies":[{"name":"wp","href":"https:\/\/api.w.org\/{rel}","templated":true}]}}