{"id":786,"date":"2015-05-20T11:13:00","date_gmt":"2015-05-20T10:13:00","guid":{"rendered":"http:\/\/blogs.hoy.es\/ciencia-facil\/?p=786"},"modified":"2015-05-20T11:13:00","modified_gmt":"2015-05-20T10:13:00","slug":"la-belleza-del-ocaso-en-extremadura","status":"publish","type":"post","link":"https:\/\/blogs.hoy.es\/ciencia-facil\/2015\/05\/20\/la-belleza-del-ocaso-en-extremadura\/","title":{"rendered":"La belleza del ocaso en Extremadura"},"content":{"rendered":"<p>\u201d- <em>Me gustan las puestas de sol, vamos a ver una puesta de sol&#8230;<\/em><\/p>\n<p><em>&#8211; Pero tendremos que esperar&#8230;<\/em><\/p>\n<p><em>&#8211; \u00bfEsperar a qu\u00e9?<\/em><\/p>\n<p><em>&#8211; Esperar a que se ponga el Sol.<\/em><\/p>\n<p><em>Al principio pareciste muy sorprendido, y luego te re\u00edste de ti mismo. Y me dijiste:<\/em><\/p>\n<p><em>-\u00a1Siempre creo que estoy en mi tierra!<\/em><\/p>\n<p><em>Pero a ti, en tu peque\u00f1o planeta, te bastaba correr tu silla unos pasos. Y mirabas el crep\u00fasculo siempre<\/em><\/p>\n<p><em>que te apetec\u00eda &#8230;<\/em><\/p>\n<p><em>&#8211; \u00a1Un d\u00eda vi ponerse el sol cuarenta y tres veces!\u201d<\/em><\/p>\n<p><em>\u00a0<\/em><strong><em>(\u201cEl Principito\u201d de Antoine de Saint-Exupery)<\/em><\/strong><\/p>\n<p><span style=\"font-family: Times New Roman;\">\u00a0<a href=\"\/ciencia-facil\/wp-content\/uploads\/sites\/63\/2015\/05\/01.-AMS-y-atardeceres-rojizos1.jpg\"><img loading=\"lazy\" title=\"01.- AMS y atardeceres rojizos\" src=\"\/ciencia-facil\/wp-content\/uploads\/sites\/63\/2015\/05\/01.-AMS-y-atardeceres-rojizos1.jpg\" alt=\"\" width=\"668\" height=\"214\" \/><\/a><\/span><\/p>\n<p><span style=\"font-family: Times New Roman;\">Nosotros no podemos verlo tantas veces cada d\u00eda, pero tanto el <strong>ORTO<\/strong> (aparici\u00f3n diaria del Sol por el horizonte, hacia el este, como consecuencia de la rotaci\u00f3n terrestre) como el <strong>OCASO<\/strong> (puesta de Sol al transponer el horizonte, hacia el oeste) <strong>son espect\u00e1culos que la naturaleza nos ofrece cada d\u00eda<\/strong>, aunque a veces las nieblas al amanecer o los cielos cubiertos al atardecer no nos permitan disfrutar de ellos.<\/span><\/p>\n<p><span style=\"font-family: Times New Roman;\">Sin duda ambos espect\u00e1culos son bellos en s\u00ed, con sus juegos de luces y sombras, as\u00ed como con unas paletas de colores incomparables, pero <strong>es el ocaso el que m\u00e1s atracci\u00f3n ha despertado tradicionalmente<\/strong> y el que m\u00e1s literatura e im\u00e1genes ha acumulado, dando lugar a cat\u00e1logos interminables en los que <strong>cada uno ensalza los de su tierra<\/strong>. \u00a0<\/span><\/p>\n<p><span style=\"font-family: Times New Roman;\">Por mi parte quiero destacar el <strong>ocaso de Extremadura<\/strong>, pero Dios me libre de pensar siquiera en plantear ese <strong>ocaso <\/strong>como una tendencia hacia un final de las glorias de esta bendita tierra; muy al contrario lo que quiero es destacar la enorme belleza de las puestas de sol que pueden disfrutarse desde lo que ha dado en llamarse <strong>la Raya con Portugal<\/strong>.<\/span><\/p>\n<p><span style=\"font-family: Times New Roman;\">Un excepcional observador de todos los fen\u00f3menos que tienen lugar en esa Raya fue mi entra\u00f1able amigo <strong>Antonio P\u00e9rez Garrido<\/strong>, ge\u00f3logo de profesi\u00f3n y meteor\u00f3logo de afici\u00f3n, que desde su excepcional atalaya, en el \u00faltimo piso de un edificio de la ciudad de Badajoz, en la orilla del Guadiana, y con una terraza orientada al oeste, obtuvo una de las mayores y mejores colecciones de im\u00e1genes de nubes en general y de puestas de Sol en particular, que he visto en mi vida.<\/span><\/p>\n<p><span style=\"font-family: Times New Roman;\">\u00a0<a href=\"\/ciencia-facil\/wp-content\/uploads\/sites\/63\/2015\/05\/02.-Cielo-rojizo-con-m\u00e1quina-y-ocaso-extreme\u00f1o1.jpg\"><img loading=\"lazy\" title=\"02.- Cielo rojizo con m\u00e1quina y ocaso extreme\u00f1o\" src=\"\/ciencia-facil\/wp-content\/uploads\/sites\/63\/2015\/05\/02.-Cielo-rojizo-con-m\u00e1quina-y-ocaso-extreme\u00f1o1.jpg\" alt=\"\" width=\"548\" height=\"165\" \/><\/a><\/span><\/p>\n<p><span style=\"font-family: Times New Roman;\">Mi amigo Antonio, dejaba conectada su m\u00e1quina fotogr\u00e1fica en la terraza, program\u00e1ndola para toma de im\u00e1genes a la hora del ocaso de cada d\u00eda, con lo que lleg\u00f3 a reunir miles de diapositivas. No fueron pocas las veces en las que convoc\u00f3 reuniones de amigos, en las que proyectaba sus \u00faltimas capturas, acompa\u00f1adas con alg\u00fan embutido y vinillo de la tierra.<\/span><\/p>\n<p><span style=\"font-family: Times New Roman;\">Pero tambi\u00e9n dentro de lleno de <strong>la Raya con Portugal<\/strong>, podemos disfrutar de maravillosas puestas de sol, por ejemplo desde <strong>Valencia de Alc\u00e1ntara<\/strong>, que adem\u00e1s goza de merecida fama por su conjunto megal\u00edtico, as\u00ed como de un bello barrio g\u00f3tico y los restos de la fortaleza \u00e1rabe. Todo ello justo en la Raya, donde muchas aldeas rayan, literalmente, con sus vecinos portugueses de la regi\u00f3n del <strong>Alentejo<\/strong>, como es el caso de <strong>Solana<\/strong>, <strong>Cedillo<\/strong>, <strong>Herrera de Alc\u00e1ntara<\/strong>, <strong>Carbajo<\/strong> o <strong>Membr\u00edo<\/strong>, localidades t\u00edpicamente arrayanas o rayanas y <strong>todas ellas fuentes inagotables de bell\u00edsimas puestas de sol<\/strong>.<\/span><\/p>\n<p><span style=\"font-family: Times New Roman;\">\u00a0<a href=\"\/ciencia-facil\/wp-content\/uploads\/sites\/63\/2015\/05\/03.-Atardeceres-extreme\u00f1os-en-San-Vicente1.jpg\"><img loading=\"lazy\" title=\"03.- Atardeceres extreme\u00f1os en  San Vicente\" src=\"\/ciencia-facil\/wp-content\/uploads\/sites\/63\/2015\/05\/03.-Atardeceres-extreme\u00f1os-en-San-Vicente1.jpg\" alt=\"\" width=\"921\" height=\"269\" \/><\/a><\/span><\/p>\n<p><span style=\"font-family: Times New Roman;\">Estos <strong>atardeceres\/anocheceres extreme\u00f1os<\/strong> est\u00e1n presididos muy frecuentemente por los <strong>colores amarillentos y rojizos<\/strong>, o por preciosas combinaciones de ellos, aderezados a veces con azules, naranjas y grises, con resultados tanto m\u00e1s atractivos cuando existen nubes hacia el oeste y el disco solar es visible entre ellas.<\/span><\/p>\n<p><span style=\"font-family: Times New Roman;\">Llegados a este punto conviene aclarar un par de cosas, una respecto a esos bellos colores y otra respecto a la verdadera posici\u00f3n del disco solar. En cuanto a los colores, sabemos que <strong>la luz solar es del tipo conocido como luz blanca<\/strong>, resultado de la suma de sus colores componentes, que <strong>de mayor a menor longitud de onda, van del rojo al violeta<\/strong>. Ahora bien, resulta que cada uno de estos colores es afectado de diferente manera a lo largo de su camino \u00f3ptico a trav\u00e9s de la atm\u00f3sfera. <\/span><\/p>\n<p><span style=\"font-family: Times New Roman;\">El fen\u00f3meno f\u00edsico conocido como <strong>efecto Tyndall<\/strong> o la <strong>difusi\u00f3n de Rayleigh<\/strong>, hace que cuando la luz blanca pasa a trav\u00e9s de un \u00e1rea que contiene aerosoles, es decir part\u00edculas en suspensi\u00f3n, como ocurre en la atm\u00f3sfera terrestre, las longitudes de onda m\u00e1s cortas, como es el caso de las radiaciones violetas y azules, se dispersan fuertemente, por lo que, <strong>en ausencia de nubes y cuando el Sol est\u00e1 en lo alto<\/strong>, ese es el color que llega a nuestros ojos, desde todas las direcciones, lo que hace que <strong>veamos el cielo de color azul<\/strong>.<\/span><\/p>\n<p><span style=\"font-family: Times New Roman;\">Por el contrario, <strong>a medida que se acerca la hora del ocaso<\/strong>, el Sol de acerca m\u00e1s y m\u00e1s al horizonte, con lo que <strong>los rayos solares<\/strong> que nos llegan lo hacen <strong>atravesando mucha m\u00e1s masa de aire<\/strong> que al mediod\u00eda, cuando el Sol est\u00e1 en lo alto; en esta situaci\u00f3n podr\u00edamos decir que la componente de ondas m\u00e1s cortas, como <strong>el azul<\/strong>, <strong>se refleja y dispersa antes<\/strong>, en la primera parte del recorrido, dejando que <strong>contin\u00faen su camino<\/strong> los colores con las longitudes de onda m\u00e1s largas como <strong>el amarillo, naranja y rojo<\/strong>, que ser\u00e1n los que b\u00e1sicamente lleguen a nuestros ojos al ocaso.<\/span><\/p>\n<p><span style=\"font-family: Times New Roman;\">Cuando al atardecer el <strong>cielo est\u00e1 despejado y con escasos aerosoles<\/strong>, el color predominante ser\u00e1 el amarillo, porque la luz azul no ha desaparecido del todo en la radiaci\u00f3n que llega al observador, y la mezcla de esa peque\u00f1a parte de azul con la componente naranja, amarilla y roja da lugar a un <strong>atardecer amarillento<\/strong>, muy frecuente en la <strong>raya con Portugal<\/strong>.<\/span><\/p>\n<p><span style=\"font-family: Times New Roman;\">Por el contrario <strong>cuando existen abundantes aerosoles en suspensi\u00f3n en la atm\u00f3sfera<\/strong>, es cuando se producen los <strong>atardeceres en los que predomina el naranja e incluso el color rojo profundo<\/strong>. En el caso de las puestas de sol observadas desde Extremadura y en concreto desde la Raya, <strong>estas part\u00edculas en suspensi\u00f3n proceden<\/strong> normalmente de los suelos de Portugal\u00a0 y m\u00e1s en concreto <strong>del Alentejo<\/strong>, tanto de sus tierras como de sus costas, donde es f\u00e1cil que los vientos dominantes levanten gran cantidad de part\u00edculas de su <strong>\u00e1rido suelo<\/strong> e incluso, m\u00e1s lejanas pero \u00f3pticamente muy eficaces, de la <strong>sal del Atl\u00e1ntico<\/strong>.<\/span><\/p>\n<p><span style=\"font-family: Times New Roman;\">En estas circunstancias, <strong>con una gran cantidad de part\u00edculas en el cielo, gracias a los aerosoles portugueses<\/strong>, las radiaciones de \u00a0longitudes de onda m\u00e1s corta, como las azules tienen mucha m\u00e1s probabilidad de dispersarse y debilitarse, hasta casi desaparecer antes de llegar a Extremadura, quedando s\u00f3lo el rojo, el naranja y el amarillo para adornar el atardecer del cielo extreme\u00f1o, con lo que la <strong>puesta de sol lucir\u00e1 con colores que van del naranja al rojo profundo<\/strong>.<\/span><\/p>\n<p><span style=\"font-family: Times New Roman;\">\u00a0<a href=\"\/ciencia-facil\/wp-content\/uploads\/sites\/63\/2015\/05\/04.-Longitudes-de-onda-y-posici\u00f3n-solar1.jpg\"><img loading=\"lazy\" title=\"04.- Longitudes de onda y posici\u00f3n solar\" src=\"\/ciencia-facil\/wp-content\/uploads\/sites\/63\/2015\/05\/04.-Longitudes-de-onda-y-posici\u00f3n-solar1.jpg\" alt=\"\" width=\"716\" height=\"539\" \/><\/a><\/span><\/p>\n<p><span style=\"font-family: Times New Roman;\">Finalmente, es bueno que sepan que <strong>ese Sol que creen ustedes ver<\/strong> durante la puesta de \u00eddem, no est\u00e1 en realidad ah\u00ed, puesto que nuevamente las leyes de la f\u00edsica, en este caso <strong>la ley de la refracci\u00f3n<\/strong>, establece que la luz solar, no se propague en l\u00ednea recta, sino que se curve siguiendo el valor del \u00edndice de refracci\u00f3n de la atm\u00f3sfera terrestre, de forma que <strong>ese Sol que usted cree ver, hace ya rato que est\u00e1 bajo el horizonte<\/strong>. Pero\u2026 <strong>\u00a1Que nos quiten lo disfrutado con el espect\u00e1culo!<\/strong><\/span><\/p>\n<p><span style=\"font-family: Times New Roman;\">Y, h\u00e1ganme caso, <strong>si ustedes tienen la suerte de vivir en Extremadura<\/strong>, cerca de la Raya con Portugal, <strong>echen una ojeada cada atardecer hacia el oeste<\/strong>, y la naturaleza se lo agradecer\u00e1 con un cuadro lleno de belleza. <strong>Y si, para su desgracia, no viven en Extremadura<\/strong>, pues programen una escapada, en cuando tengan ocasi\u00f3n, puesto que, adem\u00e1s de la belleza de sus puestas de sol, <strong>esta bendita tierra les acoger\u00e1 cordialmente y ustedes podr\u00e1n comprobar que est\u00e1 llena de magn\u00edficas sorpresas<\/strong>. <\/span><\/p>\n<p><a href=\"https:\/\/www.google.es\/?gfe_rd=cr&#038;ei=hn88Vv6TPIjCbOOKvdgG&#038;gws_rd=ssl#q=Adolfo+Marroqu%C3%ADn+Santo%C3%B1a\"><strong><span style=\"font-family: Times New Roman;\">Adolfo Marroqu\u00edn Santo\u00f1a<\/span><\/strong><\/a><\/p>\n<p>&nbsp;<\/p>\n<!-- AddThis Advanced Settings generic via filter on the_content --><!-- AddThis Share Buttons generic via filter on the_content -->","protected":false},"excerpt":{"rendered":"<p>\u201d- Me gustan las puestas de sol, vamos a ver una puesta de sol&#8230; &#8211; Pero tendremos que esperar&#8230; &#8211; \u00bfEsperar a qu\u00e9? &#8211; Esperar a que se ponga el Sol. Al principio pareciste muy sorprendido, y luego te re\u00edste de ti mismo. Y me dijiste: -\u00a1Siempre creo que estoy en mi tierra! Pero a [&hellip;]<!-- AddThis Advanced Settings generic via filter on get_the_excerpt --><!-- AddThis Share Buttons generic via filter on get_the_excerpt --><\/p>\n","protected":false},"author":69,"featured_media":0,"comment_status":"closed","ping_status":"closed","sticky":false,"template":"","format":"standard","meta":[],"categories":[6,7],"tags":[35,66,109,142,255,278,595,708,732,943,1053,1088,1259,1388,1389,1523],"_links":{"self":[{"href":"https:\/\/blogs.hoy.es\/ciencia-facil\/wp-json\/wp\/v2\/posts\/786"}],"collection":[{"href":"https:\/\/blogs.hoy.es\/ciencia-facil\/wp-json\/wp\/v2\/posts"}],"about":[{"href":"https:\/\/blogs.hoy.es\/ciencia-facil\/wp-json\/wp\/v2\/types\/post"}],"author":[{"embeddable":true,"href":"https:\/\/blogs.hoy.es\/ciencia-facil\/wp-json\/wp\/v2\/users\/69"}],"replies":[{"embeddable":true,"href":"https:\/\/blogs.hoy.es\/ciencia-facil\/wp-json\/wp\/v2\/comments?post=786"}],"version-history":[{"count":0,"href":"https:\/\/blogs.hoy.es\/ciencia-facil\/wp-json\/wp\/v2\/posts\/786\/revisions"}],"wp:attachment":[{"href":"https:\/\/blogs.hoy.es\/ciencia-facil\/wp-json\/wp\/v2\/media?parent=786"}],"wp:term":[{"taxonomy":"category","embeddable":true,"href":"https:\/\/blogs.hoy.es\/ciencia-facil\/wp-json\/wp\/v2\/categories?post=786"},{"taxonomy":"post_tag","embeddable":true,"href":"https:\/\/blogs.hoy.es\/ciencia-facil\/wp-json\/wp\/v2\/tags?post=786"}],"curies":[{"name":"wp","href":"https:\/\/api.w.org\/{rel}","templated":true}]}}