{"id":801,"date":"2015-07-01T12:13:24","date_gmt":"2015-07-01T11:13:24","guid":{"rendered":"http:\/\/blogs.hoy.es\/ciencia-facil\/?p=801"},"modified":"2015-07-01T12:13:24","modified_gmt":"2015-07-01T11:13:24","slug":"la-salud-frente-a-las-altas-temperaturas","status":"publish","type":"post","link":"https:\/\/blogs.hoy.es\/ciencia-facil\/2015\/07\/01\/la-salud-frente-a-las-altas-temperaturas\/","title":{"rendered":"La salud frente a las altas temperaturas"},"content":{"rendered":"<p><span style=\"font-family: Times New Roman;\"><strong><a href=\"\/ciencia-facil\/wp-content\/uploads\/sites\/63\/2015\/07\/01.-Sol-calor-y-agua.jpg\"><img loading=\"lazy\" class=\"aligncenter size-full wp-image-802\" title=\"01.- Sol, calor y agua\" src=\"\/ciencia-facil\/wp-content\/uploads\/sites\/63\/2015\/07\/01.-Sol-calor-y-agua.jpg\" alt=\"\" width=\"672\" height=\"238\" srcset=\"https:\/\/static-blogs.hoy.es\/wp-content\/uploads\/sites\/63\/2015\/07\/01.-Sol-calor-y-agua.jpg 672w, https:\/\/static-blogs.hoy.es\/wp-content\/uploads\/sites\/63\/2015\/07\/01.-Sol-calor-y-agua-300x106.jpg 300w\" sizes=\"(max-width: 672px) 100vw, 672px\" \/><\/a>No existen dudas<\/strong> (o existen pocas y no muy s\u00f3lidas)<strong> respecto a que el clima del planeta est\u00e1 cambiando<\/strong>. De hecho, por la propia naturaleza de los factores que perfilan el clima, \u00e9ste <strong>est\u00e1 cambiando ahora y ha estado cambiando <\/strong>permanentemente, <strong>desde siempre<\/strong>, pero <strong>la enorme diferencia<\/strong> entre el cambio actual y el del pasado <strong>est\u00e1 en la rapidez<\/strong> con que se desarrolla el cambio actual, frente a la lentitud de los anteriores cambios.<\/span><\/p>\n<p><span style=\"font-family: Times New Roman;\">Tampoco existe, dudas sobre el hecho de que <strong>el clima afecta a la salud humana<\/strong>, a nuestro bienestar y a la propia vida en el planeta. Por tanto, los r\u00e1pidos cambios actuales dar\u00e1n lugar <strong>en un pr\u00f3ximo futuro a un aumento de los problemas anteriores<\/strong> de salud, as\u00ed como a nuevos riesgos y nuevas presiones sobre el medio ambiente. En Europa la <strong>OMS<\/strong> (<strong>O<\/strong>rganizaci\u00f3n <strong>M<\/strong>undial de la <strong>S<\/strong>alud) ya ha detectado algunos de esos efectos sobre la salud, as\u00ed como cambios en la distribuci\u00f3n geogr\u00e1fica de algunas enfermedades.<\/span><\/p>\n<p><span style=\"font-family: Times New Roman;\">En concreto, la acumulaci\u00f3n de <strong>GEI<\/strong> (<strong>G<\/strong>ases de <strong>E<\/strong>fecto <strong>I<\/strong>nvernadero) en la atm\u00f3sfera, debida fundamentalmente a la utilizaci\u00f3n de combustibles f\u00f3siles, est\u00e1 provocando un aumento de las temperaturas, dando lugar al <strong>calentamiento global del planeta<\/strong> y exponiendo a la poblaci\u00f3n a <strong>fen\u00f3menos meteorol\u00f3gicos extremos<\/strong> cada vez m\u00e1s frecuentes e intensos.<\/span><\/p>\n<p><span style=\"font-family: Times New Roman;\">Los problemas de salud relacionados con la mayor frecuencia de <strong>olas de calor<\/strong> se han agravado tambi\u00e9n por el r\u00e1pido aumento de los <strong>grupos de poblaci\u00f3n m\u00e1s vulnerables<\/strong>, sobre todo las personas de edad avanzada, en especial las que viven en grandes ciudades de las regiones tropicales y subtropicales, aunque tambi\u00e9n en el resto del planeta.<\/span><\/p>\n<p><span style=\"font-family: Times New Roman;\">Se ha comprobado que las <strong>olas de calor<\/strong> intensas y prolongadas, que se dan cada vez con mayor frecuencia, han provocado un <strong>incremento de fallecimientos, entre un 2 y un 5%<\/strong><strong><\/strong><strong>por cada grado cent\u00edgrado que supera un cierto umbral<\/strong>. Umbral que es diferente para las distintas \u00e1reas clim\u00e1ticas del planeta, puesto que <strong>depende del grado de adaptaci\u00f3n de las personas a su clima local<\/strong>. <\/span><\/p>\n<p><span style=\"font-family: Times New Roman;\">Algunas de las <strong>olas de calor<\/strong> m\u00e1s espectaculares han ocurrido en regiones del mundo relativamente ricas, habitualmente con temperaturas medias no muy elevadas. Como ejemplo, el calor registrado en gran parte de <strong>Europa en el verano de 2003<\/strong> caus\u00f3 un incremento de las tasas de mortalidad 4 a 5 veces superior al previsto para los momentos de m\u00e1ximo calor en algunas ciudades, lo que provoc\u00f3 m\u00e1s de 70 000 fallecimientos en 12 pa\u00edses europeos.<\/span><\/p>\n<p><span style=\"font-family: Times New Roman;\">El <strong>riesgo por las elevadas temperaturas<\/strong> afecta a las zonas rurales, pero es particularmente grave en las ciudades, donde el efecto de <strong>isla de calor<\/strong> puede elevar las temperaturas <strong>m\u00e1s de 5 \u00b0C, respecto a las que se encuentran fuera del casco urbano<\/strong> de esas ciudades; por otra parte, las altas temperaturas incrementan los efectos perjudiciales del ozono troposf\u00e9rico, el que se encuentra pr\u00f3ximo al suelo, y de las part\u00edculas contaminantes en el aire.<\/span><\/p>\n<p><span style=\"font-family: Times New Roman;\">\u00a0<a href=\"\/ciencia-facil\/wp-content\/uploads\/sites\/63\/2015\/07\/02.-Alarmas-sanitarias-por-olas-de-calor.jpg\"><img loading=\"lazy\" title=\"02.- Alarmas sanitarias por olas de calor\" src=\"\/ciencia-facil\/wp-content\/uploads\/sites\/63\/2015\/07\/02.-Alarmas-sanitarias-por-olas-de-calor.jpg\" alt=\"\" width=\"1060\" height=\"570\" \/><\/a><\/span><\/p>\n<p><span style=\"font-family: Times New Roman;\">El actual cambio clim\u00e1tico, de acuerdo con el <a title=\"Enlace que se abrir\u00e1 en una nueva ventana cuyo contenido es en ingl\u00e9s\" href=\"http:\/\/www.ipcc.ch\/activities\/activities.shtml\" target=\"_blank\"><strong><span style=\"color: #0000ff;\">Quinto Informe de Evaluaci\u00f3n<\/span><\/strong><\/a> del <strong>IPCC<\/strong>, incrementar\u00e1 la intensidad y frecuencia de estos fen\u00f3menos extremos, aumentar\u00e1 con ello los riesgos para la salud humana. Para mediados de este siglo XXI, <strong>los episodios extraordinarios de calor<\/strong> que en \u00e9pocas pasadas ven\u00edan ocurriendo <strong>una vez cada 20 a\u00f1os<\/strong>, como promedio, <strong>se producir\u00e1n ahora con una frecuencia de uno cada 2 a 5 a\u00f1os<\/strong>.<\/span><\/p>\n<p><span style=\"font-family: Times New Roman;\">Para el 2050 se estima que se habr\u00e1 triplicado el n\u00famero de personas con edad superior a 65 a\u00f1os, viviendo en ciudades y que en las regiones desarrolladas el aumento sea incluso mayor. En consecuencia, ese incremento del riesgo y el crecimiento de la poblaci\u00f3n vulnerable aconsejar\u00edan que <strong>los avisos y alertas por episodios de altas temperaturas fueran una prioridad<\/strong> en los pr\u00f3ximos decenios.<\/span><\/p>\n<p><span style=\"font-family: Times New Roman;\">El resultado de numerosas investigaciones indica que la relaci\u00f3n entre las temperaturas extremas, tanto las m\u00ednimas como las m\u00e1ximas, y la mortalidad suele tener forma de \u201cU\u201d, <strong>con una temperatura \u201ccentral\u201d de m\u00ednima incidencia<\/strong> que var\u00eda de unos lugares a otros, que como dec\u00eda antes depende de la adaptaci\u00f3n de la poblaci\u00f3n al rango de temperaturas al que se venido encontrando expuesto, es decir de <strong>las temperaturas que responden al clima promedio de su regi\u00f3n<\/strong>.<\/span><\/p>\n<p><span style=\"font-family: Times New Roman;\">De forma que si se alcanzan valores extremos alejados de la <strong>temperatura de m\u00ednima incidencia<\/strong>, los mecanismos de termorregulaci\u00f3n quedan desbordados. <strong>La mortalidad presenta una din\u00e1mica estacional<\/strong> caracterizada hasta ahora por la aparici\u00f3n de un m\u00e1ximo invernal y otro estival de menor amplitud; <strong>pero<\/strong> de cara al futuro, <strong>en el marco del cambio clim\u00e1tico, el riesgo estival ira en claro aumento<\/strong> a lo largo del presente siglo, <strong>disminuyendo por contra el invernal<\/strong>.<\/span><\/p>\n<p><span style=\"font-family: Times New Roman;\">\u00a0<a href=\"\/ciencia-facil\/wp-content\/uploads\/sites\/63\/2015\/07\/03.-Calor-planes-y-recomendaciones.jpg\"><img loading=\"lazy\" title=\"03.- Calor, planes y recomendaciones\" src=\"\/ciencia-facil\/wp-content\/uploads\/sites\/63\/2015\/07\/03.-Calor-planes-y-recomendaciones.jpg\" alt=\"\" width=\"1083\" height=\"494\" \/><\/a><\/span><\/p>\n<p><span style=\"font-family: Times New Roman;\">Si la temperatura corporal se eleva por encima de los 38 \u00baC los efectos en salud de las altas temperaturas abarcan desde deshidrataci\u00f3n, calambres, golpe de calor, s\u00edncope por calor, arritmias, agravamiento de enfermedades previas y hasta, en el caso extremo, la muerte. Conviene remarcar que, de acuerdo con los estudios realizados, <strong>el colectivo m\u00e1s vulnerable<\/strong> a los efectos en salud de las olas de calor <strong>son los ancianos que viven en \u00e1mbito urbano, especialmente las mujeres<\/strong>.<\/span><\/p>\n<p><span style=\"font-family: Times New Roman;\">En Espa\u00f1a, en 2005 utilizando los registros disponibles de temperaturas, el Ministerio de Medio Ambiente public\u00f3 la <strong>\u201cEvaluaci\u00f3n Preliminar de los Impactos en Espa\u00f1a por Efecto del Cambio Clim\u00e1tico\u201d<\/strong>, con Moreno Rodr\u00edguez, como coordinador del trabajo; calcul\u00e1ndose las temperaturas umbrales para cada provincia a partir de las cuales se producen excesos de mortalidad.<\/span><\/p>\n<p><span style=\"font-family: Times New Roman;\">En los resultados de aquella evaluaci\u00f3n, como puede verse en una de las figuras que se adjuntan, en la que se muestran las <strong>temperaturas umbrales de definici\u00f3n de ola de calor en funci\u00f3n del percentil 95<\/strong> (es decir, por encima del 95% de los casos) <strong>de las series de temperaturas m\u00e1ximas diarias<\/strong>, registradas en el periodo <strong>de junio a septiembre<\/strong>, puede observarse c\u00f3mo la m\u00ednima mortalidad ocurre a temperaturas m\u00e1s elevadas en las regiones m\u00e1s templadas, con un mayor impacto del calor en las latitudes fr\u00edas y viceversa.<\/span><\/p>\n<p><span style=\"font-family: Times New Roman;\"><strong>La definici\u00f3n de \u201cola de calor\u201d no puede ser fija<\/strong>, ya que es imposible establecer una temperatura que sirva para todas las latitudes, y ni siquiera se puede fijar un percentil de la serie de temperaturas a la que se ve expuesta una poblaci\u00f3n, pues <strong>la relaci\u00f3n entre temperatura y mortalidad var\u00eda con el tiempo<\/strong>. La temperatura umbral que defina &#8220;ola de calor&#8221; deber\u00e1 estar relacionada con las condiciones ambientales, sociales, econ\u00f3micas y demogr\u00e1ficas de cada \u00e1rea concreta.<\/span><\/p>\n<p><span style=\"font-family: Times New Roman;\">\u00a0<a href=\"\/ciencia-facil\/wp-content\/uploads\/sites\/63\/2015\/07\/04.-Temperatura-umbral-ola-de-calor.jpg\"><img loading=\"lazy\" title=\"04.- Temperatura umbral ola de calor\" src=\"\/ciencia-facil\/wp-content\/uploads\/sites\/63\/2015\/07\/04.-Temperatura-umbral-ola-de-calor.jpg\" alt=\"\" width=\"786\" height=\"387\" \/><\/a><\/span><\/p>\n<p><span style=\"font-family: Times New Roman;\">El <strong>n\u00famero de noches y d\u00edas calurosos, as\u00ed como el de olas de calor<\/strong> han aumentado en las \u00faltimas d\u00e9cadas y seg\u00fan el \u00faltimo informe del IPCC <strong>continuar\u00e1n aumentando a lo largo de este siglo<\/strong>, pero adem\u00e1s conviene se\u00f1alar que la previsi\u00f3n del aumento de las temperaturas para Espa\u00f1a es mayor que para el resto de Europa. Mal vamos.<\/span><\/p>\n<p><span style=\"font-family: Times New Roman;\">En \u00e1reas urbanas, las <strong>deficiencias en el aislamiento t\u00e9rmico<\/strong> de las viviendas y el <strong>efecto \u201cisla de calor\u201d urbano<\/strong>, incrementan la retenci\u00f3n del calor en las ciudades ydificultan su disipaci\u00f3n, por lo que <strong>amplifican los efectos perjudiciales<\/strong> de las altas temperaturas, especialmente de noche. <\/span><\/p>\n<p><span style=\"font-family: Times New Roman;\">De acuerdo con todo lo anterior parece prudente hacer el mayor caso posible al <strong>Dec\u00e1logo de recomendaciones<\/strong> del Ministerio de Sanidad, Servicios Sociales e Igualdad, <strong>ante las altas temperaturas<\/strong>:<\/span><\/p>\n<p><span style=\"font-family: Times New Roman;\"><strong><em>1.-<\/em><\/strong><em> Beba agua y l\u00edquidos con frecuencia, aunque no sienta sed y con independencia de la actividad f\u00edsica que realice.<\/em><\/span><\/p>\n<p><span style=\"font-family: Times New Roman;\"><strong><em>2.-<\/em><\/strong><em> No abuse de las bebidas con cafe\u00edna, alcohol o grandes cantidades de az\u00facar.<\/em><\/span><\/p>\n<p><span style=\"font-family: Times New Roman;\"><strong><em>3.-<\/em><\/strong><em> Preste especial atenci\u00f3n a bebes y ni\u00f1os peque\u00f1os en general, as\u00ed como a personas mayores y personas con enfermedades que puedan agravarse con el calor.<\/em><\/span><\/p>\n<p><span style=\"font-family: Times New Roman;\"><strong><em>4.-<\/em><\/strong><em> Permanezca el mayor tiempo que le sea posible en lugares frescos, a la sombra o climatizados, y refr\u00e9squese cada vez que lo necesite.<\/em><\/span><\/p>\n<p><span style=\"font-family: Times New Roman;\"><strong><em>5.-<\/em><\/strong><em> Procure reducir la actividad f\u00edsica y evitar realizar deportes al aire libre en las horas m\u00e1s calurosas, que normalmente se producir\u00e1n entre las 12:00 y las 17:00 horas.<\/em><\/span><\/p>\n<p><span style=\"font-family: Times New Roman;\"><strong><em>6.-<\/em><\/strong><em> Use ropa ligera, holgada y que permita la transpiraci\u00f3n.<\/em><\/span><\/p>\n<p><span style=\"font-family: Times New Roman;\"><strong><em>7.-<\/em><\/strong><em> Nunca deje ninguna persona en un veh\u00edculo estacionado y cerrado (especialmente a ni\u00f1os, ancianos o enfermos cr\u00f3nicos).<\/em><\/span><\/p>\n<p><span style=\"font-family: Times New Roman;\"><strong><em>8.-<\/em><\/strong><em> Consulte a su m\u00e9dico ante s\u00edntomas que se prolonguen m\u00e1s de una hora y que puedan estar relacionados con las altas temperaturas.<\/em><\/span><\/p>\n<p><span style=\"font-family: Times New Roman;\"><strong><em>9.-<\/em><\/strong><em> Mantenga sus medicinas en un lugar fresco; el calor puede alterar su composici\u00f3n y sus efectos.<\/em><\/span><\/p>\n<p><span style=\"font-family: Times New Roman;\"><strong><em>10.-<\/em><\/strong><em> Haga comidas ligeras que ayuden a reponer las sales perdidas por el sudor (ensaladas, frutas, verduras, zumos, etc.).<\/em><\/span><\/p>\n<p><span style=\"font-family: Times New Roman;\">\u00a0<a href=\"\/ciencia-facil\/wp-content\/uploads\/sites\/63\/2015\/07\/05.-Calor-y-probabilidad-de-una-ola-de-calor.jpg\"><img loading=\"lazy\" title=\"05.- Calor y probabilidad de una ola de calor\" src=\"\/ciencia-facil\/wp-content\/uploads\/sites\/63\/2015\/07\/05.-Calor-y-probabilidad-de-una-ola-de-calor.jpg\" alt=\"\" width=\"1138\" height=\"343\" \/><\/a><\/span><\/p>\n<p><a href=\"https:\/\/www.google.es\/?gfe_rd=cr&#038;ei=hn88Vv6TPIjCbOOKvdgG&#038;gws_rd=ssl#q=Adolfo+Marroqu%C3%ADn+Santo%C3%B1a\"><strong>Adolfo Marroqu\u00edn Santo\u00f1a<\/strong><\/a><\/p>\n<p><span style=\"font-family: Times New Roman;\"><strong><em><span style=\"text-decoration: underline;\">Fuentes<\/span><\/em><\/strong><strong><em>: <a href=\"http:\/\/www.wmo.int\/pages\/index_es.html\"><span style=\"color: #0000ff;\">OMM<\/span><\/a><\/em><\/strong><em>, Organizaci\u00f3n Meteorol\u00f3gica Mundial y <\/em><strong><em><a href=\"http:\/\/www.who.int\/es\/\"><span style=\"color: #0000ff;\">OMS<\/span><\/a><\/em><\/strong><em>, Organizaci\u00f3n Mundial de la Salud. <strong><a href=\"http:\/\/www.magrama.gob.es\/es\/\"><span style=\"color: #0000ff;\">MAGRAMA<\/span><\/a><\/strong>, Ministerio de Agricultura, Alimentaci\u00f3n y Medio Ambiente.\u00a0\u00a0\u00a0 <\/em><em>\u00a0<\/em><\/span><\/p>\n<p><span style=\"font-family: Times New Roman;\">\u00a0<\/span><\/p>\n<!-- AddThis Advanced Settings generic via filter on the_content --><!-- AddThis Share Buttons generic via filter on the_content -->","protected":false},"excerpt":{"rendered":"<p>No existen dudas (o existen pocas y no muy s\u00f3lidas) respecto a que el clima del planeta est\u00e1 cambiando. De hecho, por la propia naturaleza de los factores que perfilan el clima, \u00e9ste est\u00e1 cambiando ahora y ha estado cambiando permanentemente, desde siempre, pero la enorme diferencia entre el cambio actual y el del pasado [&hellip;]<!-- AddThis Advanced Settings generic via filter on get_the_excerpt --><!-- AddThis Share Buttons generic via filter on get_the_excerpt --><\/p>\n","protected":false},"author":69,"featured_media":0,"comment_status":"closed","ping_status":"closed","sticky":false,"template":"","format":"standard","meta":[],"categories":[2,4],"tags":[142,230,239,325,673,692,816,821,1064,1069,1070,1166,1331,1332,1436,1463],"_links":{"self":[{"href":"https:\/\/blogs.hoy.es\/ciencia-facil\/wp-json\/wp\/v2\/posts\/801"}],"collection":[{"href":"https:\/\/blogs.hoy.es\/ciencia-facil\/wp-json\/wp\/v2\/posts"}],"about":[{"href":"https:\/\/blogs.hoy.es\/ciencia-facil\/wp-json\/wp\/v2\/types\/post"}],"author":[{"embeddable":true,"href":"https:\/\/blogs.hoy.es\/ciencia-facil\/wp-json\/wp\/v2\/users\/69"}],"replies":[{"embeddable":true,"href":"https:\/\/blogs.hoy.es\/ciencia-facil\/wp-json\/wp\/v2\/comments?post=801"}],"version-history":[{"count":0,"href":"https:\/\/blogs.hoy.es\/ciencia-facil\/wp-json\/wp\/v2\/posts\/801\/revisions"}],"wp:attachment":[{"href":"https:\/\/blogs.hoy.es\/ciencia-facil\/wp-json\/wp\/v2\/media?parent=801"}],"wp:term":[{"taxonomy":"category","embeddable":true,"href":"https:\/\/blogs.hoy.es\/ciencia-facil\/wp-json\/wp\/v2\/categories?post=801"},{"taxonomy":"post_tag","embeddable":true,"href":"https:\/\/blogs.hoy.es\/ciencia-facil\/wp-json\/wp\/v2\/tags?post=801"}],"curies":[{"name":"wp","href":"https:\/\/api.w.org\/{rel}","templated":true}]}}