{"id":11,"date":"2015-01-20T11:03:09","date_gmt":"2015-01-20T10:03:09","guid":{"rendered":"http:\/\/blogs.hoy.es\/correr-por-que-si\/?p=11"},"modified":"2015-01-20T11:03:09","modified_gmt":"2015-01-20T10:03:09","slug":"los-valores-de-una-carrera","status":"publish","type":"post","link":"https:\/\/blogs.hoy.es\/correr-para-vivir\/2015\/01\/20\/los-valores-de-una-carrera\/","title":{"rendered":"Los valores de una carrera."},"content":{"rendered":"<p>&nbsp;<\/p>\n<div id=\"attachment_12\" style=\"width: 310px\" class=\"wp-caption aligncenter\"><a href=\"\/correr-para-vivir\/wp-content\/uploads\/sites\/102\/2015\/01\/10929195_412100992292346_7457705874331272387_n-1.jpg\"><img aria-describedby=\"caption-attachment-12\" loading=\"lazy\" class=\"size-medium wp-image-12\" title=\"MM Barruecos\" src=\"\/correr-para-vivir\/wp-content\/uploads\/sites\/102\/2015\/01\/10929195_412100992292346_7457705874331272387_n-1.jpg\" alt=\"\" width=\"300\" height=\"200\" srcset=\"https:\/\/static-blogs.hoy.es\/wp-content\/uploads\/sites\/102\/2015\/01\/10929195_412100992292346_7457705874331272387_n-1.jpg 640w, https:\/\/static-blogs.hoy.es\/wp-content\/uploads\/sites\/102\/2015\/01\/10929195_412100992292346_7457705874331272387_n-1-300x201.jpg 300w\" sizes=\"(max-width: 300px) 100vw, 300px\" \/><\/a><p id=\"caption-attachment-12\" class=\"wp-caption-text\">Marcos y Gonzalo esper\u00e1ndome para entrar<\/p><\/div>\n<p>No quer\u00eda dejar pasar mucho tiempo para contaros la carrera de ayer. Posiblemente no sea el momento m\u00e1s adecuado, pero son valores que aprendes y debo transmitiros<\/p>\n<p>El 18 de enero (ayer) se celebr\u00f3 en Malpartida de C\u00e1ceres la <a href=\"http:\/\/mediamaratonlosbarruecos2015.blogspot.com.es\/\" rel=\"external nofollow\">IV Media marat\u00f3n \u201cLos Barruecos\u201d<\/a>. El a\u00f1o pasado asist\u00ed a ver a unos amigos, la zona la conozco bastante bien, y pens\u00e9 que ser\u00eda interesante y bonito participar en ella.<\/p>\n<p>Siete d\u00edas antes hab\u00eda corrido un Trail de 37 km por monta\u00f1a en Sao Mamede, Portugal, y no sal\u00ed nada contento. Fue de esos d\u00edas en que todo parece ir mal, cabeza, piernas\u2026 por lo que no iba muy convencido a Los Barruecos. Acab\u00e9 con los \u00e1nimos por los suelos, destrozado.<\/p>\n<p>En casi todas las carreras a las que voy, encuentro gente conocida. El <strong>reencuentro<\/strong> es una de las cosas motivadoras de este deporte. A pesar de ser gente que solo ves en las carreras, al final se coge <strong>cari\u00f1o<\/strong>\u2026<\/p>\n<p>All\u00ed fui con \u00c1ngel, Gonzalo y Marcos, y con amigos de Calamonte de mi Club Pasito a Pasito.<\/p>\n<p>Realmente ten\u00eda mis dudas sobre ir o no, a las 9:30 mando un mensaje a Marcos pregunt\u00e1ndole si van a correr, con la esperanza de tener un NO como respuesta, y tener la excusa perfecta.<\/p>\n<p>Pero ese no fue un S\u00cd. Ya ten\u00eda un extra condicional para ir.<\/p>\n<p>Hac\u00eda fr\u00edo, llov\u00eda y hab\u00eda estado lloviendo toda la noche, mucho aire (aumenta la sensaci\u00f3n de fr\u00edo, menor sensaci\u00f3n t\u00e9rmica). <strong>No me apetec\u00eda<\/strong> nada, despu\u00e9s de lo mal que lo pas\u00e9 en Portalegre, pero quer\u00eda <strong>probar<\/strong> mi cuerpo en este inicio de temporada.<\/p>\n<p>Corr\u00ed bien, tranquilo y hasta el 15 que me alcanz\u00f3 Marcos no empec\u00e9 a \u201capretar\u201d, pero sab\u00eda que a tanto no llegaba, aun as\u00ed me mantuve. Me <strong>ayud\u00f3<\/strong> tenerlo a mi lado. Despu\u00e9s a 600 metros me alcanza Gonzalo, me pasan los dos y quer\u00eda entrar con ellos, pero no pod\u00eda. Sin embargo, los \u00faltimos 300 metros\u00a0<strong>no escuchaba otra cosa que sus \u00e1nimos<\/strong>, lo que <strong>agradec\u00ed<\/strong> enormemente. Ellos son conscientes de lo que me ocurr\u00eda y me animaron mucho.<\/p>\n<p>\u00c1ngel, y el resto de compa\u00f1eros, entr\u00f3 despu\u00e9s.<\/p>\n<p>Un rato de conversaci\u00f3n, y llevo a Gonzalo a casa a C\u00e1ceres. En el corto viaje que estuvimos hablando, <strong>aprend\u00ed<\/strong> mucho de \u00e9l. Y me cont\u00f3 cosas que posiblemente s\u00f3lo se cuentan entre compa\u00f1eros que conectan, y nos qued\u00f3 pendiente hacer entrenos juntos. Ah\u00ed me di cuenta de que hay otra persona m\u00e1s con la que salir a correr. Un plus de esta jornada<\/p>\n<p>Al llegar, \u00c1ngel me hizo un regalo que me encant\u00f3. Muestra del <strong>aprecio y apoyo<\/strong> que nos damos entre nosotros, cuando atravesamos malos momentos y nos refugiamos en este deporte. Otro plus de esta jornada.<\/p>\n<p>Quiz\u00e1s no le ve\u00e1is mucho sentido. Pero realmente son <strong>sensaciones y experiencias<\/strong> que, en mi caso, esta pasi\u00f3n por la carrera me ha regalado.<\/p>\n<p>Como veis es una oportunidad para aprender valores de los dem\u00e1s y con los dem\u00e1s.<\/p>\n<p>Como veis una raz\u00f3n m\u00e1s para practicar este deporte.<\/p>\n<!-- AddThis Advanced Settings generic via filter on the_content --><!-- AddThis Share Buttons generic via filter on the_content -->","protected":false},"excerpt":{"rendered":"<p>&nbsp; No quer\u00eda dejar pasar mucho tiempo para contaros la carrera de ayer. Posiblemente no sea el momento m\u00e1s adecuado, pero son valores que aprendes y debo transmitiros El 18 de enero (ayer) se celebr\u00f3 en Malpartida de C\u00e1ceres la IV Media marat\u00f3n \u201cLos Barruecos\u201d. El a\u00f1o pasado asist\u00ed a ver a unos amigos, la [&hellip;]<!-- AddThis Advanced Settings generic via filter on get_the_excerpt --><!-- AddThis Share Buttons generic via filter on get_the_excerpt --><\/p>\n","protected":false},"author":124,"featured_media":0,"comment_status":"open","ping_status":"closed","sticky":false,"template":"","format":"standard","meta":[],"categories":[3,6,9],"tags":[15,23,40,44,55],"_links":{"self":[{"href":"https:\/\/blogs.hoy.es\/correr-para-vivir\/wp-json\/wp\/v2\/posts\/11"}],"collection":[{"href":"https:\/\/blogs.hoy.es\/correr-para-vivir\/wp-json\/wp\/v2\/posts"}],"about":[{"href":"https:\/\/blogs.hoy.es\/correr-para-vivir\/wp-json\/wp\/v2\/types\/post"}],"author":[{"embeddable":true,"href":"https:\/\/blogs.hoy.es\/correr-para-vivir\/wp-json\/wp\/v2\/users\/124"}],"replies":[{"embeddable":true,"href":"https:\/\/blogs.hoy.es\/correr-para-vivir\/wp-json\/wp\/v2\/comments?post=11"}],"version-history":[{"count":0,"href":"https:\/\/blogs.hoy.es\/correr-para-vivir\/wp-json\/wp\/v2\/posts\/11\/revisions"}],"wp:attachment":[{"href":"https:\/\/blogs.hoy.es\/correr-para-vivir\/wp-json\/wp\/v2\/media?parent=11"}],"wp:term":[{"taxonomy":"category","embeddable":true,"href":"https:\/\/blogs.hoy.es\/correr-para-vivir\/wp-json\/wp\/v2\/categories?post=11"},{"taxonomy":"post_tag","embeddable":true,"href":"https:\/\/blogs.hoy.es\/correr-para-vivir\/wp-json\/wp\/v2\/tags?post=11"}],"curies":[{"name":"wp","href":"https:\/\/api.w.org\/{rel}","templated":true}]}}