{"id":147,"date":"2017-02-07T20:45:08","date_gmt":"2017-02-07T19:45:08","guid":{"rendered":"http:\/\/blogs.hoy.es\/correr-para-vivir\/?p=147"},"modified":"2017-02-07T20:45:08","modified_gmt":"2017-02-07T19:45:08","slug":"carreras-en-marzo-2017","status":"publish","type":"post","link":"https:\/\/blogs.hoy.es\/correr-para-vivir\/2017\/02\/07\/carreras-en-marzo-2017\/","title":{"rendered":"Carreras en Marzo 2017"},"content":{"rendered":"<div id=\"attachment_155\" style=\"width: 224px\" class=\"wp-caption alignleft\"><a href=\"\/correr-para-vivir\/wp-content\/uploads\/sites\/102\/2017\/02\/800_30917.cartel_maraton_2017_web2.jpg\"><img aria-describedby=\"caption-attachment-155\" loading=\"lazy\" class=\"size-medium wp-image-155\" title=\"800_30917.cartel_maraton_2017_web\" src=\"\/correr-para-vivir\/wp-content\/uploads\/sites\/102\/2017\/02\/800_30917.cartel_maraton_2017_web2.jpg\" alt=\"\" width=\"214\" height=\"300\" srcset=\"https:\/\/static-blogs.hoy.es\/wp-content\/uploads\/sites\/102\/2017\/02\/800_30917.cartel_maraton_2017_web2.jpg 370w, https:\/\/static-blogs.hoy.es\/wp-content\/uploads\/sites\/102\/2017\/02\/800_30917.cartel_maraton_2017_web2-215x300.jpg 215w\" sizes=\"(max-width: 214px) 100vw, 214px\" \/><\/a><p id=\"caption-attachment-155\" class=\"wp-caption-text\">Marat\u00f3n de Badajoz 2017<\/p><\/div>\n<p>&nbsp;<\/p>\n<p>Mejora el tiempo y los d\u00edas ya ir\u00e1n siendo menos fr\u00edos, poco a poco los d\u00edas van siendo un poco m\u00e1s largos y parece que ya vamos cogiendo algo m\u00e1s de ritmo.<\/p>\n<p>Despu\u00e9s de navidad, nos fuimos marcando nuevos objetivos, quiz\u00e1s empezar a correr, o puede que mejorar nuestras marcas. Ahora es un momento importante, muy importante, porque podemos ir entrando en esa fase de ir dej\u00e1ndolo todo. EMpezamos con muchas ganas, pero parece que ahora no son tantas, pero no debemos echarnos atr\u00e1s y seguir luchando.<\/p>\n<p>An\u00f3tate las carreras en las que deser\u00edas participar en un papel y col\u00f3calos en unu lugar bien visible, para recordarte que tienes un objetivo en mente. Que cuando est\u00e9s sin ganas desalir a entrenar, veas ese recordatorio y despierte de nuevo tu motivaci\u00f3n. Y marca el n\u00famero de alguien que pudiera acompa\u00f1arte para que te resulte m\u00e1s sencillo.<\/p>\n<p>Al fin y al cabo te pido que busques estrategias para que en esos momentos de debilidad, desgana y apat\u00eda, tengas la excusa perfecta para salir a trotar.<\/p>\n<p>Si te faltan carreras en las que puedes participar, aqu\u00ed te dejo algunas.<\/p>\n<p>&nbsp;<\/p>\n<p style=\"text-align: center;\">CARRERAS DE ATLETISMO<\/p>\n<p style=\"text-align: left;\">04\/03\/2017\u00a0\u00a0\u00a0 <a href=\"http:\/\/circuitocuatroestaciones.es\/eco_zafra\/\" rel=\"external nofollow\">Eco Night Run<\/a>. Zafra (Badajoz)<\/p>\n<p style=\"text-align: left;\">04\/03\/2017\u00a0\u00a0\u00a0 <a href=\"http:\/\/www.pulsaciones.net\/carreras\/04032017_iii_carrera_popular_solidaria_icac_2017__195\" rel=\"external nofollow\">III Carrera Popular Solidaria ICAC 2017<\/a>.\u00a0 C\u00e1ceres<\/p>\n<p style=\"text-align: left;\">05\/03\/2017 \u00a0 \u00a0 <a href=\"http:\/\/www.mediamaratonmerida.com\/\" rel=\"external nofollow\">Media Marat\u00f3n de M\u00e9rida Patrimonio de la Humanidad.\u00a0\u00a0<\/a>\u00a0\u00a0\u00a0\u00a0\u00a0 M\u00e9rida (Badajoz)<\/p>\n<p style=\"text-align: left;\">05\/03\/2017\u00a0\u00a0\u00a0\u00a0 <a href=\"http:\/\/infinitychip.es\/post-portfolio\/carrera-de-la-mujer-badajoz\/\" rel=\"external nofollow\">Carrera de la Mujer de Badajoz<\/a>. Badajoz<\/p>\n<p style=\"text-align: left;\">12\/03\/2017 \u00a0 \u00a0\u00a0 <a href=\"http:\/\/www.aytobadajoz.es\/es\/fmd\/especiales\/especial\/30470\/25-maratn-y-3-medio-maratn-popular-ciudad-de-badajoz\/#.WI4y8lzGB_k\" rel=\"external nofollow\">25\u00ba Marat\u00f3n y 3\u00aa Media Marat\u00f3n Populas de Badajoz.\u00a0 Badajoz<\/a>. (Badajoz)<\/p>\n<div class=\"mceTemp\" style=\"text-align: right;\">\n<dl id=\"attachment_156\" class=\"wp-caption  alignright\" style=\"width: 310px;\">\n<dt class=\"wp-caption-dt\"><a href=\"\/correr-para-vivir\/wp-content\/uploads\/sites\/102\/2017\/02\/20160306_1128101.jpg\"><img loading=\"lazy\" class=\"size-medium wp-image-156\" title=\"20160306_112810\" src=\"\/correr-para-vivir\/wp-content\/uploads\/sites\/102\/2017\/02\/20160306_1128101.jpg\" alt=\"\" width=\"300\" height=\"180\" srcset=\"https:\/\/static-blogs.hoy.es\/wp-content\/uploads\/sites\/102\/2017\/02\/20160306_1128101.jpg 2560w, https:\/\/static-blogs.hoy.es\/wp-content\/uploads\/sites\/102\/2017\/02\/20160306_1128101-300x180.jpg 300w, https:\/\/static-blogs.hoy.es\/wp-content\/uploads\/sites\/102\/2017\/02\/20160306_1128101-768x461.jpg 768w, https:\/\/static-blogs.hoy.es\/wp-content\/uploads\/sites\/102\/2017\/02\/20160306_1128101-1024x614.jpg 1024w\" sizes=\"(max-width: 300px) 100vw, 300px\" \/><\/a><\/dt>\n<dd class=\"wp-caption-dd\">M.M de M\u00e9rida en el Circo Romano.<\/dd>\n<\/dl>\n<\/div>\n<p style=\"text-align: left;\">12\/03\/2017\u00a0\u00a0\u00a0\u00a0<a href=\"http:\/\/www.pulsaciones.net\/carreras\/12032017_ii_carrera_verde_solidaria_iberdrola__188\" rel=\"external nofollow\"> II Carrera Verde Solidaria Iberdrola<\/a>. C\u00e1ceres<\/p>\n<p style=\"text-align: left;\">19\/03\/2017\u00a0 <a href=\"http:\/\/www.valdelacalzada.es\/\" rel=\"external nofollow\">VII Media Marat\u00f3n y 10k &#8220;Valdelacalzada en Flor&#8221;<\/a>. Valdelacalzada. (Badajoz)<\/p>\n<p style=\"text-align: left;\">20\/03\/201\u00a0\u00a0\u00a0\u00a0\u00a0 V Carrera popular Solidaria &#8220;Ciudad de Talavera&#8221;. Talavera la Real. (Badajoz)<\/p>\n<p style=\"text-align: left;\">26\/03\/2017\u00a0\u00a0\u00a0\u00a0 <a href=\"http:\/\/www.mediamaratonmontijo.es\/\" rel=\"external nofollow\">II Media MArat\u00f3n Villa de Montijo. Montijo<\/a>. (Badajoz)<\/p>\n<p style=\"text-align: center;\">CARRERAS DE MONTA\u00d1A<\/p>\n<p style=\"text-align: left;\">05\/03\/2017\u00a0\u00a0\u00a0\u00a0<a href=\"http:\/\/subidaalcamorro.blogspot.com.es\/\" rel=\"external nofollow\"> Subida al Camorro.\u00a0\u00a0 Casta\u00f1ar de Ibor. 20.4 km +997m<\/a>(C\u00e1ceres)<\/p>\n<p style=\"text-align: left;\">19\/03\/2017\u00a0\u00a0\u00a0\u00a0\u00a0\u00a0 <a href=\"http:\/\/carrerasierrrademontanchezytamuja.blogspot.com.es\/\" rel=\"external nofollow\">I Carrera (30km +1300m) y I Mini Carrera (15km + 660m)por Monta\u00f1a Sierra de Mont\u00e1nchez<\/a>.\u00a0 Arroyomolinos (C\u00e1ceres).<\/p>\n<p style=\"text-align: left;\">26\/03\/2017\u00a0\u00a0\u00a0\u00a0 <a href=\"http:\/\/atletismoextremadura.com\/carreras\/ii-trail-ciudad-de-zafra-ramirez-health-club\/\" rel=\"external nofollow\">II Trail Ciudad de Zafra \u201cRamirez Health Club\u201d<\/a>. Zafra. (Badajoz)<\/p>\n<p style=\"text-align: left;\">11\/05\/2017\u00a0\u00a0\u00a0\u00a0\u00a0\u00a0 <a href=\"http:\/\/fexme.com\/\" rel=\"external nofollow\">JUDEX Carreras por Monta\u00f1a <\/a>. Calamonte (Badajoz)<\/p>\n<p style=\"text-align: left;\">INSCRIPCIONES ABIERTAS EN:<\/p>\n<p style=\"text-align: left;\">Si vais pensando en un plazo un poco m\u00e1s largo o te quieres ir planificando para dentro e un par de meses, recuerda que hay carreras que ya est\u00e1n en plazo de inscripci\u00f3n, as\u00ed que puedes echar un vistazo para no perder la oportunidad.<\/p>\n<p style=\"text-align: left;\">13\/04\/2017\u00a0\u00a0\u00a0\u00a0\u00a0 <a href=\"http:\/\/ulagarturunning.blogspot.com.es\/p\/reglamento-iv-carrera-solidaria-as-ellas.html\" rel=\"external nofollow\">IV Carrera solidaria As Ellas<\/a>.\u00a0 Eljas. (C\u00e1ceres)<\/p>\n<p style=\"text-align: left;\">23\/04\/2017\u00a0\u00a0\u00a0\u00a0\u00a0 <a href=\"http:\/\/dabaruz.wixsite.com\/desafiosanfernando\" rel=\"external nofollow\">V Desaf\u00edo San Fernando<\/a>. \u00a0 Botoa. (Badajoz).<\/p>\n<p style=\"text-align: left;\">02\/04\/207\u00a0\u00a0\u00a0\u00a0\u00a0 <a href=\"http:\/\/www.pmdalburquerque.es\/mediamaraton\/index.htm\" rel=\"external nofollow\">XII Media Marat\u00f3n de Alburquerque. Alburquerque<\/a>. (Badajoz)<\/p>\n<p style=\"text-align: left;\">23\/04\/2017\u00a0\u00a0\u00a0\u00a0 <a href=\"http:\/\/carreradeportesparrahervas.blogspot.com.es\/p\/inscripciones.html\" rel=\"external nofollow\">III Carrera por Monta\u00f1a Deportes Parra<\/a>. Herv\u00e1s. (C\u00e1ceres)<\/p>\n<p style=\"text-align: left;\">OTRAS CARRERAS CERCANAS.<\/p>\n<p style=\"text-align: left;\">Algunas carreras pr\u00f3ximas a nuestra comunidad.<\/p>\n<p style=\"text-align: left;\">05\/03\/2017\u00a0\u00a0\u00a0\u00a0\u00a0 <a href=\"http:\/\/www.mediamaratonsalamanca.es\/\" rel=\"external nofollow\">Media Maraat\u00f3n de Salamanca.<\/a> Salamanca<\/p>\n<p style=\"text-align: left;\">25\/03\/2017\u00a0\u00a0\u00a0\u00a0\u00a0\u00a0 <a href=\"http:\/\/trailrunningmonsaraz.com\/\" rel=\"external nofollow\">Monsaraz Natur Trail<\/a> (Varias distancias y desniveles) . Monsaraz. (Portugal)<\/p>\n<!-- AddThis Advanced Settings generic via filter on the_content --><!-- AddThis Share Buttons generic via filter on the_content -->","protected":false},"excerpt":{"rendered":"<p>&nbsp; Mejora el tiempo y los d\u00edas ya ir\u00e1n siendo menos fr\u00edos, poco a poco los d\u00edas van siendo un poco m\u00e1s largos y parece que ya vamos cogiendo algo m\u00e1s de ritmo. Despu\u00e9s de navidad, nos fuimos marcando nuevos objetivos, quiz\u00e1s empezar a correr, o puede que mejorar nuestras marcas. Ahora es un momento [&hellip;]<!-- AddThis Advanced Settings generic via filter on get_the_excerpt --><!-- AddThis Share Buttons generic via filter on get_the_excerpt --><\/p>\n","protected":false},"author":124,"featured_media":0,"comment_status":"open","ping_status":"closed","sticky":false,"template":"","format":"standard","meta":[],"categories":[9],"tags":[],"_links":{"self":[{"href":"https:\/\/blogs.hoy.es\/correr-para-vivir\/wp-json\/wp\/v2\/posts\/147"}],"collection":[{"href":"https:\/\/blogs.hoy.es\/correr-para-vivir\/wp-json\/wp\/v2\/posts"}],"about":[{"href":"https:\/\/blogs.hoy.es\/correr-para-vivir\/wp-json\/wp\/v2\/types\/post"}],"author":[{"embeddable":true,"href":"https:\/\/blogs.hoy.es\/correr-para-vivir\/wp-json\/wp\/v2\/users\/124"}],"replies":[{"embeddable":true,"href":"https:\/\/blogs.hoy.es\/correr-para-vivir\/wp-json\/wp\/v2\/comments?post=147"}],"version-history":[{"count":0,"href":"https:\/\/blogs.hoy.es\/correr-para-vivir\/wp-json\/wp\/v2\/posts\/147\/revisions"}],"wp:attachment":[{"href":"https:\/\/blogs.hoy.es\/correr-para-vivir\/wp-json\/wp\/v2\/media?parent=147"}],"wp:term":[{"taxonomy":"category","embeddable":true,"href":"https:\/\/blogs.hoy.es\/correr-para-vivir\/wp-json\/wp\/v2\/categories?post=147"},{"taxonomy":"post_tag","embeddable":true,"href":"https:\/\/blogs.hoy.es\/correr-para-vivir\/wp-json\/wp\/v2\/tags?post=147"}],"curies":[{"name":"wp","href":"https:\/\/api.w.org\/{rel}","templated":true}]}}