{"id":192,"date":"2017-11-07T18:06:08","date_gmt":"2017-11-07T17:06:08","guid":{"rendered":"http:\/\/blogs.hoy.es\/correr-para-vivir\/?p=192"},"modified":"2017-11-07T18:10:05","modified_gmt":"2017-11-07T17:10:05","slug":"presentacion-temporada-fexme-2018","status":"publish","type":"post","link":"https:\/\/blogs.hoy.es\/correr-para-vivir\/2017\/11\/07\/presentacion-temporada-fexme-2018\/","title":{"rendered":"PRESENTACI\u00d3N TEMPORADA FEXME 2018"},"content":{"rendered":"<p>La <em><strong>Federaci\u00f3n Extreme\u00f1a de Monta\u00f1a y Escalada<\/strong><\/em> present\u00f3 ayer en su p\u00e1gina web,<a href=\"http:\/\/fexme.com\/2017\/11\/06\/presentacion-circuito-carreras-por-montana-2018\/\" rel=\"external nofollow\"> www.fexme.es<\/a> , el calendario de carreras por monta\u00f1a de la pr\u00f3xima temporada 2018 y todos sus circuitos de carreras.<\/p>\n<p>A priori, desde fuera, podr\u00edan extra\u00f1arse sobre la existencia de carreras por monta\u00f1a de calidad, pero nada m\u00e1s lejos de la realidad. No s\u00f3lo contamos con grand\u00edsimos corredores a nivel nacional en nuestra tierra, si no que contamos con grand\u00edsimas carreras.<\/p>\n<p>Un aumento en el n\u00famero de pruebas de diferentes modalidades, permite establecer diferentes circuitos, clasificados seg\u00fan su distancia y desnivel y\/o dureza. De ese modo se establecen los siguientes circuitos.<\/p>\n<p><strong>Circuito de Trail.<\/strong><\/p>\n<div id=\"attachment_194\" style=\"width: 310px\" class=\"wp-caption alignright\"><a href=\"https:\/\/static-blogs.hoy.es\/wp-content\/uploads\/sites\/102\/2017\/11\/susi-trail.jpg\"><img aria-describedby=\"caption-attachment-194\" loading=\"lazy\" class=\"wp-image-194 size-medium\" src=\"https:\/\/static-blogs.hoy.es\/wp-content\/uploads\/sites\/102\/2017\/11\/susi-trail-300x225.jpg\" alt=\"susi-trail\" width=\"300\" height=\"225\" srcset=\"https:\/\/static-blogs.hoy.es\/wp-content\/uploads\/sites\/102\/2017\/11\/susi-trail-300x225.jpg 300w, https:\/\/static-blogs.hoy.es\/wp-content\/uploads\/sites\/102\/2017\/11\/susi-trail-768x576.jpg 768w, https:\/\/static-blogs.hoy.es\/wp-content\/uploads\/sites\/102\/2017\/11\/susi-trail.jpg 903w\" sizes=\"(max-width: 300px) 100vw, 300px\" \/><\/a><p id=\"caption-attachment-194\" class=\"wp-caption-text\">Jes\u00fas Bermejo. Campe\u00f3n del circuito de Trail. Foto: www.fexme.com<\/p><\/div>\n<p>Formado por cinco carreras entre Frebrero y Septiembre. Normalmente son las carreras de mayor distancia y desnivel positivo. El trail Artesanos (Torrejoncillo) y la Carrera de la Garganta de los Infiernos (Jerte, este a\u00f1o puntuable para la Copa de Espa\u00f1a) son, quiz\u00e1s, las m\u00e1s conocidas, pero en auge est\u00e1 tambi\u00e9n Cumbres Hurdanas (Caminomorisco) y la &#8220;temible&#8221; Pencona, dura carrera en Aldeanueva de la Vera y La Carrera sierra de Mont\u00e1nchez, Y os aseguro que ninguna de ellas os dejar\u00e1 indiferentes. \u00bfPreparados para enrenar duro?<\/p>\n<p><strong>Circuito de Copa<\/strong>.<\/p>\n<p>Tambi\u00e9n cinco pruebas componen este circuito de carreras exigentes, de menor distancia, pero de gran dureza. En Guadalupe, Ladrillar Herv\u00e1s, La Garganta y Cabeza la Vaca ( esta \u00faltima celebrar\u00e1 su decimosegunda edici\u00f3n) se celebrar\u00e1 este duro circuito.<\/p>\n<p><strong>Circuito de Carreras Nocturnas.<\/strong><\/p>\n<div id=\"attachment_195\" style=\"width: 179px\" class=\"wp-caption alignleft\"><a href=\"https:\/\/static-blogs.hoy.es\/wp-content\/uploads\/sites\/102\/2017\/11\/pedro-y-cristina-en-portezuelo.jpg\"><img aria-describedby=\"caption-attachment-195\" loading=\"lazy\" class=\"wp-image-195 size-medium\" src=\"https:\/\/static-blogs.hoy.es\/wp-content\/uploads\/sites\/102\/2017\/11\/pedro-y-cristina-en-portezuelo-169x300.jpg\" width=\"169\" height=\"300\" srcset=\"https:\/\/static-blogs.hoy.es\/wp-content\/uploads\/sites\/102\/2017\/11\/pedro-y-cristina-en-portezuelo-169x300.jpg 169w, https:\/\/static-blogs.hoy.es\/wp-content\/uploads\/sites\/102\/2017\/11\/pedro-y-cristina-en-portezuelo.jpg 540w\" sizes=\"(max-width: 169px) 100vw, 169px\" \/><\/a><p id=\"caption-attachment-195\" class=\"wp-caption-text\">Pedro J. Hrn\u00e1mdez y Cristina Duran en Portezuelo. Foto: Cristina Dur\u00e1n<\/p><\/div>\n<p>Esta ha sido una de las \u00faltimas modalidades incluidas en el calendario FEXME y que en los \u00faltimos a\u00f1os acoge gran participaci\u00f3n. Correr de noche es una experiencia diferente y \u00fanica sobre todo cuando se trata de hacerlo por el monte. Podr\u00e1s hacerlo en C\u00e1ceres, Serradilla, Mont\u00e1nchez y Portezuelo entre Abril y Noviembre. \u00bfA\u00fan no te has atrevido a enfrentarte a la oscuridad?<\/p>\n<p><strong>Circuito de Liga<\/strong><\/p>\n<p>Distribuidas a lo largo de todo el a\u00f1o, podr\u00e1s disfrutar de carreras de diferentes durezas y dificultades, casi todas estas quiz\u00e1s sean algo m\u00e1s asequibles que las de Trail y Copa, pero el reto podr\u00eda ser participar en todas las pruebas para completar el circuito. \u00bfQui\u00e9n sabe si la regularidad te acerca a alg\u00fan caj\u00f3n del podio al final de la temporada?<\/p>\n<p><strong>Campeonatos de Extremadura de Carrera Vertical y en L\u00ednea<\/strong><\/p>\n<p>Tanto en modalidad individual como por clubes, el campeonato de carrera vertical se celebrar\u00e1 en Ladrillar el d\u00eda 8 de Abril, y la prueba en l\u00ednea se celebra el d\u00eda 6 de Mayo en Eljas.<\/p>\n<p><strong>JUDEX Carreras por monta\u00f1a.<\/strong><\/p>\n<p>Los m\u00e1s peque\u00f1os tendr\u00e1n tambi\u00e9n oportunidad de paricipar en las cuatro prebas Judex que se celebrar\u00e1n en Alburquerque, Portezuelo, Plasencia y en Sierra de Fuentes.<\/p>\n<div id=\"attachment_197\" style=\"width: 540px\" class=\"wp-caption aligncenter\"><a href=\"https:\/\/static-blogs.hoy.es\/wp-content\/uploads\/sites\/102\/2017\/11\/Calendario-Carreras-FEXME-2018-800x445.jpg\"><img aria-describedby=\"caption-attachment-197\" loading=\"lazy\" class=\" wp-image-197\" src=\"https:\/\/static-blogs.hoy.es\/wp-content\/uploads\/sites\/102\/2017\/11\/Calendario-Carreras-FEXME-2018-800x445-300x167.jpg\" alt=\"CALENDARIO CARRERAS FEXME 2018\" width=\"530\" height=\"295\" srcset=\"https:\/\/static-blogs.hoy.es\/wp-content\/uploads\/sites\/102\/2017\/11\/Calendario-Carreras-FEXME-2018-800x445-300x167.jpg 300w, https:\/\/static-blogs.hoy.es\/wp-content\/uploads\/sites\/102\/2017\/11\/Calendario-Carreras-FEXME-2018-800x445-768x427.jpg 768w, https:\/\/static-blogs.hoy.es\/wp-content\/uploads\/sites\/102\/2017\/11\/Calendario-Carreras-FEXME-2018-800x445.jpg 800w\" sizes=\"(max-width: 530px) 100vw, 530px\" \/><\/a><p id=\"caption-attachment-197\" class=\"wp-caption-text\"><strong>CALENDARIO CARRERAS FEXME 2018<\/strong><\/p><\/div>\n<!-- AddThis Advanced Settings generic via filter on the_content --><!-- AddThis Share Buttons generic via filter on the_content -->","protected":false},"excerpt":{"rendered":"<p>La Federaci\u00f3n Extreme\u00f1a de Monta\u00f1a y Escalada present\u00f3 ayer en su p\u00e1gina web, www.fexme.es , el calendario de carreras por monta\u00f1a de la pr\u00f3xima temporada 2018 y todos sus circuitos de carreras. A priori, desde fuera, podr\u00edan extra\u00f1arse sobre la existencia de carreras por monta\u00f1a de calidad, pero nada m\u00e1s lejos de la realidad. No [&hellip;]<!-- AddThis Advanced Settings generic via filter on get_the_excerpt --><!-- AddThis Share Buttons generic via filter on get_the_excerpt --><\/p>\n","protected":false},"author":124,"featured_media":0,"comment_status":"open","ping_status":"closed","sticky":false,"template":"","format":"standard","meta":[],"categories":[4,5,8,10,1],"tags":[],"_links":{"self":[{"href":"https:\/\/blogs.hoy.es\/correr-para-vivir\/wp-json\/wp\/v2\/posts\/192"}],"collection":[{"href":"https:\/\/blogs.hoy.es\/correr-para-vivir\/wp-json\/wp\/v2\/posts"}],"about":[{"href":"https:\/\/blogs.hoy.es\/correr-para-vivir\/wp-json\/wp\/v2\/types\/post"}],"author":[{"embeddable":true,"href":"https:\/\/blogs.hoy.es\/correr-para-vivir\/wp-json\/wp\/v2\/users\/124"}],"replies":[{"embeddable":true,"href":"https:\/\/blogs.hoy.es\/correr-para-vivir\/wp-json\/wp\/v2\/comments?post=192"}],"version-history":[{"count":10,"href":"https:\/\/blogs.hoy.es\/correr-para-vivir\/wp-json\/wp\/v2\/posts\/192\/revisions"}],"predecessor-version":[{"id":205,"href":"https:\/\/blogs.hoy.es\/correr-para-vivir\/wp-json\/wp\/v2\/posts\/192\/revisions\/205"}],"wp:attachment":[{"href":"https:\/\/blogs.hoy.es\/correr-para-vivir\/wp-json\/wp\/v2\/media?parent=192"}],"wp:term":[{"taxonomy":"category","embeddable":true,"href":"https:\/\/blogs.hoy.es\/correr-para-vivir\/wp-json\/wp\/v2\/categories?post=192"},{"taxonomy":"post_tag","embeddable":true,"href":"https:\/\/blogs.hoy.es\/correr-para-vivir\/wp-json\/wp\/v2\/tags?post=192"}],"curies":[{"name":"wp","href":"https:\/\/api.w.org\/{rel}","templated":true}]}}