{"id":26,"date":"2015-02-08T21:29:27","date_gmt":"2015-02-08T20:29:27","guid":{"rendered":"http:\/\/blogs.hoy.es\/correr-por-que-si\/?p=26"},"modified":"2015-02-08T21:29:27","modified_gmt":"2015-02-08T20:29:27","slug":"donde-esta-el-limite-de-la-edad","status":"publish","type":"post","link":"https:\/\/blogs.hoy.es\/correr-para-vivir\/2015\/02\/08\/donde-esta-el-limite-de-la-edad\/","title":{"rendered":"Correr no entiende de edad"},"content":{"rendered":"<p>Hace no demasiados a\u00f1os realic\u00e9 <strong>mi primer Ultra Trail<\/strong> (en el siguiente post os explico de qu\u00e9 va esto de los trails). Fueron algo m\u00e1s de 100 km los que recorr\u00ed por la sierra de Sao Mamede, en Portugal. Desde entonces he realizado ya varias carreras de esta distancia, y en todas hay algo que nunca olvidas.<\/p>\n<p>Recuerdo el primer a\u00f1o en<strong> Sao Mamede<\/strong> que conoc\u00ed a <strong>Vitorino Coragem<\/strong>, un corredor de &#8216;avanzada edad&#8217;,\u00a0 aunque con un esp\u00edritu y fortaleza muy joven. En el <strong>Trail del Aneto<\/strong> me ayud\u00f3, y mucho, un<strong> se\u00f1or de unos 55 a\u00f1os<\/strong> que me alcanz\u00f3 cuando pasaba por uno de los peores momentos que jam\u00e1s haya pasado en una carrera. Me anim\u00f3 y empuj\u00f3 hasta pasar lo peor de la carrera, a la vez que me asombraba por la fuerza que llevaba.<\/p>\n<div id=\"attachment_27\" style=\"width: 682px\" class=\"wp-caption aligncenter\"><a href=\"\/correr-para-vivir\/wp-content\/uploads\/sites\/102\/2015\/02\/Vitorino-e-Analice.jpg\"><img aria-describedby=\"caption-attachment-27\" loading=\"lazy\" class=\" wp-image-27 \" title=\"Vitorino e Analice\" src=\"\/correr-para-vivir\/wp-content\/uploads\/sites\/102\/2015\/02\/Vitorino-e-Analice.jpg\" alt=\"\" width=\"672\" height=\"448\" srcset=\"https:\/\/static-blogs.hoy.es\/wp-content\/uploads\/sites\/102\/2015\/02\/Vitorino-e-Analice.jpg 960w, https:\/\/static-blogs.hoy.es\/wp-content\/uploads\/sites\/102\/2015\/02\/Vitorino-e-Analice-300x200.jpg 300w, https:\/\/static-blogs.hoy.es\/wp-content\/uploads\/sites\/102\/2015\/02\/Vitorino-e-Analice-768x512.jpg 768w\" sizes=\"(max-width: 672px) 100vw, 672px\" \/><\/a><p id=\"caption-attachment-27\" class=\"wp-caption-text\">Dos leyendas del Trail Portugu\u00e9s en TCVS2015<\/p><\/div>\n<p>Despu\u00e9s, tuve el placer de conocer a <strong>Analice Silva<\/strong>. Esta mujer o chiquilla de 70 a\u00f1os me deja sin palabras cuando la veo enfrentarse a carreras tan extremas. Estuve con ella tambi\u00e9n en el <strong>UTSM 2014<\/strong> y en el <strong>Trofeu Trail Vicentino<\/strong>, una dur\u00edsima carrera. Se queda uno sin palabras.<\/p>\n<p>En casa tenemos a <strong>Super Paco<\/strong> \u00a0(El Abuelo de C\u00e1rtama, m\u00e1s de 75 a\u00f1os) que ha completado carreras como el <strong>\u00daltima Frontera<\/strong> (160 km), <strong>UT Sierra de Bandoleros<\/strong> (145km) y ha participado varias veces en el m\u00edtico <strong>Ultra trail del Mont Blanc<\/strong> (donde fue descalificado en 2009, a falta de 18 km de 166 por equivocaci\u00f3n de itinerario).<br \/>\n<iframe loading=\"lazy\" src=\"https:\/\/www.youtube.com\/embed\/XxBVYYGzxqE\" frameborder=\"0\" width=\"560\" height=\"315\"><\/iframe><br \/>\nHoy os quiero dejar tambi\u00e9n un v\u00eddeo, de<strong> Elisa Forti<\/strong>. Acaba de terminar una carrera de tres etapas. 25.6km+42km+35km superando en total m\u00e1s de 4.000m de desnivel positivo en una carrera que cruza los Andes uniendo Argentina y Chile. Elisa Forti <strong>tiene 80 a\u00f1os<\/strong>, y no es la primera vez que completa esta prueba que cada a\u00f1o cambia su recorrido.<\/p>\n<p>A m\u00ed me dejan totalmente impresionado estas haza\u00f1as, y me obliga a hacerme la pregunta de hasta d\u00f3nde podemos llegar. <strong>\u00bfCu\u00e1les son realmente nuestros l\u00edmites?<\/strong><\/p>\n<p>Lo cierto es que muchos ya no nos conformamos con carreras de media marat\u00f3n, ni tan siquiera con los maratones. A veces necesitamos retos m\u00e1s exigentes, inalcanzables, podr\u00edamos pensar muchas veces, pero la satisfacci\u00f3n de cruzar la l\u00ednea de meta, no es f\u00e1cilmente descriptible. A pesar de haber completado varias carreras de este tipo, a\u00fan me sigo emocionando cada vez que las termino, as\u00ed que imaginaos lo que tiene que ser terminar con la edad de estos grand\u00edsimos corredores.<\/p>\n<p>No s\u00e9 los secretos para llegar con esa vitalidad, esas ganas y esa fuerza, pero no tengo ninguna duda de que<strong> ser\u00eda un sue\u00f1o poder seguir corriendo con 80 a\u00f1os carreras de ultradistancia<\/strong>.<\/p>\n<p>Aprendemos una nueva lecci\u00f3n.<\/p>\n<p>Os dejo la entrevista de<strong> Elisa Forti<\/strong> al terminar la carrera El Cruce Columbia 2015.<\/p>\n<p>&nbsp;<\/p>\n<div id=\"fb-root\"><\/div>\n<p><script type=\"text\/javascript\">\/\/ <![CDATA[\n  (function(d, s, id) { var js, fjs = d.getElementsByTagName(s)[0]; if (d.getElementById(id)) return; js = d.createElement(s); js.id = id; js.src = \"\/\/connect.facebook.net\/es_ES\/all.js#xfbml=1\"; fjs.parentNode.insertBefore(js, fjs); }(document, 'script', 'facebook-jssdk'));\n\/\/ ]]><\/script><\/p>\n<div class=\"fb-post\" data-href=\"https:\/\/www.facebook.com\/video.php?v=806726176081661\" data-width=\"466\">\n<div class=\"fb-xfbml-parse-ignore\"><a href=\"https:\/\/www.facebook.com\/video.php?v=806726176081661\" rel=\"external nofollow\">una publicaci\u00f3n<\/a> de <a href=\"https:\/\/www.facebook.com\/elcruceoficial\" rel=\"external nofollow\">El Cruce<\/a>.<\/div>\n<\/div>\n<!-- AddThis Advanced Settings generic via filter on the_content --><!-- AddThis Share Buttons generic via filter on the_content -->","protected":false},"excerpt":{"rendered":"<p>Hace no demasiados a\u00f1os realic\u00e9 mi primer Ultra Trail (en el siguiente post os explico de qu\u00e9 va esto de los trails). Fueron algo m\u00e1s de 100 km los que recorr\u00ed por la sierra de Sao Mamede, en Portugal. Desde entonces he realizado ya varias carreras de esta distancia, y en todas hay algo que [&hellip;]<!-- AddThis Advanced Settings generic via filter on get_the_excerpt --><!-- AddThis Share Buttons generic via filter on get_the_excerpt --><\/p>\n","protected":false},"author":124,"featured_media":0,"comment_status":"open","ping_status":"closed","sticky":false,"template":"","format":"standard","meta":[],"categories":[5,6],"tags":[13,16,23,24,28,55,58,59,63,64,65,68,69,70,71],"_links":{"self":[{"href":"https:\/\/blogs.hoy.es\/correr-para-vivir\/wp-json\/wp\/v2\/posts\/26"}],"collection":[{"href":"https:\/\/blogs.hoy.es\/correr-para-vivir\/wp-json\/wp\/v2\/posts"}],"about":[{"href":"https:\/\/blogs.hoy.es\/correr-para-vivir\/wp-json\/wp\/v2\/types\/post"}],"author":[{"embeddable":true,"href":"https:\/\/blogs.hoy.es\/correr-para-vivir\/wp-json\/wp\/v2\/users\/124"}],"replies":[{"embeddable":true,"href":"https:\/\/blogs.hoy.es\/correr-para-vivir\/wp-json\/wp\/v2\/comments?post=26"}],"version-history":[{"count":0,"href":"https:\/\/blogs.hoy.es\/correr-para-vivir\/wp-json\/wp\/v2\/posts\/26\/revisions"}],"wp:attachment":[{"href":"https:\/\/blogs.hoy.es\/correr-para-vivir\/wp-json\/wp\/v2\/media?parent=26"}],"wp:term":[{"taxonomy":"category","embeddable":true,"href":"https:\/\/blogs.hoy.es\/correr-para-vivir\/wp-json\/wp\/v2\/categories?post=26"},{"taxonomy":"post_tag","embeddable":true,"href":"https:\/\/blogs.hoy.es\/correr-para-vivir\/wp-json\/wp\/v2\/tags?post=26"}],"curies":[{"name":"wp","href":"https:\/\/api.w.org\/{rel}","templated":true}]}}