{"id":35,"date":"2015-02-25T20:42:53","date_gmt":"2015-02-25T19:42:53","guid":{"rendered":"http:\/\/blogs.hoy.es\/correr-por-que-si\/?p=35"},"modified":"2015-02-25T20:42:53","modified_gmt":"2015-02-25T19:42:53","slug":"donde-correr-en-extremadura-durante-el-mes-de-marzo","status":"publish","type":"post","link":"https:\/\/blogs.hoy.es\/correr-para-vivir\/2015\/02\/25\/donde-correr-en-extremadura-durante-el-mes-de-marzo\/","title":{"rendered":"D\u00f3nde correr en Extremadura durante el mes de marzo"},"content":{"rendered":"<div id=\"attachment_36\" style=\"width: 610px\" class=\"wp-caption aligncenter\"><a href=\"\/correr-para-vivir\/wp-content\/uploads\/sites\/102\/2015\/02\/maratonmerida.jpg\"><img aria-describedby=\"caption-attachment-36\" loading=\"lazy\" class=\"size-full wp-image-36\" title=\"Imagen de una de las ediciones de la Media Marat\u00f3n de M\u00e9rida Patrimonio de la Humanidad.\" src=\"\/correr-para-vivir\/wp-content\/uploads\/sites\/102\/2015\/02\/maratonmerida.jpg\" alt=\"Imagen de una de las ediciones de la Media Marat\u00f3n de M\u00e9rida Patrimonio de la Humanidad.\" width=\"600\" height=\"409\" srcset=\"https:\/\/static-blogs.hoy.es\/wp-content\/uploads\/sites\/102\/2015\/02\/maratonmerida.jpg 600w, https:\/\/static-blogs.hoy.es\/wp-content\/uploads\/sites\/102\/2015\/02\/maratonmerida-300x205.jpg 300w\" sizes=\"(max-width: 600px) 100vw, 600px\" \/><\/a><p id=\"caption-attachment-36\" class=\"wp-caption-text\">Imagen de una de las ediciones de la Media Marat\u00f3n de M\u00e9rida Patrimonio de la Humanidad.<\/p><\/div>\n<p>Imagino que ya ten\u00e9is el \u201cgusanillo\u201d de las carreras en el cuerpo despu\u00e9s de haber salido a correr alguna vez. Ahora que empez\u00e1is a sentir la necesidad de salir, aunque sea unos minutos a trotar, y que os hab\u00e9is dado cuenta de que vuestro cuerpo y mente os pide correr, empezaremos a elegir alguna prueba. Si no es para participar, al menos, si es cerca de casa, os pod\u00e9is acercar a ver el ambiente. Entonces os entrar\u00e1 verdaderamente las ganas de competir contra vosotros mismos, y daros cuenta de que, sobre todo, pod\u00e9is terminar la carrera que os propong\u00e1is.<\/p>\n<p>Os cuento c\u00f3mo va el calendario de carreras en Extremadura durante el mes de marzo.<\/p>\n<p align=\"CENTER\"><em>CARRERAS DE ATLETISMO<\/em><\/p>\n<p>01\/03\/2015 <strong>V MEDIA MARATON \u201cVALDELACALZADA EN FLOR. 21 km<\/strong> (<span style=\"color: #0000ff;\"><span style=\"text-decoration: underline;\"><a href=\"https:\/\/mediamaratonvaldelacalzadaenflor.wordpress.com\/\" rel=\"external nofollow\">web<\/a><\/span><\/span>).<\/p>\n<p>01\/03\/2015<strong> L Campeonato de Espa\u00f1a de Campo a Trav\u00e9s por Clubes<\/strong> (<span style=\"color: #0000ff;\"><span style=\"text-decoration: underline;\"><a href=\"http:\/\/www.rfea.es\/web\/competiciones\/campeonato.asp?codigo=2015RF014\" rel=\"external nofollow\">web<\/a><\/span><\/span>)<\/p>\n<p>08\/03\/2015 <strong>IX Media Marat\u00f3n &#8220;M\u00e9rida, Patrimonio de la Humanidad<\/strong>.(<span style=\"color: #0000ff;\"><span style=\"text-decoration: underline;\"><a href=\"http:\/\/www.mediamaratonmerida.com\/\" rel=\"external nofollow\">web<\/a><\/span><\/span>)<\/p>\n<p>08\/03\/2015 <strong> II Carrera Solidaria por la Sonrisa de Vega<\/strong> (<span style=\"color: #0000ff;\"><span style=\"text-decoration: underline;\"><a href=\"http:\/\/carreraporlasonrisa.blogspot.com.es\/\" rel=\"external nofollow\">web<\/a><\/span><\/span>)<\/p>\n<p>08\/03\/2015<strong> IX Carrera de la Mujer Almendralejo<\/strong> (<span style=\"color: #0000ff;\"><span style=\"text-decoration: underline;\"><a href=\"http:\/\/www.almendralejo.es\/\" rel=\"external nofollow\">web<\/a><\/span><\/span>)<\/p>\n<p>08\/03\/2015<strong> IX Carrera de la Mujer C\u00e1ceres <\/strong>(<span style=\"color: #0000ff;\"><span style=\"text-decoration: underline;\"><a href=\"http:\/\/www.pulsaciones.net\/carreras\/08032015_ii_carrera_de_la_mujer_53\" rel=\"external nofollow\">web<\/a><\/span><\/span>)<\/p>\n<p>15\/03\/2015 <strong>III Carrera Popular Solidaria Talavera la Real<\/strong> (<span style=\"color: #0000ff;\"><span style=\"text-decoration: underline;\"><a href=\"http:\/\/www.talaveralarealdeporte.com\/2015\/02\/de-talavera-la-real-badajoz-iii.html\" rel=\"external nofollow\">web<\/a><\/span><\/span>)<\/p>\n<p>23\/03\/2015<strong> 23\u00ba MARAT\u00d3N POPULAR Y 1\u00ba MEDIO MARAT\u00d3N \u201cCIUDAD DE BADAJOZ <\/strong>(<span style=\"color: #0000ff;\"><span style=\"text-decoration: underline;\"><a href=\"http:\/\/www.aytobadajoz.es\/es\/fmd\/especiales\/especial\/19529\/23-maratn-popular-y-1-medio-maratn-ciudad-de-badajoz-\/#.VOY4ESuG95c\" rel=\"external nofollow\">web<\/a><\/span><\/span>)<\/p>\n<p align=\"CENTER\"><em>CARRERAS DE MONTA\u00d1A<\/em><\/p>\n<p align=\"JUSTIFY\">01\/03\/2015 <strong>VALENTRAIL.32km + 1088m <\/strong>(<span style=\"color: #0000ff;\"><span style=\"text-decoration: underline;\"><a href=\"http:\/\/valentrail.blogspot.com.es\/\" rel=\"external nofollow\">web<\/a><\/span><\/span>)<\/p>\n<p align=\"JUSTIFY\">15\/03\/2015 <strong>I CARRERA POR MONTA\u00d1A SIERRA DE MONTANCHEZ Y TAMUJA. <\/strong>23.9 km +946m (<span style=\"color: #0000ff;\"><span style=\"text-decoration: underline;\"><a href=\"http:\/\/carrerasierrrademontanchezytamuja.blogspot.com.es\/\" rel=\"external nofollow\">web<\/a><\/span><\/span>)<\/p>\n<p align=\"JUSTIFY\">22\/03\/2015 <strong>IX TRAIL SIERRA DE TENTUD\u00cdA<\/strong>. 31.5km +1122m (<span style=\"color: #0000ff;\"><span style=\"text-decoration: underline;\"><a href=\"http:\/\/carrerasierradetentudia.blogspot.com.es\/\" rel=\"external nofollow\">web<\/a><\/span><\/span>) Hay opci\u00f3n a hacer otros dos recorridos de 21km y 11 km.<\/p>\n<!-- AddThis Advanced Settings generic via filter on the_content --><!-- AddThis Share Buttons generic via filter on the_content -->","protected":false},"excerpt":{"rendered":"<p>Imagino que ya ten\u00e9is el \u201cgusanillo\u201d de las carreras en el cuerpo despu\u00e9s de haber salido a correr alguna vez. Ahora que empez\u00e1is a sentir la necesidad de salir, aunque sea unos minutos a trotar, y que os hab\u00e9is dado cuenta de que vuestro cuerpo y mente os pide correr, empezaremos a elegir alguna prueba. [&hellip;]<!-- AddThis Advanced Settings generic via filter on get_the_excerpt --><!-- AddThis Share Buttons generic via filter on get_the_excerpt --><\/p>\n","protected":false},"author":124,"featured_media":0,"comment_status":"open","ping_status":"closed","sticky":false,"template":"","format":"standard","meta":[],"categories":[5,8,9],"tags":[17,19,23,32,41,42,43,55],"_links":{"self":[{"href":"https:\/\/blogs.hoy.es\/correr-para-vivir\/wp-json\/wp\/v2\/posts\/35"}],"collection":[{"href":"https:\/\/blogs.hoy.es\/correr-para-vivir\/wp-json\/wp\/v2\/posts"}],"about":[{"href":"https:\/\/blogs.hoy.es\/correr-para-vivir\/wp-json\/wp\/v2\/types\/post"}],"author":[{"embeddable":true,"href":"https:\/\/blogs.hoy.es\/correr-para-vivir\/wp-json\/wp\/v2\/users\/124"}],"replies":[{"embeddable":true,"href":"https:\/\/blogs.hoy.es\/correr-para-vivir\/wp-json\/wp\/v2\/comments?post=35"}],"version-history":[{"count":0,"href":"https:\/\/blogs.hoy.es\/correr-para-vivir\/wp-json\/wp\/v2\/posts\/35\/revisions"}],"wp:attachment":[{"href":"https:\/\/blogs.hoy.es\/correr-para-vivir\/wp-json\/wp\/v2\/media?parent=35"}],"wp:term":[{"taxonomy":"category","embeddable":true,"href":"https:\/\/blogs.hoy.es\/correr-para-vivir\/wp-json\/wp\/v2\/categories?post=35"},{"taxonomy":"post_tag","embeddable":true,"href":"https:\/\/blogs.hoy.es\/correr-para-vivir\/wp-json\/wp\/v2\/tags?post=35"}],"curies":[{"name":"wp","href":"https:\/\/api.w.org\/{rel}","templated":true}]}}