{"id":38,"date":"2015-03-09T13:21:36","date_gmt":"2015-03-09T12:21:36","guid":{"rendered":"http:\/\/blogs.hoy.es\/correr-por-que-si\/?p=38"},"modified":"2015-03-09T13:21:36","modified_gmt":"2015-03-09T12:21:36","slug":"busca-tu-plan-de-entrenamiento","status":"publish","type":"post","link":"https:\/\/blogs.hoy.es\/correr-para-vivir\/2015\/03\/09\/busca-tu-plan-de-entrenamiento\/","title":{"rendered":"Busca tu plan de Entrenamiento"},"content":{"rendered":"<div style=\"width: 310px\" class=\"wp-caption aligncenter\"><img loading=\"lazy\" title=\"Carrera por Monta\u00f1a garganta de los Infiernos. Jerte\" src=\"\/correr-para-vivir\/wp-content\/uploads\/sites\/102\/2015\/03\/AVS_3287.jpg\" alt=\"\" width=\"300\" height=\"199\" \/><p class=\"wp-caption-text\">Carrera por Monta\u00f1a garganta de los Infiernos. Jerte<\/p><\/div>\n<p>En la entrada \u201c<a href=\"https:\/\/blogs.hoy.es\/correr-para-vivir\/2015\/01\/26\/consejos-para-buscar-carreras-en-las-que-participar\/\">Consejos para buscar carreras en las que participar<\/a>\u201d ya os comentaba la cantidad de carreras que hay. Es dif\u00edcil no encontrar alguna que se adapte a tus caracter\u00edsticas. Ya os puse <a href=\"https:\/\/blogs.hoy.es\/correr-para-vivir\/2015\/02\/25\/donde-correr-en-extremadura-durante-el-mes-de-marzo\/\">la relaci\u00f3n de carreras en el mes de Marzo<\/a>, por lo que espero que ya hayas elegido una.<\/p>\n<p>Pero posiblemente, a\u00fan no hayas empezado a entrenar. S\u00ed, ya s\u00e9 que has empezado a salir a correr alguna vez, y s\u00e8 que no te ha gustado demasiado.<\/p>\n<p>\u201c<em>Es que me cuesta mucho\u201d<\/em><\/p>\n<p><em>\u201cHoy se me ha hecho un poco tarde, pero ma\u00f1ana seguro\u201d (ese ma\u00f1ana nunca llega).<\/em><\/p>\n<div class=\"mceTemp\"><span style=\"font-size: 13px;\">Hay <\/span><strong style=\"font-size: 13px;\">excusas<\/strong><span style=\"font-size: 13px;\">, muchas, no dudes que te va a costar, pero s\u00f3lo es cuesti\u00f3n de empezar, y llegar a alcanzar el <\/span><strong style=\"font-size: 13px;\">h\u00e1bito<\/strong><span style=\"font-size: 13px;\">\u00a0 de salir de vez e<\/span><span style=\"font-size: 13px;\">n cuando.<\/span><\/div>\n<p>Lo primero que debemos hacer es elegir los d\u00edas que entrenaremos para <strong>adaptar<\/strong> los entrenos en funci\u00f3n del tiempo del que disponemos cada d\u00eda. No es necesario salir todos los d\u00edas de la semana, para empezar, no permitamos que esto se convierta en una obligaci\u00f3n. Analiza tu tiempo libre semanal y elige un periodo para realizar tus entrenos.<\/p>\n<p>Otra cosa que te aconsejo es tener preparada la equipaci\u00f3n que vayas a usar. A m\u00ed me ocurre muchas veces que el momento que decido salir a entrenar, al buscar la ropa, zapatillas, reloj&#8230; pasa un tiempo en el que en ocasiones pierdo la motivaci\u00f3n, y lo dejo para otro momento. As\u00ed no tienes m\u00e1s que, con decisi\u00f3n, ir al cuarto, cambiarte, atarte las zapatillas y salir. <strong>\u00a1No dejar\u00e1s a la mente que se arrepienta<\/strong>!.<\/p>\n<p>Si eres <strong>principiante<\/strong>, ser\u00eda conveniente que empezaras a caminar antes de echar a correr. Los primeros d\u00edas apenas correr\u00e1s uno o dos kil\u00f3metros. Aprovecha los d\u00edas de paseo para marcarte unas <strong>referencias<\/strong> en el lugar de entrenos. Puedes usar farolas, bancos, fuentes o \u00e1rboles para establecer distancias, 200m 500m, 1000m&#8230; as\u00ed si ves en tus planes que tienes que correr 2,5 km, no tendr\u00e1s que estar sacando el m\u00f3vil constantemente para ver lo que llevas recorrido. Tener la referencia y pensar \u201chasta all\u00ed tengo que llegar\u201d es m\u00e1s <strong>motivador<\/strong> que pensar que te quedan 100m sin tener esa referencia.<\/p>\n<p>Estar bien <strong>hidratado<\/strong>, cuidar la <strong>alimentaci\u00f3n<\/strong>, respetar los d\u00edas de <strong>descanso<\/strong> son aspectos tan importantes como el propio entreno, as\u00ed que no los descuides.<\/p>\n<p><strong>Disfruta\u00a0<\/strong>del entreno, ponte m\u00fasica, la radio, busca compa\u00f1\u00eda con el mismo objetivo.<\/p>\n<div id=\"attachment_40\" style=\"width: 310px\" class=\"wp-caption alignright\"><a href=\"\/correr-para-vivir\/wp-content\/uploads\/sites\/102\/2015\/03\/amigos.jpg\"><img aria-describedby=\"caption-attachment-40\" loading=\"lazy\" class=\"size-medium wp-image-40\" title=\"Diocles M\u00e9rida Trail\" src=\"\/correr-para-vivir\/wp-content\/uploads\/sites\/102\/2015\/03\/amigos.jpg\" alt=\"\" width=\"300\" height=\"192\" srcset=\"https:\/\/static-blogs.hoy.es\/wp-content\/uploads\/sites\/102\/2015\/03\/amigos.jpg 960w, https:\/\/static-blogs.hoy.es\/wp-content\/uploads\/sites\/102\/2015\/03\/amigos-300x193.jpg 300w, https:\/\/static-blogs.hoy.es\/wp-content\/uploads\/sites\/102\/2015\/03\/amigos-768x494.jpg 768w\" sizes=\"(max-width: 300px) 100vw, 300px\" \/><\/a><p id=\"caption-attachment-40\" class=\"wp-caption-text\">Entrenar con amigos te ayudar\u00e1.<\/p><\/div>\n<p>Para preparar una carrera, podr\u00e1s encontrar en Internet muchos planes de entrenamiento, adaptados a tu nivel. Te voy a dejar algunos m\u00e1s abajo para que puedas elegir. Alguno de vosotros os plantear\u00e9is s\u00f3lo terminar y otros alcanzar una marca determinada. No te vayas a un plan excesivamente \u201cduro\u201d si simplemente \u201ccrees que podr\u00edas hacerlo\u201d debes estar convencido , porque de lo contrario, el no alcanzar los objetivos del plan, te podr\u00eda desanimar mucho. Toma conciencia de tu nivel. Ya te ir\u00e1s dando cuenta de los progresos.<\/p>\n<p>Para m\u00ed, los entrenos tienen tres fases: Calentamiento (troto unos 2 km suave), entreno\u00a0 y enfriamiento (troto otros 2 km y camino al final). Si puedes estirar antes y despu\u00e9s, mejor, pero sobre todo, no dejes los de post-entreno. (Estiramientos).<\/p>\n<p>PLANES DE ENTRENO<\/p>\n<p><a href=\"http:\/\/www.totalrunning.com\/entrenamientos\" rel=\"external nofollow\">www.totalrunning.com<\/a><\/p>\n<p><a href=\"http:\/\/www.foroatletismo.com\/\" rel=\"external nofollow\">www.foroatletismo.com<\/a><\/p>\n<p><a href=\"http:\/\/www.soymaratonista.com\/\" rel=\"external nofollow\">http:\/\/www.soymaratonista.com<\/a><\/p>\n<p>Podr\u00e1s encontrar muchos m\u00e1s en la web. Otra opci\u00f3n ser\u00eda buscarte un entrenador personal que te guiara en tus entrenos.<\/p>\n<!-- AddThis Advanced Settings generic via filter on the_content --><!-- AddThis Share Buttons generic via filter on the_content -->","protected":false},"excerpt":{"rendered":"<p>En la entrada \u201cConsejos para buscar carreras en las que participar\u201d ya os comentaba la cantidad de carreras que hay. Es dif\u00edcil no encontrar alguna que se adapte a tus caracter\u00edsticas. Ya os puse la relaci\u00f3n de carreras en el mes de Marzo, por lo que espero que ya hayas elegido una. Pero posiblemente, a\u00fan [&hellip;]<!-- AddThis Advanced Settings generic via filter on get_the_excerpt --><!-- AddThis Share Buttons generic via filter on get_the_excerpt --><\/p>\n","protected":false},"author":124,"featured_media":0,"comment_status":"open","ping_status":"closed","sticky":false,"template":"","format":"standard","meta":[],"categories":[3,6],"tags":[],"_links":{"self":[{"href":"https:\/\/blogs.hoy.es\/correr-para-vivir\/wp-json\/wp\/v2\/posts\/38"}],"collection":[{"href":"https:\/\/blogs.hoy.es\/correr-para-vivir\/wp-json\/wp\/v2\/posts"}],"about":[{"href":"https:\/\/blogs.hoy.es\/correr-para-vivir\/wp-json\/wp\/v2\/types\/post"}],"author":[{"embeddable":true,"href":"https:\/\/blogs.hoy.es\/correr-para-vivir\/wp-json\/wp\/v2\/users\/124"}],"replies":[{"embeddable":true,"href":"https:\/\/blogs.hoy.es\/correr-para-vivir\/wp-json\/wp\/v2\/comments?post=38"}],"version-history":[{"count":0,"href":"https:\/\/blogs.hoy.es\/correr-para-vivir\/wp-json\/wp\/v2\/posts\/38\/revisions"}],"wp:attachment":[{"href":"https:\/\/blogs.hoy.es\/correr-para-vivir\/wp-json\/wp\/v2\/media?parent=38"}],"wp:term":[{"taxonomy":"category","embeddable":true,"href":"https:\/\/blogs.hoy.es\/correr-para-vivir\/wp-json\/wp\/v2\/categories?post=38"},{"taxonomy":"post_tag","embeddable":true,"href":"https:\/\/blogs.hoy.es\/correr-para-vivir\/wp-json\/wp\/v2\/tags?post=38"}],"curies":[{"name":"wp","href":"https:\/\/api.w.org\/{rel}","templated":true}]}}