{"id":43,"date":"2015-03-16T17:49:36","date_gmt":"2015-03-16T16:49:36","guid":{"rendered":"http:\/\/blogs.hoy.es\/correr-por-que-si\/?p=43"},"modified":"2015-03-16T17:49:36","modified_gmt":"2015-03-16T16:49:36","slug":"la-media-maraton-de-merida-una-de-las-mas-gratificantes-del-pais","status":"publish","type":"post","link":"https:\/\/blogs.hoy.es\/correr-para-vivir\/2015\/03\/16\/la-media-maraton-de-merida-una-de-las-mas-gratificantes-del-pais\/","title":{"rendered":"La Media Marat\u00f3n de M\u00e9rida, una de las m\u00e1s gratificantes del pa\u00eds"},"content":{"rendered":"<div id=\"attachment_49\" style=\"width: 310px\" class=\"wp-caption alignleft\"><a href=\"\/correr-para-vivir\/wp-content\/uploads\/sites\/102\/2015\/03\/MM-M\u00c9RIDA-2015-831.jpg\"><img aria-describedby=\"caption-attachment-49\" loading=\"lazy\" class=\"size-medium wp-image-49\" title=\"MM M\u00c9RIDA 2015 (83)\" src=\"\/correr-para-vivir\/wp-content\/uploads\/sites\/102\/2015\/03\/MM-M\u00c9RIDA-2015-831.jpg\" alt=\"\" width=\"300\" height=\"200\" srcset=\"https:\/\/static-blogs.hoy.es\/wp-content\/uploads\/sites\/102\/2015\/03\/MM-M\u00c9RIDA-2015-831.jpg 960w, https:\/\/static-blogs.hoy.es\/wp-content\/uploads\/sites\/102\/2015\/03\/MM-M\u00c9RIDA-2015-831-300x200.jpg 300w, https:\/\/static-blogs.hoy.es\/wp-content\/uploads\/sites\/102\/2015\/03\/MM-M\u00c9RIDA-2015-831-768x512.jpg 768w\" sizes=\"(max-width: 300px) 100vw, 300px\" \/><\/a><p id=\"caption-attachment-49\" class=\"wp-caption-text\">Puente Romano de M\u00e9rida<\/p><\/div>\n<p>El pasado domingo 8 de Marzo se celebr\u00f3 en M\u00e9rida la I<a href=\"http:\/\/www.mediamaratonmerida.com\/\" rel=\"external nofollow\"><strong>X Media Marat<\/strong><strong>\u00f3<\/strong><strong>n de M<\/strong><strong>\u00e9<\/strong><strong>rida Patrimonio de la Humanidad<\/strong><\/a>, en la que tuve la suerte de adquirir uno de los apreciados dorsales que se <strong>agotaron<\/strong> en apenas 12 d\u00edas. 1400 personas nos dimos cita en el Parque de las Siete Sillas donde a las 11 se dio el pistoletazo de salida.<\/p>\n<p>Llevo participando en esta prueba desde que empec\u00e9 a correr. Ya la primera edici\u00f3n que hice, en 2012, me pareci\u00f3 una prueba bastante dura, no es una media que buscan los velocistas para hacer su mejor marca en esta distancia. Sus rampas, y en concreto la que te pone a prueba, la del km 18, bajan considerablemente tu ritmo.<\/p>\n<p>Este a\u00f1o me encontraba bien, aunque despu\u00e9s de participar en el <a href=\"http:\/\/lanunayelsol.blogspot.com.es\/2015\/03\/i-valentrail-valencia-de-alcantara.html\" rel=\"external nofollow\">Valentrail<\/a> 7 d\u00edas antes, no llegaba en las mejores condiciones. A\u00fan as\u00ed, es una carrera que vayas como vayas. la disfrutas.<\/p>\n<p>Puede que sea demasiado atrevido, y tambi\u00e9n que me tach\u00e9is de ignorante, tampoco he participado en muchas medias de asfalto, pero sin duda, la mayor\u00eda coincidir\u00e9is conmigo en que posiblemente sea la mejor prueba deportiva sobre asfalto de Extremadura, y me atrever\u00eda a decir, que pocas en Espa\u00f1a resultan tan <strong>gratificantes<\/strong>.<\/p>\n<p>Una excelente organizaci\u00f3n por parte de <a href=\"http:\/\/www.atletaspopularesdemerida.com\/\" rel=\"external nofollow\"><strong>Atletas Populares de M<\/strong><strong>\u00e9<\/strong><strong>rida<\/strong><\/a> completa lo que un recorrido tan espectacular requiere.<\/p>\n<p>Lo que m\u00e1s me ha llamado la atenci\u00f3n en esta edici\u00f3n ha sido el incre\u00edble <strong>ambiente<\/strong> que la ha arropado. No es para menos, en un d\u00eda expl\u00e9ndido, ciudadanos de M\u00e9rida y familiares de corredores, se echaron a la calle a animar como pocas veces recuerdo. El puente Romano, el puente Lusitania, El Alcazaba, El circo&#8230; Todo estaba lleno de gente chillando. Se te erizaba la piel cuando cruzas por tanto gent\u00edo. No dejar\u00edas de sentir una verdadera emoci\u00f3n en estos pasos que te empujaban con todas sus fuerzas para llegar al siguiente punto repleto de afici\u00f3n. Y as\u00ed km a km. Empujando de uno a otro. Hac\u00eda que el dolor, el cansancio o incluso la fatiga mental desaparecieran. O al menos que durar\u00e1n muy poquito.<\/p>\n<p>La salida no fue demasiado r\u00e1pida desde mi posici\u00f3n, por lo que tard\u00e9 un ratillo en poder echar a correr, ya sab\u00eda que no bajar\u00eda de la 1h26 que hab\u00eda hecho hace tres a\u00f1os, pero en esta ocasi\u00f3n me daba igual, ten\u00eda la impresi\u00f3n de que ser\u00eda un gran d\u00eda. Por el puente romano ya empec\u00e9 a coger algo de ritmo, y a correr disfrutando de cada paso. Rodeado de amigos, escuchando los \u00e1nimos. No me obsesionaba en absoluto con llegar en un tiempo premeditado. Me daba igual la marca, estaba disfrutando.<\/p>\n<p>Calle paseo de los Rosales, N-V (Avenida Reina Sof\u00eda) y llegar hasta las <strong>Tres fuentes<\/strong>, giro de 180 grados y a entrar en el <strong>Circo Romano<\/strong>. Si, donde hace 2000 a\u00f1os se reun\u00edan miles de aficionados romanos. Despu\u00e9s sal\u00edas de all\u00ed, y tomas la avenida de Extremadura. Para pasar frente a <strong>La M<\/strong><strong>\u00e1rtir Santa Eulalia<\/strong>, hasta el final y giro a la derecha para correr por debajo del <strong>Acueducto de los Milagros<\/strong>. Para m\u00ed, la mejor construcci\u00f3n de la ciudad, no solo por lo impresionante, si no porque despu\u00e9s de tant\u00edsimos a\u00f1os, te sigue ofreciendo la oportunidad de realizar con \u00e9l las mejores fotograf\u00edas junto a sus fieles habitantes, la cig\u00fce\u00f1a blanca (Ciconia Ciconia). El ambiente era impresionante en ese punto. M\u00fasica y gent\u00edo animando. Indescriptible.<\/p>\n<p>De la \u00e9poca romana, a la m\u00e1s actual, pasando debajo del <strong>&#8220;<a href=\"http:\/\/www.hoy.es\/v\/20131208\/merida\/puente-willian-finch-cumple-20131208.html\" rel=\"external nofollow\">Puente de Hierro<\/a>&#8220;, m\u00e1s de 130 a\u00f1os de antig\u00fcedad<\/strong>, con la llegada del ferrocarril a M\u00e9rida y despu\u00e9s el moderno puente Lusitania de nuevo. Ya queda menos de media carrera. Vamos por el 13 aproximadamente, para empezar una dura rampa que nos podr\u00eda a cada uno en nuestro sitio en la <strong>Avenida de la Hispanidad.<\/strong><\/p>\n<p>Llegada al edificio de TVE, unos metros para descansar piernas y afrontar una nueva subida.<\/p>\n<div id=\"attachment_46\" style=\"width: 310px\" class=\"wp-caption alignright\"><a href=\"\/correr-para-vivir\/wp-content\/uploads\/sites\/102\/2015\/03\/MM-M\u00c9RIDA-2015-143.jpg\"><img aria-describedby=\"caption-attachment-46\" loading=\"lazy\" class=\"size-medium wp-image-46\" title=\"MM M\u00c9RIDA 2015 (143)\" src=\"\/correr-para-vivir\/wp-content\/uploads\/sites\/102\/2015\/03\/MM-M\u00c9RIDA-2015-143.jpg\" alt=\"\" width=\"300\" height=\"198\" srcset=\"https:\/\/static-blogs.hoy.es\/wp-content\/uploads\/sites\/102\/2015\/03\/MM-M\u00c9RIDA-2015-143.jpg 1232w, https:\/\/static-blogs.hoy.es\/wp-content\/uploads\/sites\/102\/2015\/03\/MM-M\u00c9RIDA-2015-143-300x199.jpg 300w, https:\/\/static-blogs.hoy.es\/wp-content\/uploads\/sites\/102\/2015\/03\/MM-M\u00c9RIDA-2015-143-768x509.jpg 768w, https:\/\/static-blogs.hoy.es\/wp-content\/uploads\/sites\/102\/2015\/03\/MM-M\u00c9RIDA-2015-143-1024x678.jpg 1024w\" sizes=\"(max-width: 300px) 100vw, 300px\" \/><\/a><p id=\"caption-attachment-46\" class=\"wp-caption-text\">Saliendo del Teatro Romano de M\u00e9rida<\/p><\/div>\n<p>Desde la <strong>Avenida de las Am\u00e9ridas <\/strong>empezar\u00eda la bajada m\u00e1s r\u00e1pida, parece que vamos huyendo y deseando entrar en la ciudad cruzando de nuevo el <strong>Puente Romano<\/strong> e introduci\u00e9ndonos en la ciudad por el <strong>Alcazaba<\/strong>. Quedan unos 5km, pero lo m\u00e1s duro.<\/p>\n<p>En el 17,5 la organizaci\u00f3n llama L&#8217;Anglir\u00fa a la <strong>Avenida de Lusitania<\/strong> que termina pasado el km 18. Una subida que se hace muy larga. Con 18 km en las piernas, se convierte en una verdadera pared, pero sabiendo que cuando llegues arriba la terminas, s\u00ed o s\u00ed.<\/p>\n<p>El <strong>Teatro y Anfiteatro Romano<\/strong> de M\u00e9rida son unas de las joyas de la ciudad que atraviesas a velocidad de v\u00e9rtigo deseando llegar, la salida de all\u00ed se nos atragantar\u00eda a unos cuantos.<\/p>\n<p>Solo queda disfrutar del <strong>Templo de Diana<\/strong>, a nuestra derecha bajando a toda velocidad por la Calle Sasgasta y dar una peque\u00f1a vuelta por el <strong>Paseo de Roma<\/strong> para darte el gran ba\u00f1o de la victoria rodeado de toda la gente.<\/p>\n<p>Un espect\u00e1culo que solo vivir\u00e1s s si en la <strong>X Edici<\/strong><strong>\u00f3n<\/strong> tienes suerte de participar.<\/p>\n<!-- AddThis Advanced Settings generic via filter on the_content --><!-- AddThis Share Buttons generic via filter on the_content -->","protected":false},"excerpt":{"rendered":"<p>El pasado domingo 8 de Marzo se celebr\u00f3 en M\u00e9rida la IX Media Marat\u00f3n de M\u00e9rida Patrimonio de la Humanidad, en la que tuve la suerte de adquirir uno de los apreciados dorsales que se agotaron en apenas 12 d\u00edas. 1400 personas nos dimos cita en el Parque de las Siete Sillas donde a las [&hellip;]<!-- AddThis Advanced Settings generic via filter on get_the_excerpt --><!-- AddThis Share Buttons generic via filter on get_the_excerpt --><\/p>\n","protected":false},"author":124,"featured_media":0,"comment_status":"open","ping_status":"closed","sticky":false,"template":"","format":"standard","meta":[],"categories":[3,8],"tags":[],"_links":{"self":[{"href":"https:\/\/blogs.hoy.es\/correr-para-vivir\/wp-json\/wp\/v2\/posts\/43"}],"collection":[{"href":"https:\/\/blogs.hoy.es\/correr-para-vivir\/wp-json\/wp\/v2\/posts"}],"about":[{"href":"https:\/\/blogs.hoy.es\/correr-para-vivir\/wp-json\/wp\/v2\/types\/post"}],"author":[{"embeddable":true,"href":"https:\/\/blogs.hoy.es\/correr-para-vivir\/wp-json\/wp\/v2\/users\/124"}],"replies":[{"embeddable":true,"href":"https:\/\/blogs.hoy.es\/correr-para-vivir\/wp-json\/wp\/v2\/comments?post=43"}],"version-history":[{"count":0,"href":"https:\/\/blogs.hoy.es\/correr-para-vivir\/wp-json\/wp\/v2\/posts\/43\/revisions"}],"wp:attachment":[{"href":"https:\/\/blogs.hoy.es\/correr-para-vivir\/wp-json\/wp\/v2\/media?parent=43"}],"wp:term":[{"taxonomy":"category","embeddable":true,"href":"https:\/\/blogs.hoy.es\/correr-para-vivir\/wp-json\/wp\/v2\/categories?post=43"},{"taxonomy":"post_tag","embeddable":true,"href":"https:\/\/blogs.hoy.es\/correr-para-vivir\/wp-json\/wp\/v2\/tags?post=43"}],"curies":[{"name":"wp","href":"https:\/\/api.w.org\/{rel}","templated":true}]}}