{"id":53,"date":"2015-03-30T12:54:39","date_gmt":"2015-03-30T10:54:39","guid":{"rendered":"http:\/\/blogs.hoy.es\/correr-por-que-si\/?p=53"},"modified":"2015-03-30T12:54:39","modified_gmt":"2015-03-30T10:54:39","slug":"donde-correr-en-extremadura-durante-el-mes-de-abril","status":"publish","type":"post","link":"https:\/\/blogs.hoy.es\/correr-para-vivir\/2015\/03\/30\/donde-correr-en-extremadura-durante-el-mes-de-abril\/","title":{"rendered":"D\u00f3nde correr en Extremadura durante el mes de abril"},"content":{"rendered":"<div id=\"attachment_56\" style=\"width: 310px\" class=\"wp-caption aligncenter\"><a href=\"\/correr-para-vivir\/wp-content\/uploads\/sites\/102\/2015\/03\/9.-carreras-en-abril.jpg\"><img aria-describedby=\"caption-attachment-56\" loading=\"lazy\" class=\"size-medium wp-image-56 \" title=\"9.- carreras en abril\" src=\"\/correr-para-vivir\/wp-content\/uploads\/sites\/102\/2015\/03\/9.-carreras-en-abril.jpg\" alt=\"\" width=\"300\" height=\"200\" srcset=\"https:\/\/static-blogs.hoy.es\/wp-content\/uploads\/sites\/102\/2015\/03\/9.-carreras-en-abril.jpg 855w, https:\/\/static-blogs.hoy.es\/wp-content\/uploads\/sites\/102\/2015\/03\/9.-carreras-en-abril-300x200.jpg 300w, https:\/\/static-blogs.hoy.es\/wp-content\/uploads\/sites\/102\/2015\/03\/9.-carreras-en-abril-768x512.jpg 768w\" sizes=\"(max-width: 300px) 100vw, 300px\" \/><\/a><p id=\"caption-attachment-56\" class=\"wp-caption-text\">MM C\u00e1ceres. Hoy.es<\/p><\/div>\n<p>Ya lleg\u00f3 la <strong>primavera<\/strong>. Ahora todo el mundo sale a pasear, correr, montar en bici aprovechando los d\u00edas buenos, m\u00e1s largos, y con una temperatura m\u00e1s agradable.<\/p>\n<p>No olvid\u00e9is que, ahora que empieza el calor, la <strong>hidrataci\u00f3n<\/strong> es de gran importancia: una botellita de agua de 250ml\u00a0 no supone demasiado peso para correr.<\/p>\n<p>A continuaci\u00f3n, os dejo algunas de las carreras que se celebran en este mes de <strong>abril<\/strong>, aunque como ya coment\u00f3 un lector en Marzo, hay m\u00e1s carreras. Si quieres aportar informaci\u00f3n de m\u00e1s pruebas de las que tengas noticias, hazlo en <strong>comentarios<\/strong>. Todos os lo agradeceremos.<\/p>\n<p>Cabe destacar la Carrera de <strong>la Garganta de los Infiernos<\/strong> que, en esta edici\u00f3n, pertenece a la Copa de Espa\u00f1a de la Federaci\u00f3n Espa\u00f1ola. Ser\u00e1 un espect\u00e1culo asistir como p\u00fablico.<\/p>\n<p>Tambi\u00e9n hay bastantes carreras de car\u00e1cter solidario, como podr\u00e9is ver en sus webs, es bonito que el deporte sea una buena causa. Por ejemplo, <strong>Subida a la Sierra de Alor<\/strong> en Olivenza, <strong>I Milla San Romilla<\/strong>,\u00a0 <strong>Carrera \u201cAl Ellas\u201d<\/strong>\u2026<\/p>\n<p>Comentaros tambi\u00e9n que aumentan las carreras por monta\u00f1a. En este mes dos de las carreras que se realizan no pertenecen a los circuitos FEXME, como son la de Olivenza y Herv\u00e1s. Ambas tienen muy buena pinta y creo que merece la pena realizarlas. La primera es de car\u00e1cter solidario.<\/p>\n<p align=\"center\"><em>CARRERAS DE ATLETISMO<\/em><\/p>\n<p>26\/04\/2015 <strong>VII MEDIA MARAT\u00d3N CIUDAD DE CORIA<\/strong> <a href=\"http:\/\/mediamaratoncoria.blogspot.com.es\/\" rel=\"external nofollow\">(web)<\/a><\/p>\n<p>19\/04\/2015 <strong>III DESAF\u00cdO SAN FERNANDO (Botoa)<\/strong>\u00a0 <a href=\"http:\/\/dabaruz.wix.com\/desafiosanfernando\" rel=\"external nofollow\">(web)<\/a><\/p>\n<p>19\/04\/2015 <strong>I MILLA SAN ROMILLA<\/strong> . Badajoz.\u00a0 <a href=\"http:\/\/atletismoextremadura.es\/i-milla-sanromilla\/\" rel=\"external nofollow\">(web)<\/a><\/p>\n<p>12\/04\/2015 <strong>9\u00aa MEDIA MARAT\u00d3N DE C\u00c1CERES CAPITAL ESPA\u00d1OLA DE LA GASTRONOM\u00cdA<\/strong>. <a href=\"http:\/\/www.mediamaratoncaceres.com\/\" rel=\"external nofollow\">(web)<\/a><\/p>\n<p>04\/04\/2015 <strong>4\u00ba CROSS SEMANA SANTA. <\/strong>La Roca de la Sierra <a href=\"http:\/\/www.mtblaroca.com\/index.html\" rel=\"external nofollow\">.(web)<\/a><\/p>\n<p>02\/04\/2015. <strong>2\u00aa CARRERA SOLIDARIA \u201cAL ELLAS\u201d. <\/strong>Eljas<strong>.<\/strong> <a href=\"http:\/\/ulagarturunning.blogspot.com.es\/2015\/01\/ii-carrera-solidaria-as-ellas_5.html\" rel=\"external nofollow\">(web)<\/a><\/p>\n<p align=\"center\"><em>CARRERAS DE MONTA\u00d1A<\/em><\/p>\n<p>03\/04\/2015 <strong>LOS 21 DEL CALVARIO<\/strong>\u00a0 21,5km +1070m La Zarza. (Tambi\u00e9n ruta corta) <a href=\"https:\/\/sites.google.com\/site\/consejolocaldedeporteslazarza\/home\/trailrunninglos21delcalvario\">(web)<\/a><\/p>\n<p>12\/04\/2015 <strong>V SUBIDA SIERRA DE ALOR<\/strong>\u00a0 22Km +400m.\u00a0 Olivenza (Dos recorridos) <a href=\"http:\/\/www.vilaraiders.es\/index.php\/que-es-kg-x-km\/eventos-solidarios\/eventos2015\/alor-2015\" rel=\"external nofollow\">(web)<\/a><\/p>\n<p>19\/04\/2015 <strong>V CARRERA POR MONTA\u00d1A GARGANTA DE LOS INFIERNOS<\/strong> 29km +1700m Copa de Espa\u00f1a. Jerte \u00a0<a href=\"http:\/\/www.carreragargantadelosinfiernos.com\/\" rel=\"external nofollow\">(web)<\/a><\/p>\n<p>26\/04\/2015 <strong>I CARRERA POR MONTA\u00d1A DEPORTES PARRA<\/strong>. 19km +1065m (dos distancias) Herv\u00e1s \u00a0<a href=\"http:\/\/carreradeportesparrahervas.blogspot.com.es\/\" rel=\"external nofollow\">(web)<\/a><\/p>\n<!-- AddThis Advanced Settings generic via filter on the_content --><!-- AddThis Share Buttons generic via filter on the_content -->","protected":false},"excerpt":{"rendered":"<p>Ya lleg\u00f3 la primavera. Ahora todo el mundo sale a pasear, correr, montar en bici aprovechando los d\u00edas buenos, m\u00e1s largos, y con una temperatura m\u00e1s agradable. No olvid\u00e9is que, ahora que empieza el calor, la hidrataci\u00f3n es de gran importancia: una botellita de agua de 250ml\u00a0 no supone demasiado peso para correr. A continuaci\u00f3n, [&hellip;]<!-- AddThis Advanced Settings generic via filter on get_the_excerpt --><!-- AddThis Share Buttons generic via filter on get_the_excerpt --><\/p>\n","protected":false},"author":124,"featured_media":0,"comment_status":"open","ping_status":"closed","sticky":false,"template":"","format":"standard","meta":[],"categories":[3,5],"tags":[],"_links":{"self":[{"href":"https:\/\/blogs.hoy.es\/correr-para-vivir\/wp-json\/wp\/v2\/posts\/53"}],"collection":[{"href":"https:\/\/blogs.hoy.es\/correr-para-vivir\/wp-json\/wp\/v2\/posts"}],"about":[{"href":"https:\/\/blogs.hoy.es\/correr-para-vivir\/wp-json\/wp\/v2\/types\/post"}],"author":[{"embeddable":true,"href":"https:\/\/blogs.hoy.es\/correr-para-vivir\/wp-json\/wp\/v2\/users\/124"}],"replies":[{"embeddable":true,"href":"https:\/\/blogs.hoy.es\/correr-para-vivir\/wp-json\/wp\/v2\/comments?post=53"}],"version-history":[{"count":0,"href":"https:\/\/blogs.hoy.es\/correr-para-vivir\/wp-json\/wp\/v2\/posts\/53\/revisions"}],"wp:attachment":[{"href":"https:\/\/blogs.hoy.es\/correr-para-vivir\/wp-json\/wp\/v2\/media?parent=53"}],"wp:term":[{"taxonomy":"category","embeddable":true,"href":"https:\/\/blogs.hoy.es\/correr-para-vivir\/wp-json\/wp\/v2\/categories?post=53"},{"taxonomy":"post_tag","embeddable":true,"href":"https:\/\/blogs.hoy.es\/correr-para-vivir\/wp-json\/wp\/v2\/tags?post=53"}],"curies":[{"name":"wp","href":"https:\/\/api.w.org\/{rel}","templated":true}]}}