{"id":66,"date":"2015-04-28T16:53:26","date_gmt":"2015-04-28T14:53:26","guid":{"rendered":"http:\/\/blogs.hoy.es\/correr-por-que-si\/?p=66"},"modified":"2015-04-28T16:53:26","modified_gmt":"2015-04-28T14:53:26","slug":"reto-solidario-re-corriendo-la-via-de-la-plata","status":"publish","type":"post","link":"https:\/\/blogs.hoy.es\/correr-para-vivir\/2015\/04\/28\/reto-solidario-re-corriendo-la-via-de-la-plata\/","title":{"rendered":"Reto solidario: Re-Corriendo la V\u00eda de la Plata"},"content":{"rendered":"<div id=\"attachment_67\" style=\"width: 235px\" class=\"wp-caption alignleft\"><a href=\"\/correr-para-vivir\/wp-content\/uploads\/sites\/102\/2015\/04\/10308137_836171933131460_5721651194233336059_n.jpg\"><img aria-describedby=\"caption-attachment-67\" loading=\"lazy\" class=\"size-medium wp-image-67\" title=\"Alberto, Sonia y Gonzalo\" src=\"\/correr-para-vivir\/wp-content\/uploads\/sites\/102\/2015\/04\/10308137_836171933131460_5721651194233336059_n.jpg\" alt=\"\" width=\"225\" height=\"300\" srcset=\"https:\/\/static-blogs.hoy.es\/wp-content\/uploads\/sites\/102\/2015\/04\/10308137_836171933131460_5721651194233336059_n.jpg 720w, https:\/\/static-blogs.hoy.es\/wp-content\/uploads\/sites\/102\/2015\/04\/10308137_836171933131460_5721651194233336059_n-225x300.jpg 225w\" sizes=\"(max-width: 225px) 100vw, 225px\" \/><\/a><p id=\"caption-attachment-67\" class=\"wp-caption-text\">Alberto, Sonia y Gonzalo. VilaRaider<\/p><\/div>\n<p><a href=\"http:\/\/www.vilaraiders.es\/\" rel=\"external nofollow\">Vila Raiders<\/a> es un grupo de amigos que comparten la misma filosof\u00eda del deporte: compartir buenos momentos, conocer lugares y, sobre todo, disfrutar de lo que hacen, como el pasado s\u00e1bado pude comprobar yo mismo disfrutando con ellos recorriendo el tramo de C\u00e1ceres a M\u00e9rida por la <a href=\"http:\/\/www.rutadelaplata.com\/es\" rel=\"external nofollow\">V\u00eda<\/a> de la Plata.<\/p>\n<p>\u00bfY qu\u00e9 es eso que hacen? Pues un poco de todo, pero una de las cosas que m\u00e1s cabe destacar es participar en el Evento solidario \u201c<a href=\"http:\/\/www.vilaraiders.es\/index.php\/que-es-kg-x-km\" rel=\"external nofollow\">Kilos x Kil\u00f3metros<\/a>\u201d en el que se ha incluido el Desaf\u00edo Re-Corriendo la V\u00eda de la Plata, y la carrera de la que ya os inform\u00e9, la \u201c<a href=\"http:\/\/www.vilaraiders.es\/index.php\/que-es-kg-x-km\/eventos-solidarios\/eventos2015\/alor-2015\" rel=\"external nofollow\">V Subida Sierra de Alor<\/a>\u201d.<\/p>\n<p>Re-corriendo la V\u00eda de la Plat acomenz\u00f3 en Astorga (Asturica Augusta), y el objetivo fue recorrer todo este m\u00edtico itinerario hasta M\u00e9rida (Emerita Augusta), pero corriendo. Un total de unos 500 km que se ha llevado a cabo en 6 etapas en r\u00e9gimen de autosuficiencia.<\/p>\n<p>Para que nos entendamos: se realiza la salida por la ma\u00f1ana, y cargas lo b\u00e1sico para poder pasar la jornada corriendo, aunque en este caso era necesario disponer de un veh\u00edculo de apoyo cada cierto tiempo debido a la inexistencia de agua potable, por ejemplo, en tramos largos.<\/p>\n<div id=\"attachment_71\" style=\"width: 310px\" class=\"wp-caption alignright\"><a href=\"\/correr-para-vivir\/wp-content\/uploads\/sites\/102\/2015\/04\/11188245_1072348989445145_3588015418218902109_n.jpg\"><img aria-describedby=\"caption-attachment-71\" loading=\"lazy\" class=\"size-medium wp-image-71 \" title=\"Puente Romano de Santiago Benc\u00e1liz (Aldea del Cano)\" src=\"\/correr-para-vivir\/wp-content\/uploads\/sites\/102\/2015\/04\/11188245_1072348989445145_3588015418218902109_n.jpg\" alt=\"\" width=\"300\" height=\"168\" srcset=\"https:\/\/static-blogs.hoy.es\/wp-content\/uploads\/sites\/102\/2015\/04\/11188245_1072348989445145_3588015418218902109_n.jpg 960w, https:\/\/static-blogs.hoy.es\/wp-content\/uploads\/sites\/102\/2015\/04\/11188245_1072348989445145_3588015418218902109_n-300x169.jpg 300w, https:\/\/static-blogs.hoy.es\/wp-content\/uploads\/sites\/102\/2015\/04\/11188245_1072348989445145_3588015418218902109_n-768x432.jpg 768w\" sizes=\"(max-width: 300px) 100vw, 300px\" \/><\/a><p id=\"caption-attachment-71\" class=\"wp-caption-text\">Puente Romano de Santiago Benc\u00e1liz (Aldea del Cano)<\/p><\/div>\n<p>Vamos por partes. El reto solidario consiste en realizar una serie de actividades que permita recaudar alimentos y fondos que posteriormente el Club Vilaraiders donar\u00e1 a diversas entidades sociales.<\/p>\n<p>En 2013 y 2014 se recaudaron m\u00e1s de 2 toneladas de alimentos que se destinaron a campos de refugiados del Sahara y a Cruz Roja.<\/p>\n<p>En el 2015 tocaba el Reto de correr la V\u00eda de la Plata, con el apoyo de la Consejer\u00eda de Educaci\u00f3n y Cultura mediante la concesi\u00f3n de una de las becas ADME dela Fundaci\u00f3n J\u00f3venes y Deportes, la colaboraci\u00f3n del\u00a0 Ayuntamiento de Olivenza,y\u00a0 apoyados tambi\u00e9n por la Tienda Explorery Air Drone View.<\/p>\n<div id=\"attachment_70\" style=\"width: 310px\" class=\"wp-caption alignleft\"><a href=\"\/correr-para-vivir\/wp-content\/uploads\/sites\/102\/2015\/04\/vila-raiders-via-de-la-plata-ruta-camino-arco-de-caparra-ciudad-romana-gonzalo-de-la-granja-air-drone-view-www-airdroneview-com-ciudad-romana.jpg\"><img aria-describedby=\"caption-attachment-70\" loading=\"lazy\" class=\"size-medium wp-image-70\" title=\"vila-raiders-via-de-la-plata-ruta-camino-arco-de-caparra-ciudad-romana-gonzalo-de-la-granja-air-drone-view-www-airdroneview-com-ciudad-romana\" src=\"\/correr-para-vivir\/wp-content\/uploads\/sites\/102\/2015\/04\/vila-raiders-via-de-la-plata-ruta-camino-arco-de-caparra-ciudad-romana-gonzalo-de-la-granja-air-drone-view-www-airdroneview-com-ciudad-romana.jpg\" alt=\"\" width=\"300\" height=\"168\" srcset=\"https:\/\/static-blogs.hoy.es\/wp-content\/uploads\/sites\/102\/2015\/04\/vila-raiders-via-de-la-plata-ruta-camino-arco-de-caparra-ciudad-romana-gonzalo-de-la-granja-air-drone-view-www-airdroneview-com-ciudad-romana.jpg 1024w, https:\/\/static-blogs.hoy.es\/wp-content\/uploads\/sites\/102\/2015\/04\/vila-raiders-via-de-la-plata-ruta-camino-arco-de-caparra-ciudad-romana-gonzalo-de-la-granja-air-drone-view-www-airdroneview-com-ciudad-romana-300x169.jpg 300w, https:\/\/static-blogs.hoy.es\/wp-content\/uploads\/sites\/102\/2015\/04\/vila-raiders-via-de-la-plata-ruta-camino-arco-de-caparra-ciudad-romana-gonzalo-de-la-granja-air-drone-view-www-airdroneview-com-ciudad-romana-768x432.jpg 768w\" sizes=\"(max-width: 300px) 100vw, 300px\" \/><\/a><p id=\"caption-attachment-70\" class=\"wp-caption-text\">C\u00e1parra. Airdroneview<\/p><\/div>\n<p>Con esto se afrontaban esos casi 500 kmque separan ambas localidades por un fin solidario despu\u00e9s de m\u00e1s de 2.000 a\u00f1os&#8230; Dicho as\u00ed, s\u00f3lo la idea de pensar la antig\u00fcedad del recorrido planteado te motiva a hacerlo.<\/p>\n<p>El reto comenzaba el d\u00eda 19 de abril en <strong>Astorga<\/strong>, enfrent\u00e1ndose a una etapa de 68km hasta Benavente. Despu\u00e9s a Zamor, con 68km y el tercer d\u00eda llegar\u00edan a Salamanca. All\u00ed Gonzalo ya llegaba con algunos problemas f\u00edsicos que arrastrar\u00eda hasta el final del reto. Pero no cabe duda que, cuando alguien hace un reto de estas caracter\u00edsticas, corre m\u00e1s con el coraz\u00f3n y lleva mejor el dolor.<\/p>\n<p>&nbsp;<\/p>\n<div class=\"mceTemp mceIEcenter\" style=\"text-align: center;\"><img loading=\"lazy\" class=\"size-medium wp-image-69 \" title=\"El equipo a su llegada a M\u00e9rida\" src=\"\/correr-para-vivir\/wp-content\/uploads\/sites\/102\/2015\/04\/11121021_1004342559596326_922813756402828643_n.jpg\" alt=\"\" width=\"300\" height=\"169\" srcset=\"https:\/\/static-blogs.hoy.es\/wp-content\/uploads\/sites\/102\/2015\/04\/11121021_1004342559596326_922813756402828643_n.jpg 497w, https:\/\/static-blogs.hoy.es\/wp-content\/uploads\/sites\/102\/2015\/04\/11121021_1004342559596326_922813756402828643_n-300x169.jpg 300w\" sizes=\"(max-width: 300px) 100vw, 300px\" \/><\/div>\n<div class=\"mceTemp mceIEcenter\" style=\"text-align: center;\"><\/div>\n<p>El d\u00eda 22 tocaba entrar en Extremadura, con la etapa <strong>Salamanca-Ba\u00f1os de Montemayor<\/strong>, 81km, y los d\u00edas 23 y 24 desde all\u00ed hasta C\u00e1ceres, pasando por el impresionante <strong>Arco de C\u00e1parra<\/strong>, donde tuvieron una incre\u00edble recepci\u00f3n de alumnos del <a href=\"http:\/\/lagaceta.educarex.es\/leer\/alumnos-centro-rural-agrupado-ambroz-suman-caparra-deportivo-cultural-solidario-kilos-kilometros.html\" rel=\"external nofollow\">Centro Rural Agrupado Ambroz<\/a> realmente emotivo.<\/p>\n<p>El d\u00eda 25, ya con las fuerzas al l\u00edmite, pero con la moral por las nubes, se enfrentan a la \u00faltima etapa, con la sorpresa de <a href=\"http:\/\/www.miguelheras.com\/\" rel=\"external nofollow\">Miguel Heras<\/a>, que les acompa\u00f1\u00f3 un tramo de esos casi 80 km que separa C\u00e1ceres de M\u00e9rida.<\/p>\n<p>En la llegada, al final del <strong>Puente Romano de M\u00e9rida<\/strong>, se encontraban familiares y amigos de los participantes que los recib\u00edan con c\u00e1lidos aplausos, felicitaciones y abrazos pese a llegar en medio de una inc\u00f3moda tormenta.<\/p>\n<p>Viv\u00ed desde dentro esos \u00faltimos 80 km y comprob\u00e9 el buen ambiente que reina en este grupo. Gonzalo estuvo acompa\u00f1ado de varias personas en diferentes tramos, entre ellos, Juli\u00e1n, Alberto, Jose, Nuria, Ismael, Sonia, Monta\u00f1a, Ana, Alfonso, Luz, Juanan, Pilar, Mingui, Luisve, Robe, Sebas, \u00a0Carlos &#8230; que seguro le hicieron el reto ameno y divertido.<\/p>\n<p>Enhorabuena Gonzalo, enhorabuena Vilaraiders.<\/p>\n<!-- AddThis Advanced Settings generic via filter on the_content --><!-- AddThis Share Buttons generic via filter on the_content -->","protected":false},"excerpt":{"rendered":"<p>Vila Raiders es un grupo de amigos que comparten la misma filosof\u00eda del deporte: compartir buenos momentos, conocer lugares y, sobre todo, disfrutar de lo que hacen, como el pasado s\u00e1bado pude comprobar yo mismo disfrutando con ellos recorriendo el tramo de C\u00e1ceres a M\u00e9rida por la V\u00eda de la Plata. \u00bfY qu\u00e9 es eso [&hellip;]<!-- AddThis Advanced Settings generic via filter on get_the_excerpt --><!-- AddThis Share Buttons generic via filter on get_the_excerpt --><\/p>\n","protected":false},"author":124,"featured_media":0,"comment_status":"open","ping_status":"closed","sticky":false,"template":"","format":"standard","meta":[],"categories":[6],"tags":[],"_links":{"self":[{"href":"https:\/\/blogs.hoy.es\/correr-para-vivir\/wp-json\/wp\/v2\/posts\/66"}],"collection":[{"href":"https:\/\/blogs.hoy.es\/correr-para-vivir\/wp-json\/wp\/v2\/posts"}],"about":[{"href":"https:\/\/blogs.hoy.es\/correr-para-vivir\/wp-json\/wp\/v2\/types\/post"}],"author":[{"embeddable":true,"href":"https:\/\/blogs.hoy.es\/correr-para-vivir\/wp-json\/wp\/v2\/users\/124"}],"replies":[{"embeddable":true,"href":"https:\/\/blogs.hoy.es\/correr-para-vivir\/wp-json\/wp\/v2\/comments?post=66"}],"version-history":[{"count":0,"href":"https:\/\/blogs.hoy.es\/correr-para-vivir\/wp-json\/wp\/v2\/posts\/66\/revisions"}],"wp:attachment":[{"href":"https:\/\/blogs.hoy.es\/correr-para-vivir\/wp-json\/wp\/v2\/media?parent=66"}],"wp:term":[{"taxonomy":"category","embeddable":true,"href":"https:\/\/blogs.hoy.es\/correr-para-vivir\/wp-json\/wp\/v2\/categories?post=66"},{"taxonomy":"post_tag","embeddable":true,"href":"https:\/\/blogs.hoy.es\/correr-para-vivir\/wp-json\/wp\/v2\/tags?post=66"}],"curies":[{"name":"wp","href":"https:\/\/api.w.org\/{rel}","templated":true}]}}