{"id":76,"date":"2015-05-29T13:25:55","date_gmt":"2015-05-29T11:25:55","guid":{"rendered":"http:\/\/blogs.hoy.es\/correr-para-vivir\/?p=76"},"modified":"2015-05-29T13:25:55","modified_gmt":"2015-05-29T11:25:55","slug":"reflexion-de-un-no-finisher","status":"publish","type":"post","link":"https:\/\/blogs.hoy.es\/correr-para-vivir\/2015\/05\/29\/reflexion-de-un-no-finisher\/","title":{"rendered":"Reflexi\u00f3n de un &#8220;No-Finisher&#8221;"},"content":{"rendered":"<div id=\"attachment_83\" style=\"width: 440px\" class=\"wp-caption aligncenter\"><a href=\"\/correr-para-vivir\/wp-content\/uploads\/sites\/102\/2015\/05\/DSC_9034.jpg\"><img aria-describedby=\"caption-attachment-83\" loading=\"lazy\" class=\" wp-image-83 \" title=\"La felicidad de acabar una carrera de 100 kil\u00f3metros y con dedicatoria.\" src=\"\/correr-para-vivir\/wp-content\/uploads\/sites\/102\/2015\/05\/DSC_9034.jpg\" alt=\"La felicidad de acabar una carrera de 100 kil\u00f3metros y con dedicatoria.\" width=\"430\" height=\"614\" \/><\/a><p id=\"caption-attachment-83\" class=\"wp-caption-text\">La felicidad de acabar una carrera de 100 kil\u00f3metros y con dedicatoria.<\/p><\/div>\n<p>&nbsp;<\/p>\n<p>&nbsp;<\/p>\n<p>&nbsp;<\/p>\n<p><span style=\"color: #000000;\"><span style=\"font-family: Calibri;\"><span><span style=\"font-family: Cambria;\"><span>En las carreras llamamos <strong>FINISHER<\/strong> a aquel o aquella que cruza la meta dentro del tiempo m\u00e1ximo establecido por la organizaci\u00f3n. Generalmente se aplica a carreras de ultra distancia, aunque tambi\u00e9n en maratones u otras pruebas.<\/span><\/span><\/span><\/span><\/span><\/p>\n<p><span style=\"color: #000000;\"><span style=\"font-family: Calibri;\"><span><span style=\"font-family: Cambria;\"><span>Es l\u00f3gico que no acabar un ultra, por ejemplo, puede parecer un fracaso para algunos, al fin y al cabo, lo que queda es eso, no has completado la carrera.<\/span><\/span><\/span><\/span><\/span><\/p>\n<p><span style=\"color: #000000;\"><span style=\"font-family: Calibri;\"><span><span style=\"font-family: Cambria;\"><span>Y escribo este <\/span><\/span><\/span><\/span><\/span><span style=\"color: #000000;\"><span style=\"font-family: Calibri;\"><span><span style=\"font-family: Cambria;\"><span>post para <\/span><\/span><\/span><\/span><\/span><span style=\"color: #000000;\"><span style=\"font-family: Calibri;\"><span><span style=\"font-family: Cambria;\"><span>intentar hacer veros que, aunque cueste pensarlo, quiz\u00e1s, no acabar, no es del todo trascendental, ya sea una carrera de 10k o de 100k.<\/span><\/span><\/span><\/span><\/span><\/p>\n<p><span style=\"color: #000000;\"><span style=\"font-family: Calibri;\"><span><span style=\"font-family: Cambria;\"><span>Os explico.<\/span><\/span><\/span><\/span><\/span><\/p>\n<p><span style=\"color: #000000;\"><span style=\"font-family: Calibri;\"><span><span style=\"font-family: Cambria;\">Hace un par de semanas acab\u00e9 el <a href=\"http:\/\/www.utsmportalegre.com\/\" rel=\"external nofollow\">Ultra Trail Sierra de San Mamede<\/a>, en Portalegre, una carrera de 100 km a la que no llegaba del todo bien, debido a una lesi\u00f3n que se suaviz\u00f3 apenas dos d\u00edas antes de la salida. Sab\u00eda que ser\u00eda dif\u00edcil terminarla, de hecho d\u00edas antes pensaba en no correr. Bueno, que al final me plant\u00e9 en la l\u00ednea de salida junto con otros compa\u00f1eros. Desgraciadamente, dos de ellos no consiguieron terminar. Eso si, all\u00ed no faltaron a la llegada el resto de amigos <strong>animando<\/strong>.<\/span><\/span><\/span><\/span><\/p>\n<p><span style=\"color: #000000;\"><span style=\"font-family: Calibri;\"><span><span style=\"font-family: Cambria;\"><span>Hace unos d\u00edas otro compa\u00f1ero se enfrentaba a la Transvulcania, y tampoco consigui\u00f3 acabar debido a problemas estomacales.<\/span><\/span><\/span><\/span><\/span><\/p>\n<p><span style=\"color: #000000;\"><span style=\"font-family: Calibri;\"><span><span style=\"font-family: Cambria;\"><span>Pensando en todos ellos, y sobre todo, leyendo los mensajes de \u00e1nimo que les transmit\u00eda el resto de amigos, me dio que reflexionar. <\/span><\/span><\/span><\/span><\/span><\/p>\n<p><span style=\"color: #000000;\"><span style=\"font-family: Calibri;\"><span><span style=\"font-family: Cambria;\"><span>Yo mismo me he retirado en el <strong>Gran Trail de Pe\u00f1alara<\/strong> 2013,(llorando de pena, como un beb\u00e9 en Rascafr\u00eda cuando tom\u00e9 la decisi\u00f3n, tras conseguir unos tiempos, para mi impensables) y en la carrera de <strong>Jerte<\/strong>, hace un a\u00f1o ( y tambi\u00e9n llor\u00e9, en este caso de rabia).<\/span><\/span><\/span><\/span><\/span><\/p>\n<p><span style=\"color: #000000;\"><span style=\"font-family: Calibri;\"><span><span style=\"font-family: Cambria;\"><span>Bien, estoy de acuerdo en que es un fastidio, no lo dudo, pero vamos a darle la vuelta a esta decisi\u00f3n.<\/span><\/span><\/span><\/span><\/span><\/p>\n<p><span style=\"color: #000000;\"><span style=\"font-family: Calibri;\"><span><span style=\"font-family: Cambria;\"><span>Para Portalegre, entren\u00e9 bastante, iba bien preparado, para bajar de mi mejor tiempo, y estar rondando las 12h30, incluso menos. <\/span><\/span><\/span><\/span><\/span><\/p>\n<div id=\"attachment_81\" style=\"width: 602px\" class=\"wp-caption aligncenter\"><a href=\"\/correr-para-vivir\/wp-content\/uploads\/sites\/102\/2015\/05\/20110101_122507.jpg\"><img aria-describedby=\"caption-attachment-81\" loading=\"lazy\" class=\" wp-image-81  \" title=\"SALIDA GTP 2013\" src=\"\/correr-para-vivir\/wp-content\/uploads\/sites\/102\/2015\/05\/20110101_122507.jpg\" alt=\"\" width=\"592\" height=\"789\" srcset=\"https:\/\/static-blogs.hoy.es\/wp-content\/uploads\/sites\/102\/2015\/05\/20110101_122507.jpg 1200w, https:\/\/static-blogs.hoy.es\/wp-content\/uploads\/sites\/102\/2015\/05\/20110101_122507-225x300.jpg 225w, https:\/\/static-blogs.hoy.es\/wp-content\/uploads\/sites\/102\/2015\/05\/20110101_122507-768x1024.jpg 768w\" sizes=\"(max-width: 592px) 100vw, 592px\" \/><\/a><p id=\"caption-attachment-81\" class=\"wp-caption-text\">SALIDA GTP 2013<\/p><\/div>\n<p><span style=\"color: #000000;\"><span style=\"font-family: Calibri;\"><span><span style=\"font-family: Cambria;\"><span>La oportunidad este a\u00f1o la perd\u00ed.<\/span><\/span><\/span><\/span><\/span><\/p>\n<p><span style=\"color: #000000;\"><span style=\"font-family: Calibri;\"><span><span style=\"font-family: Cambria;\"><span>\u00bfQui\u00e9n sabe si otro a\u00f1o <strong>volver\u00e9<\/strong> en ese estado de forma?<\/span><\/span><\/span><\/span><\/span><\/p>\n<p><span style=\"color: #000000;\"><span style=\"font-family: Calibri;\"><span><span style=\"font-family: Cambria;\"><span>Pero lo cierto, es que he disfrutado entrenando como pocas veces. De haber empezado la temporada en un estado lamentable, a encontrarme que pod\u00eda empezar a volar pos los caminos y senderos.<\/span><\/span><\/span><\/span><\/span><\/p>\n<p><span style=\"color: #000000;\"><span style=\"font-family: Calibri;\"><span><span style=\"font-family: Cambria;\"><span>Disfrutaba de cada entreno, por duro que fuera. Cuestas, series, cambios de ritmo, bici, competiciones&#8230; Cada vez me gustaba m\u00e1s.<\/span><\/span><\/span><\/span><\/span><\/p>\n<p><span style=\"color: #000000;\"><span style=\"font-family: Calibri;\"><span><span style=\"font-family: Cambria;\"><span>Con eso me quedo.\u00a0<\/span><\/span><\/span><\/span><\/span><\/p>\n<p style=\"text-align: center;\"><a href=\"\/correr-para-vivir\/wp-content\/uploads\/sites\/102\/2015\/05\/DSC_90631.jpg\"><img loading=\"lazy\" class=\"aligncenter  wp-image-80\" title=\"Amigos en el UTSM 2015\" src=\"\/correr-para-vivir\/wp-content\/uploads\/sites\/102\/2015\/05\/DSC_90631.jpg\" alt=\"\" width=\"671\" height=\"449\" srcset=\"https:\/\/static-blogs.hoy.es\/wp-content\/uploads\/sites\/102\/2015\/05\/DSC_90631.jpg 958w, https:\/\/static-blogs.hoy.es\/wp-content\/uploads\/sites\/102\/2015\/05\/DSC_90631-300x201.jpg 300w, https:\/\/static-blogs.hoy.es\/wp-content\/uploads\/sites\/102\/2015\/05\/DSC_90631-768x514.jpg 768w\" sizes=\"(max-width: 671px) 100vw, 671px\" \/><\/a><\/p>\n<p><span style=\"color: #000000;\"><span style=\"font-family: Calibri;\"><span><span style=\"font-family: Cambria;\"><span>Disfrutaba de los <strong>compa\u00f1eros<\/strong>, con los que quedaba para entrenar, con los que revis\u00e1bamos y busc\u00e1bamos senderos nuevos, con el buen momento, las charlas y <strong>conversaciones<\/strong>. Con los comentarios despu\u00e9s por whatsapp o Facebook &#8221; me ha gustado este tramo nuevo, pod\u00edamos incluirlo en el Pocito&#8221; , &#8220;\u00a1qu\u00e9 buena ba<\/span><\/span><\/span><\/span><\/span><span style=\"color: #000000;\"><span style=\"font-family: Calibri;\"><span><span style=\"font-family: Cambria;\"><span>jada has hecho!&#8221;, o compartiendo competiciones a modo de entreno&#8230;<\/span><\/span><\/span><\/span><\/span><\/p>\n<p><span style=\"color: #000000;\"><span style=\"font-family: Calibri;\"><span><span style=\"font-family: Cambria;\"><span>Con eso me quedo.<\/span><\/span><\/span><\/span><\/span><\/p>\n<p><span style=\"color: #000000;\"><span style=\"font-family: Calibri;\"><span><span style=\"font-family: Cambria;\"><span>Disfrutaba de llegar a casa con <\/span><\/span><\/span><\/span><\/span><span style=\"color: #000000;\"><span style=\"font-family: Calibri;\"><span><span style=\"font-family: Cambria;\"><span>esa sensaci\u00f3n de<strong> haber trabajado duro<\/strong>, piernas cansadas, cargadas y a veces dol<\/span><\/span><\/span><\/span><\/span><span style=\"color: #000000;\"><span style=\"font-family: Calibri;\"><span><span style=\"font-family: Cambria;\"><span>oridas. Con los ni\u00f1os encima de mi mientras estiraba otro rato en casa.<\/span><\/span><\/span><\/span><\/span><\/p>\n<p><span style=\"color: #000000;\"><span style=\"font-family: Calibri;\"><span><span style=\"font-family: Cambria;\"><span>Con eso me quedo.<\/span><\/span><\/span><\/span><\/span><\/p>\n<p><span style=\"color: #000000;\"><span style=\"font-family: Calibri;\"><span><span style=\"font-family: Cambria;\"><span>Y es que si te pones a valorar cu\u00e1ntas cosas has tenido mientras has entrenado, la carrera, casi pasa a un segund<\/span><\/span><\/span><\/span><\/span><span style=\"color: #000000;\"><span style=\"font-family: Calibri;\"><span><span style=\"font-family: Cambria;\"><span>o plano. Ha sido solo un d\u00eda malo. Ese d\u00eda no has terminado, pero \u00bfy qu\u00e9?, <strong>\u00bfd\u00f3nde dejas todos esos momentos buenos que has pasado?<\/strong><\/span><\/span><\/span><\/span><\/span><\/p>\n<p><span style=\"color: #000000;\"><span style=\"font-family: Calibri;\"><span><span style=\"font-family: Cambria;\"><span>No me digas que ahora vas a olvidarlo!!<\/span><\/span><\/span><\/span><\/span><\/p>\n<p><span style=\"color: #000000;\"><span style=\"font-family: Calibri;\"><span><span style=\"font-family: Cambria;\"><span>Nada de eso.<\/span><\/span><\/span><\/span><\/span><\/p>\n<p><span style=\"color: #000000;\"><span style=\"font-family: Calibri;\"><span><span style=\"font-family: Cambria;\"><span>Has hecho lo m\u00e1s duro, esa <strong>constancia<\/strong> de entreno, ese <strong>sacrificio<\/strong> del tiempo con la familia y otros amigos, <strong>dolor<\/strong>, <strong>suf<\/strong><\/span><\/span><\/span><\/span><\/span><span style=\"color: #000000;\"><span style=\"font-family: Calibri;\"><span><span style=\"font-family: Cambria;\"><span><strong>rimiento<\/strong>. Esto no es en balde.<\/span><\/span><\/span><\/span><\/span><\/p>\n<p><span style=\"color: #000000;\"><span style=\"font-family: Calibri;\"><span><span style=\"font-family: Cambria;\"><span>No dejemos atr\u00e1s lo que verdaderamente importa.<\/span><\/span><\/span><\/span><\/span><\/p>\n<p><span style=\"color: #000000;\"><strong>\u201c<\/strong><span style=\"font-family: Calibri;\"><span><span style=\"font-family: Cambria;\"><span><strong>Re-disfruta\u201d<\/strong> recordando desde el d\u00eda que empezaste a entrenar y te dar\u00e1s cuenta de que al NO-FINISHER le vas a quitar ese NO enseguida. Y valorar\u00e1s todo lo que has hecho.\u00a0<\/span><\/span><\/span><\/span><\/span><\/p>\n<!-- AddThis Advanced Settings generic via filter on the_content --><!-- AddThis Share Buttons generic via filter on the_content -->","protected":false},"excerpt":{"rendered":"<p>&nbsp; &nbsp; &nbsp; En las carreras llamamos FINISHER a aquel o aquella que cruza la meta dentro del tiempo m\u00e1ximo establecido por la organizaci\u00f3n. Generalmente se aplica a carreras de ultra distancia, aunque tambi\u00e9n en maratones u otras pruebas. Es l\u00f3gico que no acabar un ultra, por ejemplo, puede parecer un fracaso para algunos, al [&hellip;]<!-- AddThis Advanced Settings generic via filter on get_the_excerpt --><!-- AddThis Share Buttons generic via filter on get_the_excerpt --><\/p>\n","protected":false},"author":124,"featured_media":0,"comment_status":"open","ping_status":"closed","sticky":false,"template":"","format":"standard","meta":[],"categories":[5,10],"tags":[11,12,15,23,31,36,37,39,45,49,54,55,57,62,66,67],"_links":{"self":[{"href":"https:\/\/blogs.hoy.es\/correr-para-vivir\/wp-json\/wp\/v2\/posts\/76"}],"collection":[{"href":"https:\/\/blogs.hoy.es\/correr-para-vivir\/wp-json\/wp\/v2\/posts"}],"about":[{"href":"https:\/\/blogs.hoy.es\/correr-para-vivir\/wp-json\/wp\/v2\/types\/post"}],"author":[{"embeddable":true,"href":"https:\/\/blogs.hoy.es\/correr-para-vivir\/wp-json\/wp\/v2\/users\/124"}],"replies":[{"embeddable":true,"href":"https:\/\/blogs.hoy.es\/correr-para-vivir\/wp-json\/wp\/v2\/comments?post=76"}],"version-history":[{"count":0,"href":"https:\/\/blogs.hoy.es\/correr-para-vivir\/wp-json\/wp\/v2\/posts\/76\/revisions"}],"wp:attachment":[{"href":"https:\/\/blogs.hoy.es\/correr-para-vivir\/wp-json\/wp\/v2\/media?parent=76"}],"wp:term":[{"taxonomy":"category","embeddable":true,"href":"https:\/\/blogs.hoy.es\/correr-para-vivir\/wp-json\/wp\/v2\/categories?post=76"},{"taxonomy":"post_tag","embeddable":true,"href":"https:\/\/blogs.hoy.es\/correr-para-vivir\/wp-json\/wp\/v2\/tags?post=76"}],"curies":[{"name":"wp","href":"https:\/\/api.w.org\/{rel}","templated":true}]}}