{"id":115,"date":"2018-06-11T08:50:01","date_gmt":"2018-06-11T06:50:01","guid":{"rendered":"http:\/\/blogs.hoy.es\/cosas-dinero\/?p=115"},"modified":"2018-06-11T08:53:01","modified_gmt":"2018-06-11T06:53:01","slug":"los-mercados-tambien-dan-el-visto-bueno","status":"publish","type":"post","link":"https:\/\/blogs.hoy.es\/cosas-dinero\/2018\/06\/11\/los-mercados-tambien-dan-el-visto-bueno\/","title":{"rendered":"LOS MERCADOS TAMBI\u00c9N DAN EL VISTO BUENO"},"content":{"rendered":"<p>El pasado 24 de mayo Mariano Rajoy consigui\u00f3 sacar adelante los presupuestos generales para este a\u00f1o gracias al apoyo, in extremis, del PNV. Con las cuentas aprobadas parec\u00eda aventurarse un segundo tramo de legislatura sosegado, pero esa misma ma\u00f1ana la Audiencia Nacional public\u00f3 la primera sentencia de la \u201ctrama Gurtel\u201d con severas penas de c\u00e1rcel para 29 de los 37 procesados, condenando civilmente al PP por beneficiarse a t\u00edtulo lucrativo de la \u201ctrama\u201d. Una sentencia demoledora.<\/p>\n<p>Horas despu\u00e9s de conocerse la misma, Pedro S\u00e1nchez present\u00f3 moci\u00f3n de censura contra el Gobierno de Rajoy, moci\u00f3n que cont\u00f3 con el apoyo de nacionalistas, independentistas y partidos a la izquierda del PSOE siendo investido nuevo Presidente el l\u00edder socialista.<\/p>\n<p>Estos acontecimientos han coincidido en el tiempo con el agravamiento de la crisis pol\u00edtica en Italia y todo parec\u00eda indicar (los extravagantes apoyos con que cont\u00f3 S\u00e1nchez para sacar adelante la moci\u00f3n y la enjundia de los problemas en el pa\u00eds transalpino) que nos acerc\u00e1bamos a un corto plazo extremadamente espinoso.<\/p>\n<p>Sin embargo, <strong>el nombramiento de unos ministros -en su inmensa mayor\u00eda- del agrado de propios y extra\u00f1os, se recibi\u00f3 de manera muy positiva en los mercados y pese a un contexto for\u00e1neo adverso, el Ibex termin\u00f3 la semana con un avance del 1\u00b418%, balance que ser\u00eda aun m\u00e1s positivo si le sumamos el 1\u00b476% que subi\u00f3 el selectivo el viernes anterior, ya con S\u00e1nchez nombrado de facto Presidente del Gobierno. <\/strong><\/p>\n<p><strong>Esta mejora es m\u00e1s meritoria a\u00fan si la contextualizamos, ya que se consigui\u00f3 mientras las bolsas de Par\u00eds y Londres cerraban en rojo y Mil\u00e1n se desplomaba por encima del 3%.<\/strong> Adem\u00e1s, en Argentina volvi\u00f3 a sobrevolar el fantasma del \u201ccorralito\u201d, en Brasil el real continuaba desmoron\u00e1ndose, el G7 exteriorizaba sus desavenencias y el BCE anunciaba que en las pr\u00f3ximas semanas dar\u00e1 a conocer el calendario que establecer\u00e1 la paulatina retirada de los est\u00edmulos monetarios implantados en la crisis.<\/p>\n<p>De manera menos convulsa se desarrollaron las cosas en los mercados cambiarios, materias primas y deuda. En los primeros, el euro recuper\u00f3 el nivel de las 1\u00b417 unidades con el billete verde; en los de crudo, el barril de Brent no se movi\u00f3 de los 76 d\u00f3lares y finalmente en los de renta fija, el bono espa\u00f1ol cerr\u00f3 pr\u00e1cticamente plano en el 1\u00b447%, con la prima de riesgo en los 103 enteros. <a href=\"https:\/\/es.reuters.com\/article\/businessNews\/idESKCN1J30V4-OESBS\" rel=\"external nofollow\">Por su parte el Tesoro adjudic\u00f3 4.517 millones de euros a distintos plazos y a tipos de inter\u00e9s ligeramente superiores a los de la subasta anterior, destacando la colocaci\u00f3n de 2.618 millones en bonos a cinco a\u00f1os ligados a la inflaci\u00f3n.<\/a><\/p>\n<p><strong>Hace una semana -reci\u00e9n aprobada la moci\u00f3n de censura y sin conocerse a\u00fan el Gobierno- muy pocos hubieran apostado por un balance tan positivo como el que han registrado Ibex y bono estas cinco \u00faltimas jornadas. Pocos. Muy pocos.<\/strong><\/p>\n<!-- AddThis Advanced Settings generic via filter on the_content --><!-- AddThis Share Buttons generic via filter on the_content -->","protected":false},"excerpt":{"rendered":"<p>El pasado 24 de mayo Mariano Rajoy consigui\u00f3 sacar adelante los presupuestos generales para este a\u00f1o gracias al apoyo, in extremis, del PNV. Con las cuentas aprobadas parec\u00eda aventurarse un segundo tramo de legislatura sosegado, pero esa misma ma\u00f1ana la Audiencia Nacional public\u00f3 la primera sentencia de la \u201ctrama Gurtel\u201d con severas penas de c\u00e1rcel [&hellip;]<!-- AddThis Advanced Settings generic via filter on get_the_excerpt --><!-- AddThis Share Buttons generic via filter on get_the_excerpt --><\/p>\n","protected":false},"author":25787,"featured_media":0,"comment_status":"open","ping_status":"closed","sticky":false,"template":"","format":"standard","meta":[],"categories":[1],"tags":[30,31,8,29,28,24,23],"_links":{"self":[{"href":"https:\/\/blogs.hoy.es\/cosas-dinero\/wp-json\/wp\/v2\/posts\/115"}],"collection":[{"href":"https:\/\/blogs.hoy.es\/cosas-dinero\/wp-json\/wp\/v2\/posts"}],"about":[{"href":"https:\/\/blogs.hoy.es\/cosas-dinero\/wp-json\/wp\/v2\/types\/post"}],"author":[{"embeddable":true,"href":"https:\/\/blogs.hoy.es\/cosas-dinero\/wp-json\/wp\/v2\/users\/25787"}],"replies":[{"embeddable":true,"href":"https:\/\/blogs.hoy.es\/cosas-dinero\/wp-json\/wp\/v2\/comments?post=115"}],"version-history":[{"count":1,"href":"https:\/\/blogs.hoy.es\/cosas-dinero\/wp-json\/wp\/v2\/posts\/115\/revisions"}],"predecessor-version":[{"id":116,"href":"https:\/\/blogs.hoy.es\/cosas-dinero\/wp-json\/wp\/v2\/posts\/115\/revisions\/116"}],"wp:attachment":[{"href":"https:\/\/blogs.hoy.es\/cosas-dinero\/wp-json\/wp\/v2\/media?parent=115"}],"wp:term":[{"taxonomy":"category","embeddable":true,"href":"https:\/\/blogs.hoy.es\/cosas-dinero\/wp-json\/wp\/v2\/categories?post=115"},{"taxonomy":"post_tag","embeddable":true,"href":"https:\/\/blogs.hoy.es\/cosas-dinero\/wp-json\/wp\/v2\/tags?post=115"}],"curies":[{"name":"wp","href":"https:\/\/api.w.org\/{rel}","templated":true}]}}