{"id":633,"date":"2021-09-30T09:19:21","date_gmt":"2021-09-30T07:19:21","guid":{"rendered":"https:\/\/blogs.hoy.es\/cosas-dinero\/?p=633"},"modified":"2021-09-30T09:20:50","modified_gmt":"2021-09-30T07:20:50","slug":"ipc-maximo-en-13-anos","status":"publish","type":"post","link":"https:\/\/blogs.hoy.es\/cosas-dinero\/2021\/09\/30\/ipc-maximo-en-13-anos\/","title":{"rendered":"IPC: M\u00c1XIMOS EN 13 A\u00d1OS"},"content":{"rendered":"<p><strong>El INE public\u00f3 ayer el dato del IPC adelantado<\/strong>. Como viene haciendo desde agosto (subi\u00f3 4 d\u00e9cimas hasta el 3\u00b43%) <strong>el \u00cdndice de Precios al Consumo se ha disparado ahora hasta el 4%<\/strong> (7 puntos m\u00e1s que hace 12 meses) <strong>situ\u00e1ndose en m\u00e1ximos desde 2008<\/strong>, lo que en tasa mensual representa un alza del 0\u00b48% (tres d\u00e9cimas m\u00e1s que el mes anterior).<\/p>\n<p><b>Este fuerte repunte est\u00e1 asociado a los precios r\u00e9cord\u00a0que est\u00e1 registrando la luz y, aunque las medidas del Gobierno del mes pasado contuvieron este avance, la electricidad est\u00e1 marcando nuevos m\u00e1ximos hist\u00f3ricos en 189\u00b49\u20ac\/megawatio lo que supone un 293% m\u00e1s que hace un a\u00f1o<\/b>. Adem\u00e1s hay que incluir la subida del petr\u00f3leo (debido a la falta de suministros actuales) y los precios tanto de los paquetes tur\u00edsticos (han ca\u00eddo, pero menos que en 2020) como de la gasolina.<\/p>\n<p>La inflaci\u00f3n subyacente tambi\u00e9n se ha elevado en septiembre 3 d\u00e9cimas hasta el 1%, separ\u00e1ndole del \u00edndice general 3 puntos, la diferencia m\u00e1s alta desde que comenz\u00f3 la serie.<\/p>\n<p><strong>Desde el Gobierno dicen que este repunte es solo un \u201cepisodio transitorio\u201d derivado de las energ\u00e9ticas, y que este mercado es muy vol\u00e1til<\/strong>.<\/p>\n<p><strong>Christine Lagarde<\/strong> tambi\u00e9n se ha pronunciado al respecto en el foro que celebra el BCE llamado \u201cM\u00e1s all\u00e1 de la pandemia, el futuro de la pol\u00edtica monetaria\u201d, y ha explicado que \u201c<strong>lo que estamos viviendo ahora es principalmente una fase de inflaci\u00f3n temporal vinculada a la reapertura de la econom\u00eda<\/strong>\u201d. La presidenta del BCE ha dicho que va a continuar con la actual estrategia de mantener la estabilidad de precios en el 2% para la zona euro, y que \u201c<strong>el hecho de que la inflaci\u00f3n se pueda mover moderadamente por encima del objetivo por un tiempo transitorio nos permite ser pacientes a la hora de endurecer la pol\u00edtica monetaria\u201d. Igualmente mantiene su previsi\u00f3n del IPC en el 1\u00b45% para 2023, y cree que aunque esta contin\u00fae subiendo en los pr\u00f3ximos meses, volver\u00e1 a caer el pr\u00f3ximo a\u00f1o.<\/strong><\/p>\n<p style=\"text-align: right;\">Pilar Bardaj\u00ed Pav\u00f3n<\/p>\n<p style=\"text-align: right;\">Bardaji&amp;Asociados<\/p>\n<!-- AddThis Advanced Settings generic via filter on the_content --><!-- AddThis Share Buttons generic via filter on the_content -->","protected":false},"excerpt":{"rendered":"<p>El INE public\u00f3 ayer el dato del IPC adelantado. Como viene haciendo desde agosto (subi\u00f3 4 d\u00e9cimas hasta el 3\u00b43%) el \u00cdndice de Precios al Consumo se ha disparado ahora hasta el 4% (7 puntos m\u00e1s que hace 12 meses) situ\u00e1ndose en m\u00e1ximos desde 2008, lo que en tasa mensual representa un alza del 0\u00b48% [&hellip;]<!-- AddThis Advanced Settings generic via filter on get_the_excerpt --><!-- AddThis Share Buttons generic via filter on get_the_excerpt --><\/p>\n","protected":false},"author":25787,"featured_media":0,"comment_status":"open","ping_status":"closed","sticky":false,"template":"","format":"standard","meta":[],"categories":[1],"tags":[],"_links":{"self":[{"href":"https:\/\/blogs.hoy.es\/cosas-dinero\/wp-json\/wp\/v2\/posts\/633"}],"collection":[{"href":"https:\/\/blogs.hoy.es\/cosas-dinero\/wp-json\/wp\/v2\/posts"}],"about":[{"href":"https:\/\/blogs.hoy.es\/cosas-dinero\/wp-json\/wp\/v2\/types\/post"}],"author":[{"embeddable":true,"href":"https:\/\/blogs.hoy.es\/cosas-dinero\/wp-json\/wp\/v2\/users\/25787"}],"replies":[{"embeddable":true,"href":"https:\/\/blogs.hoy.es\/cosas-dinero\/wp-json\/wp\/v2\/comments?post=633"}],"version-history":[{"count":3,"href":"https:\/\/blogs.hoy.es\/cosas-dinero\/wp-json\/wp\/v2\/posts\/633\/revisions"}],"predecessor-version":[{"id":636,"href":"https:\/\/blogs.hoy.es\/cosas-dinero\/wp-json\/wp\/v2\/posts\/633\/revisions\/636"}],"wp:attachment":[{"href":"https:\/\/blogs.hoy.es\/cosas-dinero\/wp-json\/wp\/v2\/media?parent=633"}],"wp:term":[{"taxonomy":"category","embeddable":true,"href":"https:\/\/blogs.hoy.es\/cosas-dinero\/wp-json\/wp\/v2\/categories?post=633"},{"taxonomy":"post_tag","embeddable":true,"href":"https:\/\/blogs.hoy.es\/cosas-dinero\/wp-json\/wp\/v2\/tags?post=633"}],"curies":[{"name":"wp","href":"https:\/\/api.w.org\/{rel}","templated":true}]}}