{"id":756,"date":"2022-05-02T13:51:44","date_gmt":"2022-05-02T11:51:44","guid":{"rendered":"https:\/\/blogs.hoy.es\/cosas-dinero\/?p=756"},"modified":"2022-05-02T13:51:44","modified_gmt":"2022-05-02T11:51:44","slug":"muy-meritorio","status":"publish","type":"post","link":"https:\/\/blogs.hoy.es\/cosas-dinero\/2022\/05\/02\/muy-meritorio\/","title":{"rendered":"MUY MERITORIO"},"content":{"rendered":"<p>Si empez\u00e1bamos nuestra anterior cr\u00f3nica diciendo que los mercados hab\u00edan vivido \u201cuna semana muy densa\u201d, lo mismo pod\u00edamos decir de esta.<\/p>\n<p><strong>Las noticias relevantes se suceden en el parqu\u00e9.<\/strong> <strong>La presi\u00f3n de los tipos de inter\u00e9s al alza est\u00e1 haciendo que los principales bancos centrales endurezcan sus pol\u00edticas monetarias<\/strong>, endurecimiento que tiene como principal objetivo contener una inflaci\u00f3n que, aunque nos dicen que \u201ccoyuntural\u201d, tiene tambi\u00e9n un fuerte componente estructural. De hecho, <strong>la subyacente -que no contempla ni alimentos frescos, ni productos energ\u00e9ticos- ha escalado este mes hasta el 4\u00b44%, un nivel que mantiene encendidas todas las alarmas<\/strong> y que como tantas veces hemos dicho es absolutamente prioritario controlar, pero para ese control ser\u00e1 necesario reducir un <strong><a href=\"https:\/\/www.expansion.com\/economia\/2022\/04\/28\/626a3d52468aeb02698b463d.html\" rel=\"external nofollow\">IPC que -aunque los precios bajaron en marzo del 9\u00b48 al 8\u00b44%- sigue mostr\u00e1ndose desbocado.<\/a><\/strong><\/p>\n<p>En clave micro, <strong>estas \u00faltimas cinco jornadas numerosas cotizadas han presentado sus cuentas del primer trimestre del ejercicio, reflejando casi todas ellas mejoras notables sobre el mismo periodo del a\u00f1o anterior<\/strong> (cuando la pandemia estaba a\u00fan haciendo estragos).<\/p>\n<p>En el terreno macro, la referencia m\u00e1s relevante fue el mal dato del <strong>PIB estadounidense que se contrajo hasta marzo un 1\u00b44%, muy lejos de las expectativas que barajaban el grueso de los analistas.<\/strong> Aqu\u00ed, el espa\u00f1ol, seg\u00fan public\u00f3 el <strong>INE apenas creci\u00f3 3 d\u00e9cimas, constatando una preocupante desaceleraci\u00f3n de nuestra econom\u00eda.<\/strong><\/p>\n<p><strong><a href=\"https:\/\/www.expansion.com\/economia\/2022\/04\/28\/626a3daa468aeb494a8b4603.html\" rel=\"external nofollow\">De puntillas pasaron noticias como el dato de empleo (el paro subi\u00f3 en m\u00e1s de 70.000 personas),<\/a><\/strong> las tensiones que siguen registrando los mercados de deuda (con el <strong>bono acerc\u00e1ndose al 2%, m\u00e1ximos de 5 a\u00f1os<\/strong>), la victoria de Macron en las elecciones francesas, el repunte del covid en China, los nuevos m\u00ednimos del euro, <strong>el corte de suministro de gas ruso a Polonia y Bulgaria o el acuerdo alcanzado por Twitter y el multimillonario Elon Musk para adquirir la red social por un importe superior a 44.000 millones de d\u00f3lares.<\/strong><\/p>\n<p>En medio de esta efervescencia, el<strong> Ibex logr\u00f3 al menos mantener holgadamente el soporte de los 8.500 puntos,<\/strong> dej\u00e1ndose desde el viernes anterior un 0\u00b479%. Dos valores de primer\u00edsima fila ofrecieron la cara y cruz del parqu\u00e9. En el lado positivo la cadena de <strong>hoteles Meli\u00e1<\/strong> que, al calor de las inmejorables expectativas para el sector, se <strong>revaloriz\u00f3 un 13\u00b48%<\/strong>. En el lado opuesto se situ\u00f3 el <strong>Banco Santander<\/strong>, que con la publicaci\u00f3n de unos beneficios en el primer trimestre del a\u00f1o de 2.545 millones de euros y coincidiendo con el pago del dividendo complementario que har\u00e1 efectivo el pr\u00f3ximo 2 de mayo, <strong>se desplom\u00f3 un 11\u00b404%<\/strong> acerc\u00e1ndose a m\u00ednimos anuales.<\/p>\n<p><strong>Otra semana intensa. Lo mejor es, sin duda, que los mercados est\u00e1n consiguiendo mantenerse en pie, algo que dadas las circunstancias es meritorio. Muy meritorio.<\/strong><\/p>\n<!-- AddThis Advanced Settings generic via filter on the_content --><!-- AddThis Share Buttons generic via filter on the_content -->","protected":false},"excerpt":{"rendered":"<p>Si empez\u00e1bamos nuestra anterior cr\u00f3nica diciendo que los mercados hab\u00edan vivido \u201cuna semana muy densa\u201d, lo mismo pod\u00edamos decir de esta. Las noticias relevantes se suceden en el parqu\u00e9. La presi\u00f3n de los tipos de inter\u00e9s al alza est\u00e1 haciendo que los principales bancos centrales endurezcan sus pol\u00edticas monetarias, endurecimiento que tiene como principal objetivo [&hellip;]<!-- AddThis Advanced Settings generic via filter on get_the_excerpt --><!-- AddThis Share Buttons generic via filter on get_the_excerpt --><\/p>\n","protected":false},"author":25787,"featured_media":0,"comment_status":"open","ping_status":"closed","sticky":false,"template":"","format":"standard","meta":[],"categories":[1],"tags":[],"_links":{"self":[{"href":"https:\/\/blogs.hoy.es\/cosas-dinero\/wp-json\/wp\/v2\/posts\/756"}],"collection":[{"href":"https:\/\/blogs.hoy.es\/cosas-dinero\/wp-json\/wp\/v2\/posts"}],"about":[{"href":"https:\/\/blogs.hoy.es\/cosas-dinero\/wp-json\/wp\/v2\/types\/post"}],"author":[{"embeddable":true,"href":"https:\/\/blogs.hoy.es\/cosas-dinero\/wp-json\/wp\/v2\/users\/25787"}],"replies":[{"embeddable":true,"href":"https:\/\/blogs.hoy.es\/cosas-dinero\/wp-json\/wp\/v2\/comments?post=756"}],"version-history":[{"count":1,"href":"https:\/\/blogs.hoy.es\/cosas-dinero\/wp-json\/wp\/v2\/posts\/756\/revisions"}],"predecessor-version":[{"id":757,"href":"https:\/\/blogs.hoy.es\/cosas-dinero\/wp-json\/wp\/v2\/posts\/756\/revisions\/757"}],"wp:attachment":[{"href":"https:\/\/blogs.hoy.es\/cosas-dinero\/wp-json\/wp\/v2\/media?parent=756"}],"wp:term":[{"taxonomy":"category","embeddable":true,"href":"https:\/\/blogs.hoy.es\/cosas-dinero\/wp-json\/wp\/v2\/categories?post=756"},{"taxonomy":"post_tag","embeddable":true,"href":"https:\/\/blogs.hoy.es\/cosas-dinero\/wp-json\/wp\/v2\/tags?post=756"}],"curies":[{"name":"wp","href":"https:\/\/api.w.org\/{rel}","templated":true}]}}