{"id":781,"date":"2022-06-13T09:00:41","date_gmt":"2022-06-13T07:00:41","guid":{"rendered":"https:\/\/blogs.hoy.es\/cosas-dinero\/?p=781"},"modified":"2022-06-13T09:02:51","modified_gmt":"2022-06-13T07:02:51","slug":"el-bce-cierra-el-grifo","status":"publish","type":"post","link":"https:\/\/blogs.hoy.es\/cosas-dinero\/2022\/06\/13\/el-bce-cierra-el-grifo\/","title":{"rendered":"EL BCE CIERRA EL GRIFO"},"content":{"rendered":"<p><strong>El BCE arroj\u00f3 un \u201ctonel\u201d de agua fr\u00eda sobre los mercados en su reuni\u00f3n del pasado jueves.<\/strong> La entidad dirigida por Christine Lagarde,<a href=\"https:\/\/www.expansion.com\/mercados\/2022\/06\/09\/62a1dc10e5fdea2d388b4632.html\" rel=\"external nofollow\"> anunci\u00f3 que en julio subir\u00e1 sus tipos de referencia 25 puntos b\u00e1sicos y en septiembre volver\u00e1 a incrementarlos<\/a> en, al menos, otros 25. Adem\u00e1s, confirm\u00f3 que el pr\u00f3ximo 1 de julio finalizar\u00e1 su programa de compras de deuda -tanto soberana como privada-, y a partir de ah\u00ed reinvertir\u00e1 solo el principal de los valores que vayan venciendo y todo eso, con fecha de caducidad a finales de 2024. <strong>Por \u00faltimo, revis\u00f3 las estimaciones de crecimiento a la baja desde el 3\u00b47% anterior al 2\u00b48%&#8230;<\/strong> y las de inflaci\u00f3n al alza,<strong> desde un preocupante 5\u00b41% que ya marc\u00f3 el mes anterior, hasta un alarmante 6\u00b48%.<\/strong> <strong>Todo un c\u00famulo de p\u00e9simas referencias econ\u00f3micas que alertan de un corto y medio plazo sombr\u00edo, complicado<\/strong> y de dif\u00edcil gesti\u00f3n en un contexto macro y geopol\u00edtico que no invita, en ninguno de los muchos frentes abiertos, al m\u00e1s m\u00ednimo optimismo.<\/p>\n<p>Normal que, <strong>con estas referencias tan negativas, los inversores decidiesen sin disimulo deshacer sus posiciones con premura<\/strong> y as\u00ed, las principales bolsas europeas registraron fuertes recortes en las cinco \u00faltimas sesiones, recortes que en Par\u00eds y Frankfurt superaron el 4%.<\/p>\n<p><strong>Aqu\u00ed, el Ibex se dej\u00f3 un 3\u00b483% y arrancar\u00e1 el lunes desde los 8.390 enteros<\/strong>. La peor parte se la llevaron los bancos, con los dos buques insignia del sector cayendo un 8\u00b489% Santander y un 13\u00b405% BBVA.<\/p>\n<p>La nota positiva la puso la textil gallega<strong><a href=\"https:\/\/www.expansion.com\/empresas\/distribucion\/2022\/06\/08\/62a03511468aebed448b4593.html\" rel=\"external nofollow\"> Inditex, que respondi\u00f3 con una subida del 3% al r\u00e9cord de ventas y beneficios que public\u00f3 el mi\u00e9rcoles,<\/a><\/strong> beneficios que consigui\u00f3 pese a provisionar m\u00e1s de 200 millones de euros por el impacto de la guerra de Ucrania en su cuenta de resultados. El grupo que lidera la capitalizaci\u00f3n de la bolsa madrile\u00f1a, dispar\u00f3 sus ventas hasta los 6742 millones y gan\u00f3 760 millones en el primer trimestre de Marta Ortega como presidenta y \u00d3scar Garc\u00eda como CEO. Sin la provisi\u00f3n, la compa\u00f1\u00eda fundada por Amancio Ortega hubiera obtenido un beneficio cercano a los 1.000 millones de euros.<\/p>\n<p><strong>Las tensiones y el nerviosismo se trasladaron tambi\u00e9n a otros mercados financieros, y as\u00ed el bono espa\u00f1ol, que hace apenas cuatro meses cotizaba en torno al 0\u00b460%, cerr\u00f3 el viernes en el 2\u00b475%, ensanch\u00e1ndose su diferencial con el \u201cbund\u201d alem\u00e1n m\u00e1s de 120 puntos.<\/strong><\/p>\n<p><strong>El barril de Brent,<\/strong> continu\u00f3 su rally alcista y <strong>se acerca irremediablemente a sus m\u00e1ximos hist\u00f3ricos<\/strong>, mientras <strong>el euro perd\u00eda fuerza con el d\u00f3lar y ambas divisas se cambiaron en las 1\u00b405 unidades.<\/strong><\/p>\n<p>Mala semana. Muy mala. Y lo peor podr\u00eda estar a\u00fan por venir.<\/p>\n<!-- AddThis Advanced Settings generic via filter on the_content --><!-- AddThis Share Buttons generic via filter on the_content -->","protected":false},"excerpt":{"rendered":"<p>El BCE arroj\u00f3 un \u201ctonel\u201d de agua fr\u00eda sobre los mercados en su reuni\u00f3n del pasado jueves. La entidad dirigida por Christine Lagarde, anunci\u00f3 que en julio subir\u00e1 sus tipos de referencia 25 puntos b\u00e1sicos y en septiembre volver\u00e1 a incrementarlos en, al menos, otros 25. Adem\u00e1s, confirm\u00f3 que el pr\u00f3ximo 1 de julio finalizar\u00e1 [&hellip;]<!-- AddThis Advanced Settings generic via filter on get_the_excerpt --><!-- AddThis Share Buttons generic via filter on get_the_excerpt --><\/p>\n","protected":false},"author":25787,"featured_media":0,"comment_status":"open","ping_status":"closed","sticky":false,"template":"","format":"standard","meta":[],"categories":[1],"tags":[],"_links":{"self":[{"href":"https:\/\/blogs.hoy.es\/cosas-dinero\/wp-json\/wp\/v2\/posts\/781"}],"collection":[{"href":"https:\/\/blogs.hoy.es\/cosas-dinero\/wp-json\/wp\/v2\/posts"}],"about":[{"href":"https:\/\/blogs.hoy.es\/cosas-dinero\/wp-json\/wp\/v2\/types\/post"}],"author":[{"embeddable":true,"href":"https:\/\/blogs.hoy.es\/cosas-dinero\/wp-json\/wp\/v2\/users\/25787"}],"replies":[{"embeddable":true,"href":"https:\/\/blogs.hoy.es\/cosas-dinero\/wp-json\/wp\/v2\/comments?post=781"}],"version-history":[{"count":1,"href":"https:\/\/blogs.hoy.es\/cosas-dinero\/wp-json\/wp\/v2\/posts\/781\/revisions"}],"predecessor-version":[{"id":782,"href":"https:\/\/blogs.hoy.es\/cosas-dinero\/wp-json\/wp\/v2\/posts\/781\/revisions\/782"}],"wp:attachment":[{"href":"https:\/\/blogs.hoy.es\/cosas-dinero\/wp-json\/wp\/v2\/media?parent=781"}],"wp:term":[{"taxonomy":"category","embeddable":true,"href":"https:\/\/blogs.hoy.es\/cosas-dinero\/wp-json\/wp\/v2\/categories?post=781"},{"taxonomy":"post_tag","embeddable":true,"href":"https:\/\/blogs.hoy.es\/cosas-dinero\/wp-json\/wp\/v2\/tags?post=781"}],"curies":[{"name":"wp","href":"https:\/\/api.w.org\/{rel}","templated":true}]}}