{"id":972,"date":"2023-06-12T08:34:38","date_gmt":"2023-06-12T06:34:38","guid":{"rendered":"https:\/\/blogs.hoy.es\/cosas-dinero\/?p=972"},"modified":"2023-06-12T08:41:34","modified_gmt":"2023-06-12T06:41:34","slug":"inditex-no-fue-suficiente-2","status":"publish","type":"post","link":"https:\/\/blogs.hoy.es\/cosas-dinero\/2023\/06\/12\/inditex-no-fue-suficiente-2\/","title":{"rendered":"INDITEX NO FUE SUFICIENTE"},"content":{"rendered":"<p><strong>El Ibex casi consigue desmarcarse de la tendencia bajista que domin\u00f3 en las principales bolsas europeas y termin\u00f3 estas \u00faltimas cinco jornadas pr\u00e1cticamente plano (-0\u00b408%)<\/strong>, cerrando en los 9.309 puntos, animado nuestro selectivo por los buenos resultados presentados por Inditex.<a href=\"https:\/\/www.expansion.com\/empresas\/distribucion\/2023\/06\/07\/64801773468aebb70b8b4658.html\" rel=\"external nofollow\"> La textil gallega public\u00f3 un incremento del 13% de sus ventas en el primer trimestre del a\u00f1o<\/a> (se dispararon por encima de los 7.600 millones) y lanzando sus beneficios un 54% hasta situarlos en los 1.168 millones (batiendo estos la previsi\u00f3n de la inmensa mayor\u00eda de los analistas). Estas cifras hicieron que buena parte de las casas de bolsa revisaran al alza el precio de la compa\u00f1\u00eda fundada por Amancio Ortega, al alcanzar una capitalizaci\u00f3n burs\u00e1til superior a los 100.000 millones.<\/p>\n<p>Las acciones de <strong>Inditex y las de la farmac\u00e9utica Rovi lideraron las subidas en el parqu\u00e9, anot\u00e1ndose ganancias del 3\u00b442% la primera y del 4\u00b440%<\/strong> la segunda. La peor parte se la llevaron Amadeus, Aena y Cellnex retrocediendo un 2\u00b437%, 3\u00b403% y 3\u00b412% respectivamente.<\/p>\n<p>Del exterior, sin duda, la noticia m\u00e1s destacada fue la fortaleza del Nikkei japon\u00e9s, que se revaloriz\u00f3 un 2\u00b435%, y marc\u00f3 nuevos m\u00e1ximos de 33 a\u00f1os. En Europa, recortes superiores al medio punto del Cac de Par\u00eds, del Dax de Frankfurt y del Ftse londinense y alzas del Mib de Mil\u00e1n. Encefalograma plano en Wall Street, pendientes todos los inversores de la reuni\u00f3n de la Fed los pr\u00f3ximos 13 y 14 de junio.<\/p>\n<p>En los mercados de deuda, <strong>el Tesoro adjudic\u00f3 casi 5.000 millones de euros (4.966 MM) en letras a 6 y 12 meses. En el plazo m\u00e1s largo, lo hizo ofreciendo un inter\u00e9s medio del 3\u00b444%, superando este activo financiero a la inflaci\u00f3n que se situ\u00f3 en mayo en el 3\u00b420%.<\/strong><\/p>\n<p><strong>El euro recuper\u00f3 posiciones con el d\u00f3lar, marcando fixing ambas divisas en las 1\u00b407 unidades<\/strong>. Pocas novedades en los de crudo, con el <strong>Brent ligeramente por encima de los 76 d\u00f3lares, pese a que la OPEP+ anunci\u00f3 un recorte en su producci\u00f3n<\/strong> de un mill\u00f3n de barriles a partir de julio, noticia que apenas influy\u00f3 en la cotizaci\u00f3n del petr\u00f3leo.<\/p>\n<p><strong>Nervios en los mercados de cripto, con ca\u00eddas severas en las principales monedas virtuales, ca\u00eddas que llevaron al bitcoin a m\u00ednimos de tres meses.<\/strong> <a href=\"https:\/\/www.expansion.com\/economia\/financial-times\/2023\/06\/09\/64835d45e5fdea1b1c8b45d9.html\" rel=\"external nofollow\">Mucho que ver con esta bajada tuvo la demanda de la SEC contra las malas praxis imputadas a la plataforma Binance<\/a>, demanda que se puede enmarcar dentro de la guerra comercial entre Estados Unidos y China.<\/p>\n<p><strong>Mal dato del PIB de la eurozona en el primer trimestre<\/strong>, <strong>que entr\u00f3 en recesi\u00f3n t\u00e9cnica tras contraerse un 0\u00b41%, mientras la OCDE mejor\u00f3 las perspectivas de crecimiento para Espa\u00f1a. Alemania frena a Europa\u2026 y el turismo empuja a Espa\u00f1a.<\/strong><\/p>\n<!-- AddThis Advanced Settings generic via filter on the_content --><!-- AddThis Share Buttons generic via filter on the_content -->","protected":false},"excerpt":{"rendered":"<p>El Ibex casi consigue desmarcarse de la tendencia bajista que domin\u00f3 en las principales bolsas europeas y termin\u00f3 estas \u00faltimas cinco jornadas pr\u00e1cticamente plano (-0\u00b408%), cerrando en los 9.309 puntos, animado nuestro selectivo por los buenos resultados presentados por Inditex. La textil gallega public\u00f3 un incremento del 13% de sus ventas en el primer trimestre [&hellip;]<!-- AddThis Advanced Settings generic via filter on get_the_excerpt --><!-- AddThis Share Buttons generic via filter on get_the_excerpt --><\/p>\n","protected":false},"author":25787,"featured_media":0,"comment_status":"open","ping_status":"closed","sticky":false,"template":"","format":"standard","meta":[],"categories":[1],"tags":[],"_links":{"self":[{"href":"https:\/\/blogs.hoy.es\/cosas-dinero\/wp-json\/wp\/v2\/posts\/972"}],"collection":[{"href":"https:\/\/blogs.hoy.es\/cosas-dinero\/wp-json\/wp\/v2\/posts"}],"about":[{"href":"https:\/\/blogs.hoy.es\/cosas-dinero\/wp-json\/wp\/v2\/types\/post"}],"author":[{"embeddable":true,"href":"https:\/\/blogs.hoy.es\/cosas-dinero\/wp-json\/wp\/v2\/users\/25787"}],"replies":[{"embeddable":true,"href":"https:\/\/blogs.hoy.es\/cosas-dinero\/wp-json\/wp\/v2\/comments?post=972"}],"version-history":[{"count":3,"href":"https:\/\/blogs.hoy.es\/cosas-dinero\/wp-json\/wp\/v2\/posts\/972\/revisions"}],"predecessor-version":[{"id":975,"href":"https:\/\/blogs.hoy.es\/cosas-dinero\/wp-json\/wp\/v2\/posts\/972\/revisions\/975"}],"wp:attachment":[{"href":"https:\/\/blogs.hoy.es\/cosas-dinero\/wp-json\/wp\/v2\/media?parent=972"}],"wp:term":[{"taxonomy":"category","embeddable":true,"href":"https:\/\/blogs.hoy.es\/cosas-dinero\/wp-json\/wp\/v2\/categories?post=972"},{"taxonomy":"post_tag","embeddable":true,"href":"https:\/\/blogs.hoy.es\/cosas-dinero\/wp-json\/wp\/v2\/tags?post=972"}],"curies":[{"name":"wp","href":"https:\/\/api.w.org\/{rel}","templated":true}]}}