{"id":1,"date":"2012-10-08T09:40:24","date_gmt":"2012-10-08T09:40:24","guid":{"rendered":"http:\/\/blogs.hoy.es\/crea-tu-estilo-hoy\/?p=1"},"modified":"2012-10-08T09:40:24","modified_gmt":"2012-10-08T09:40:24","slug":"hola-mundo","status":"publish","type":"post","link":"https:\/\/blogs.hoy.es\/crea-tu-estilo-hoy\/2012\/10\/08\/hola-mundo\/","title":{"rendered":"\u00danete al oto\u00f1o de color"},"content":{"rendered":"<p><object id=\"flashObj\" width=\"640\" height=\"360\" classid=\"clsid:D27CDB6E-AE6D-11cf-96B8-444553540000\" codebase=\"http:\/\/download.macromedia.com\/pub\/shockwave\/cabs\/flash\/swflash.cab#version=9,0,47,0\"><param name=\"movie\" value=\"http:\/\/c.brightcove.com\/services\/viewer\/federated_f9?isVid=1&#038;isUI=1\" \/><param name=\"bgcolor\" value=\"#FFFFFF\" \/><param name=\"flashVars\" value=\"@videoPlayer=1887693559001&#038;playerID=309010012001&#038;playerKey=AQ~~,AAAAE_Nrnlk~,nvezczbcIbFKkdWFPX_8YwXJCUFbI5Xb&#038;domain=embed&#038;dynamicStreaming=true\" \/><param name=\"base\" value=\"http:\/\/admin.brightcove.com\" \/><param name=\"seamlesstabbing\" value=\"false\" \/><param name=\"allowFullScreen\" value=\"true\" \/><param name=\"swLiveConnect\" value=\"true\" \/><param name=\"allowScriptAccess\" value=\"always\" \/><embed src=\"\/\/c.brightcove.com\/services\/viewer\/federated_f9?isVid=1&#038;isUI=1\" bgcolor=\"#FFFFFF\" flashVars=\"@videoPlayer=1887693559001&#038;playerID=309010012001&#038;playerKey=AQ~~,AAAAE_Nrnlk~,nvezczbcIbFKkdWFPX_8YwXJCUFbI5Xb&#038;domain=embed&#038;dynamicStreaming=true\" base=\"http:\/\/admin.brightcove.com\" name=\"flashObj\" width=\"640\" height=\"360\" seamlesstabbing=\"false\" type=\"application\/x-shockwave-flash\" allowFullScreen=\"true\" allowScriptAccess=\"always\" swLiveConnect=\"true\" pluginspage=\"http:\/\/www.macromedia.com\/shockwave\/download\/index.cgi?P1_Prod_Version=ShockwaveFlash\"><\/embed><\/object><\/p>\n<div id=\"attachment_12\" style=\"width: 514px\" class=\"wp-caption alignleft\"><a href=\"\/crea-tu-estilo-hoy\/wp-content\/uploads\/sites\/58\/2012\/10\/gemacorreablog1.jpg\"><img aria-describedby=\"caption-attachment-12\" loading=\"lazy\" class=\"wp-image-12 \" title=\"La periodista Gema Correa durante la grabaci\u00f3n de su primer videoblog para HOY.es\" src=\"\/crea-tu-estilo-hoy\/wp-content\/uploads\/sites\/58\/2012\/10\/gemacorreablog1.jpg\" alt=\"La periodista Gema Correa durante la grabaci\u00f3n de su primer videoblog para HOY.es\" width=\"504\" height=\"377\" srcset=\"https:\/\/static-blogs.hoy.es\/wp-content\/uploads\/sites\/58\/2012\/10\/gemacorreablog1.jpg 900w, https:\/\/static-blogs.hoy.es\/wp-content\/uploads\/sites\/58\/2012\/10\/gemacorreablog1-300x224.jpg 300w, https:\/\/static-blogs.hoy.es\/wp-content\/uploads\/sites\/58\/2012\/10\/gemacorreablog1-768x573.jpg 768w\" sizes=\"(max-width: 504px) 100vw, 504px\" \/><\/a><p id=\"caption-attachment-12\" class=\"wp-caption-text\">La periodista Gema Correa durante la grabaci\u00f3n de su primer videoblog para HOY.es<\/p><\/div>\n<p>Esta temporada \u00fanete al <strong>oto\u00f1o-invierno del color<\/strong>. Es el momento de encontrar vestidos y accesorios que van desde el <strong>rojo m\u00e1s intenso<\/strong> pasando por la<strong> gama de los verdes<\/strong>, hasta\u00a0 el <strong>azul el\u00e9ctrico<\/strong>,que tanto favorece.<\/p>\n<p>Tambi\u00e9n el <strong>print animal<\/strong> jugar\u00e1 un protagonismo especial en los fr\u00edos d\u00edas del invierno.<\/p>\n<p>Los <strong>monos<\/strong> siguen estando de moda y son una apuesta segura para no pasar desapercibida.<\/p>\n<p>El <strong>encaje<\/strong> se amolda a otros ambientes distintos a la noche para ser tambi\u00e9n un compa\u00f1ero del d\u00eda a d\u00eda.<\/p>\n<p>La variedad est\u00e1 garantizada, y <strong>marcar tu estilo<\/strong> solo depende de ti.<\/p>\n<p>(Agradecimientos: <a href=\"http:\/\/www.alwaysbeauty.es\/\">www.alwaysbeauty.es<\/a>, \u00a0Mona Mon\u00edssima y Punch&#038;Judy)<\/p>\n<!-- AddThis Advanced Settings generic via filter on the_content --><!-- AddThis Share Buttons generic via filter on the_content -->","protected":false},"excerpt":{"rendered":"<p>Esta temporada \u00fanete al oto\u00f1o-invierno del color. Es el momento de encontrar vestidos y accesorios que van desde el rojo m\u00e1s intenso pasando por la gama de los verdes, hasta\u00a0 el azul el\u00e9ctrico,que tanto favorece. Tambi\u00e9n el print animal jugar\u00e1 un protagonismo especial en los fr\u00edos d\u00edas del invierno. Los monos siguen estando de moda [&hellip;]<!-- AddThis Advanced Settings generic via filter on get_the_excerpt --><!-- AddThis Share Buttons generic via filter on get_the_excerpt --><\/p>\n","protected":false},"author":29,"featured_media":0,"comment_status":"open","ping_status":"closed","sticky":false,"template":"","format":"standard","meta":[],"categories":[4],"tags":[10,21,32,33,34,47,48,49,52,58,62,66,68],"_links":{"self":[{"href":"https:\/\/blogs.hoy.es\/crea-tu-estilo-hoy\/wp-json\/wp\/v2\/posts\/1"}],"collection":[{"href":"https:\/\/blogs.hoy.es\/crea-tu-estilo-hoy\/wp-json\/wp\/v2\/posts"}],"about":[{"href":"https:\/\/blogs.hoy.es\/crea-tu-estilo-hoy\/wp-json\/wp\/v2\/types\/post"}],"author":[{"embeddable":true,"href":"https:\/\/blogs.hoy.es\/crea-tu-estilo-hoy\/wp-json\/wp\/v2\/users\/29"}],"replies":[{"embeddable":true,"href":"https:\/\/blogs.hoy.es\/crea-tu-estilo-hoy\/wp-json\/wp\/v2\/comments?post=1"}],"version-history":[{"count":0,"href":"https:\/\/blogs.hoy.es\/crea-tu-estilo-hoy\/wp-json\/wp\/v2\/posts\/1\/revisions"}],"wp:attachment":[{"href":"https:\/\/blogs.hoy.es\/crea-tu-estilo-hoy\/wp-json\/wp\/v2\/media?parent=1"}],"wp:term":[{"taxonomy":"category","embeddable":true,"href":"https:\/\/blogs.hoy.es\/crea-tu-estilo-hoy\/wp-json\/wp\/v2\/categories?post=1"},{"taxonomy":"post_tag","embeddable":true,"href":"https:\/\/blogs.hoy.es\/crea-tu-estilo-hoy\/wp-json\/wp\/v2\/tags?post=1"}],"curies":[{"name":"wp","href":"https:\/\/api.w.org\/{rel}","templated":true}]}}