{"id":112,"date":"2017-03-01T18:43:30","date_gmt":"2017-03-01T17:43:30","guid":{"rendered":"http:\/\/blogs.hoy.es\/crea-tu-estilo-hoy\/?p=112"},"modified":"2017-03-01T18:43:30","modified_gmt":"2017-03-01T17:43:30","slug":"la-biocosmetica-una-tendencia-al-alza-en-europa-2","status":"publish","type":"post","link":"https:\/\/blogs.hoy.es\/crea-tu-estilo-hoy\/2017\/03\/01\/la-biocosmetica-una-tendencia-al-alza-en-europa-2\/","title":{"rendered":"LA BIOCOSM\u00c9TICA, UNA TENDENCIA AL ALZA EN EUROPA"},"content":{"rendered":"<p align=\"center\"><strong>\u00a0<\/strong><\/p>\n<p align=\"center\">\n<p>&nbsp;<\/p>\n<p><strong>La preocupaci\u00f3n por el medio ambiente llega tambi\u00e9n al mundo de la belleza<\/strong>.<\/p>\n<p>(Texto y Fotograf\u00eda: Gema Correa Cruz)<\/p>\n<p>La reciente Feria\u00a0 Internacional de Cosm\u00e9tica de Berl\u00edn, una de las m\u00e1s importantes que se celebran en Europa, demuestra que la Biocosm\u00e9tica llega pisando fuerte. Se impone potenciar la salud de la piel a trav\u00e9s de ingredientes naturales extra\u00eddos de las plantas y de aquellos similares o id\u00e9nticos a los que produce nuestro propio organismo.<\/p>\n<p>Un ejemplo de ello, son las l\u00edneas personalizadas del Doctor Eckstein, creadas en 1949, bajo el concepto de que la belleza verdadera fluye desde dentro hacia fuera. Hoy, tras tres generaciones, siguen fiel a sus principios, As\u00ed nos lo contaba, Herr Eckstein, nieto del fundador.<\/p>\n<p><a href=\"https:\/\/blogs.hoy.es\/crea-tu-estilo-hoy\/2017\/03\/01\/la-biocosmetica-una-tendencia-al-alza-en-europa-2\/doctor-ecstein\/\" rel=\"attachment wp-att-113\"><img loading=\"lazy\" class=\"aligncenter size-medium wp-image-113\" title=\"DOCTOR ECSTEIN\" src=\"\/crea-tu-estilo-hoy\/wp-content\/uploads\/sites\/58\/2017\/03\/DOCTOR-ECSTEIN.jpg\" alt=\"\" width=\"200\" height=\"300\" srcset=\"https:\/\/static-blogs.hoy.es\/wp-content\/uploads\/sites\/58\/2017\/03\/DOCTOR-ECSTEIN.jpg 400w, https:\/\/static-blogs.hoy.es\/wp-content\/uploads\/sites\/58\/2017\/03\/DOCTOR-ECSTEIN-200x300.jpg 200w\" sizes=\"(max-width: 200px) 100vw, 200px\" \/><\/a><\/p>\n<p>Seg\u00fan Eckstein, El objetivo es mejorar la autoestima de las personas que utilizan sus tratamientos, optimizando la salud natural de la piel. \u201cLa mentalidad de los consumidores est\u00e1 cambiando. Hoy en d\u00eda, son mucho m\u00e1s exigentes, buscan informaci\u00f3n, se documentan y quieren saber con detalle qu\u00e9 se aplican en la piel\u201d.<\/p>\n<p>&nbsp;<\/p>\n<p>&nbsp;<\/p>\n<p>&nbsp;<\/p>\n<p>&nbsp;<\/p>\n<p>&nbsp;<\/p>\n<p>&nbsp;<\/p>\n<p><strong>Cosm\u00e9tica comprometida con el medio ambiente<\/strong><\/p>\n<p>&nbsp;<\/p>\n<p>Otro dato palpable en este congreso de belleza es la preocupaci\u00f3n por el medio ambiente que llega de forma fulminante al sector de la cosm\u00e9tica. Seg\u00fan un infor<\/p>\n<p>me reciente de la empresa \u201cAiniaforward\u201d, los consumidores valoran un 15 por ciento m\u00e1s los productos de etiqueta \u201csostenible\u201d. Se trata de una tendencia al alza que se duplicar\u00e1 en el a\u00f1o 2020.<\/p>\n<p>Este es el lema de la cosm\u00e9tica de \u201cSaluterra\u201d significa \u201cTierra Sana\u201d cuyos productos contienen ingredientes naturales de plantas que provienen en gran medida de la agricultura ecol\u00f3gica org\u00e1nica. Presenta una l\u00ednea hipoalerg\u00e9nica basada en recetas antiguas de extractos de plantas utilizadas a trav\u00e9s de generaciones para cuidar nuestra piel.<\/p>\n<p><img loading=\"lazy\" class=\"size-medium wp-image-114 alignnone\" title=\"SALUTERRA 3\" src=\"\/crea-tu-estilo-hoy\/wp-content\/uploads\/sites\/58\/2017\/03\/SALUTERRA-3.jpg\" alt=\"\" width=\"300\" height=\"200\" srcset=\"https:\/\/static-blogs.hoy.es\/wp-content\/uploads\/sites\/58\/2017\/03\/SALUTERRA-3.jpg 1280w, https:\/\/static-blogs.hoy.es\/wp-content\/uploads\/sites\/58\/2017\/03\/SALUTERRA-3-300x200.jpg 300w, https:\/\/static-blogs.hoy.es\/wp-content\/uploads\/sites\/58\/2017\/03\/SALUTERRA-3-768x512.jpg 768w, https:\/\/static-blogs.hoy.es\/wp-content\/uploads\/sites\/58\/2017\/03\/SALUTERRA-3-1024x683.jpg 1024w\" sizes=\"(max-width: 300px) 100vw, 300px\" \/><\/p>\n<p>&nbsp;<\/p>\n<div>\n<p>\u00a0 \u00a0 \u00a0 \u00a0 La marca sostiene que sus productos se fabrican con un sentido responsable \u00a0 \u00a0con el medio ambiente, no son probados en animales ni contienen sustancias \u00a0qu\u00edmicas. Algunos de sus principales ingredientes son aloe vera, el extracto de \u00a0cal\u00e9ndula para aliviar las inflamaciones, hiedra para estimular la microcirculaci\u00f3n \u00a0e incluso orqu\u00eddea, ideal para reafirmar y rejuvenecer el aspecto de la piel.<\/p>\n<p>&nbsp;<\/p>\n<p>&nbsp;<\/p>\n<p>&nbsp;<\/p>\n<p><strong>El licopeno, un antioxidante innovador que proviene del tomate<\/strong><\/p>\n<div><img loading=\"lazy\" class=\"size-medium wp-image-116 aligncenter\" title=\"LI\u0301NEA COSME\u0301TICA NATURAL LICOPENO\" src=\"\/crea-tu-estilo-hoy\/wp-content\/uploads\/sites\/58\/2017\/03\/LI\u0301NEA-COSME\u0301TICA-NATURAL-LICOPENO1.jpg\" alt=\"\" width=\"300\" height=\"199\" srcset=\"https:\/\/static-blogs.hoy.es\/wp-content\/uploads\/sites\/58\/2017\/03\/LI\u0301NEA-COSME\u0301TICA-NATURAL-LICOPENO1.jpg 1280w, https:\/\/static-blogs.hoy.es\/wp-content\/uploads\/sites\/58\/2017\/03\/LI\u0301NEA-COSME\u0301TICA-NATURAL-LICOPENO1-300x200.jpg 300w, https:\/\/static-blogs.hoy.es\/wp-content\/uploads\/sites\/58\/2017\/03\/LI\u0301NEA-COSME\u0301TICA-NATURAL-LICOPENO1-768x512.jpg 768w, https:\/\/static-blogs.hoy.es\/wp-content\/uploads\/sites\/58\/2017\/03\/LI\u0301NEA-COSME\u0301TICA-NATURAL-LICOPENO1-1024x682.jpg 1024w\" sizes=\"(max-width: 300px) 100vw, 300px\" \/><\/div>\n<div><\/div>\n<p>Otra de las innovaciones presentadas ha sido \u201cCosm\u00e9tica Natural de Licopeno\u201d, una l\u00ednea innovadora cuyo componente estrella es el licopeno, uno de los antioxidantes m\u00e1s potentes que existen actualmente en el mercado, extra\u00eddo directamente del tomate. Estos productos cosm\u00e9ticos de alta gama, que cada d\u00eda tienen m\u00e1s adeptos, ya se conocen como \u201cel oro rojo de la eterna juventud\u201d. Sus s\u00e9rums y jabones est\u00e1n aderezados por aceites esenciales de primera calidad, col\u00e1geno y un c\u00f3ctel de vitaminas que es un verdadero elixir de dioses para la piel.<\/p>\n<\/div>\n<div>\n<p>&nbsp;<\/p>\n<p align=\"center\">\n<p>&nbsp;<\/p>\n<p><strong>Lineas de productos divertidos \u201cZartgef\u00fchl\u201d<\/strong><\/p>\n<p><a href=\"https:\/\/blogs.hoy.es\/crea-tu-estilo-hoy\/2017\/03\/01\/la-biocosmetica-una-tendencia-al-alza-en-europa-2\/zartgefu%cc%88hl-4\/\" rel=\"attachment wp-att-117\"><img loading=\"lazy\" class=\"aligncenter size-medium wp-image-117\" title=\"ZARTGEFU\u0308HL 4\" src=\"\/crea-tu-estilo-hoy\/wp-content\/uploads\/sites\/58\/2017\/03\/ZARTGEFU\u0308HL-4.jpg\" alt=\"\" width=\"300\" height=\"200\" srcset=\"https:\/\/static-blogs.hoy.es\/wp-content\/uploads\/sites\/58\/2017\/03\/ZARTGEFU\u0308HL-4.jpg 640w, https:\/\/static-blogs.hoy.es\/wp-content\/uploads\/sites\/58\/2017\/03\/ZARTGEFU\u0308HL-4-300x200.jpg 300w\" sizes=\"(max-width: 300px) 100vw, 300px\" \/><\/a><\/p>\n<p>&nbsp;<\/p>\n<p>La l\u00ednea alemana \u201cZartgef\u00fchl\u201d es tremendamente divertida en cuanto a su presentaci\u00f3n. Encontramos desde jabones en forma de pasteles y tabletas de chocolate hasta un peeling marino con esencias de fresa y lim\u00f3n.<\/p>\n<div><a href=\"https:\/\/blogs.hoy.es\/crea-tu-estilo-hoy\/2017\/03\/01\/la-biocosmetica-una-tendencia-al-alza-en-europa-2\/zartgefu%cc%88hl-3\/\" rel=\"attachment wp-att-120\"><img loading=\"lazy\" class=\"size-medium wp-image-120 alignright\" title=\"ZARTGEFU\u0308HL\" src=\"\/crea-tu-estilo-hoy\/wp-content\/uploads\/sites\/58\/2017\/03\/ZARTGEFU\u0308HL2.jpg\" alt=\"\" width=\"300\" height=\"199\" srcset=\"https:\/\/static-blogs.hoy.es\/wp-content\/uploads\/sites\/58\/2017\/03\/ZARTGEFU\u0308HL2.jpg 1024w, https:\/\/static-blogs.hoy.es\/wp-content\/uploads\/sites\/58\/2017\/03\/ZARTGEFU\u0308HL2-300x200.jpg 300w, https:\/\/static-blogs.hoy.es\/wp-content\/uploads\/sites\/58\/2017\/03\/ZARTGEFU\u0308HL2-768x512.jpg 768w\" sizes=\"(max-width: 300px) 100vw, 300px\" \/><\/a><a href=\"https:\/\/blogs.hoy.es\/crea-tu-estilo-hoy\/2017\/03\/01\/la-biocosmetica-una-tendencia-al-alza-en-europa-2\/zartgefu%cc%88hl-detox-2-2\/\" rel=\"attachment wp-att-122\"><img loading=\"lazy\" class=\"size-medium wp-image-122 aligncenter\" title=\"ZARTGEFU\u0308HL DETOX 2\" src=\"\/crea-tu-estilo-hoy\/wp-content\/uploads\/sites\/58\/2017\/03\/ZARTGEFU\u0308HL-DETOX-21.jpg\" alt=\"\" width=\"300\" height=\"200\" srcset=\"https:\/\/static-blogs.hoy.es\/wp-content\/uploads\/sites\/58\/2017\/03\/ZARTGEFU\u0308HL-DETOX-21.jpg 1024w, https:\/\/static-blogs.hoy.es\/wp-content\/uploads\/sites\/58\/2017\/03\/ZARTGEFU\u0308HL-DETOX-21-300x200.jpg 300w, https:\/\/static-blogs.hoy.es\/wp-content\/uploads\/sites\/58\/2017\/03\/ZARTGEFU\u0308HL-DETOX-21-768x512.jpg 768w\" sizes=\"(max-width: 300px) 100vw, 300px\" \/><\/a><\/div>\n<p style=\"text-align: center;\">\n<p style=\"text-align: left;\">\u00a0 Otros productos, como las mantecas corporales recogen el concepto Detox.<\/p>\n<p>&nbsp;<\/p>\n<p>&nbsp;<\/p>\n<p>&nbsp;<\/p>\n<p>&nbsp;<\/p>\n<p>&nbsp;<\/p>\n<p>&nbsp;<\/p>\n<p>&nbsp;<\/p>\n<p>&nbsp;<\/p>\n<p>&nbsp;<\/p>\n<p>&nbsp;<\/p>\n<p>&nbsp;<\/p>\n<p><strong>Tratamiento cosm\u00e9tico revolucionario para dientes m\u00e1s blancos<\/strong><\/p>\n<p><strong>\u00a0<\/strong><\/p>\n<p><a href=\"https:\/\/blogs.hoy.es\/crea-tu-estilo-hoy\/2017\/03\/01\/la-biocosmetica-una-tendencia-al-alza-en-europa-2\/blanqueamiento-dental-3\/\" rel=\"attachment wp-att-123\"><img loading=\"lazy\" class=\"size-medium wp-image-123 aligncenter\" title=\"BLANQUEAMIENTO DENTAL 3\" src=\"\/crea-tu-estilo-hoy\/wp-content\/uploads\/sites\/58\/2017\/03\/BLANQUEAMIENTO-DENTAL-3.jpg\" alt=\"\" width=\"300\" height=\"200\" srcset=\"https:\/\/static-blogs.hoy.es\/wp-content\/uploads\/sites\/58\/2017\/03\/BLANQUEAMIENTO-DENTAL-3.jpg 1024w, https:\/\/static-blogs.hoy.es\/wp-content\/uploads\/sites\/58\/2017\/03\/BLANQUEAMIENTO-DENTAL-3-300x200.jpg 300w, https:\/\/static-blogs.hoy.es\/wp-content\/uploads\/sites\/58\/2017\/03\/BLANQUEAMIENTO-DENTAL-3-768x512.jpg 768w\" sizes=\"(max-width: 300px) 100vw, 300px\" \/><\/a><\/p>\n<p>&nbsp;<\/p>\n<p>Las t\u00e9cnicas de blanqueamiento dental son cada d\u00eda m\u00e1s innovadoras y efectivas. Este tratamiento de la empresa alemana \u201cPearlsmile\u201d consigue resultados desde los primeros 21 minutos sin sentir ning\u00fan tipo de dolor. Durante el proceso, el pigmento que caus\u00f3 la decoloraci\u00f3n del esmalte se neutraliza. La empresa garantiza que puede repetirse tantas veces como se desee ya que no da\u00f1a en absoluto el diente. Hay incluso quien se lo hace antes de un evento, ya sea una boda, una sesi\u00f3n de fotos o una cita importante.<\/p>\n<p><strong>Infiltraciones de \u00e1cido hialur\u00f3nico por m\u00e9todos de presi\u00f3n<\/strong><\/p>\n<p>Para aquellos que tengan miedo a las agujas este m\u00e9todo podr\u00eda ser la soluci\u00f3n. El \u00e1cido hialur\u00f3nico ya puede ser introducido en nuestra piel a trav\u00e9s de una t\u00e9cnica innovadora de presi\u00f3n. As\u00ed, en cada sesi\u00f3n observaremos como se incrementa de manera casi instant\u00e1nea la hidrataci\u00f3n y firmeza de la piel.<\/p>\n<p>&nbsp;<\/p>\n<p align=\"center\"><a href=\"https:\/\/blogs.hoy.es\/crea-tu-estilo-hoy\/2017\/03\/01\/la-biocosmetica-una-tendencia-al-alza-en-europa-2\/a%cc%81cido-hialuro%cc%81nico-por-presio%cc%81n-2\/\" rel=\"attachment wp-att-124\"><img loading=\"lazy\" class=\"size-medium wp-image-124 alignnone\" title=\"A\u0301CIDO HIALURO\u0301NICO POR PRESIO\u0301N 2\" src=\"\/crea-tu-estilo-hoy\/wp-content\/uploads\/sites\/58\/2017\/03\/A\u0301CIDO-HIALURO\u0301NICO-POR-PRESIO\u0301N-2.jpg\" alt=\"\" width=\"300\" height=\"199\" srcset=\"https:\/\/static-blogs.hoy.es\/wp-content\/uploads\/sites\/58\/2017\/03\/A\u0301CIDO-HIALURO\u0301NICO-POR-PRESIO\u0301N-2.jpg 1280w, https:\/\/static-blogs.hoy.es\/wp-content\/uploads\/sites\/58\/2017\/03\/A\u0301CIDO-HIALURO\u0301NICO-POR-PRESIO\u0301N-2-300x200.jpg 300w, https:\/\/static-blogs.hoy.es\/wp-content\/uploads\/sites\/58\/2017\/03\/A\u0301CIDO-HIALURO\u0301NICO-POR-PRESIO\u0301N-2-768x512.jpg 768w, https:\/\/static-blogs.hoy.es\/wp-content\/uploads\/sites\/58\/2017\/03\/A\u0301CIDO-HIALURO\u0301NICO-POR-PRESIO\u0301N-2-1024x682.jpg 1024w\" sizes=\"(max-width: 300px) 100vw, 300px\" \/><\/a><\/p>\n<p>&nbsp;<\/p>\n<p><strong>Peeling de rejuvenecimiento para el contorno de ojos<\/strong><\/p>\n<p>Los m\u00e9todos cosm\u00e9ticos empiezan a simplificarse hasta el punto que una puede encontrarse un tratamiento de peeling de ojos en un congreso de belleza. A trav\u00e9s de una t\u00e9cnica de peque\u00f1os quemazones se consigue reducir arrugas, bolsas y ojeras, adem\u00e1s de lucir una piel m\u00e1s tonificada.<\/p>\n<p>&nbsp;<\/p>\n<p><a href=\"https:\/\/blogs.hoy.es\/crea-tu-estilo-hoy\/2017\/03\/01\/la-biocosmetica-una-tendencia-al-alza-en-europa-2\/peeling-contorno-de-ojos-2\/\" rel=\"attachment wp-att-125\"><img loading=\"lazy\" class=\"size-medium wp-image-125 alignleft\" title=\"PEELING CONTORNO DE OJOS 2\" src=\"\/crea-tu-estilo-hoy\/wp-content\/uploads\/sites\/58\/2017\/03\/PEELING-CONTORNO-DE-OJOS-2.jpg\" alt=\"\" width=\"300\" height=\"199\" srcset=\"https:\/\/static-blogs.hoy.es\/wp-content\/uploads\/sites\/58\/2017\/03\/PEELING-CONTORNO-DE-OJOS-2.jpg 1280w, https:\/\/static-blogs.hoy.es\/wp-content\/uploads\/sites\/58\/2017\/03\/PEELING-CONTORNO-DE-OJOS-2-300x200.jpg 300w, https:\/\/static-blogs.hoy.es\/wp-content\/uploads\/sites\/58\/2017\/03\/PEELING-CONTORNO-DE-OJOS-2-768x512.jpg 768w, https:\/\/static-blogs.hoy.es\/wp-content\/uploads\/sites\/58\/2017\/03\/PEELING-CONTORNO-DE-OJOS-2-1024x682.jpg 1024w\" sizes=\"(max-width: 300px) 100vw, 300px\" \/><\/a><\/p>\n<p align=\"center\">\n<p align=\"center\">\n<p align=\"center\">\n<p align=\"center\">\n<p align=\"center\">\n<p align=\"center\">\n<p align=\"center\">\n<p align=\"center\">\n<p align=\"center\">\n<p align=\"center\">\n<p align=\"center\">\n<p align=\"center\">\n<p align=\"center\">\n<p align=\"center\">\n<p align=\"center\">\n<p><strong>Make up shows<\/strong><\/p>\n<p>A contrarreloj, as\u00ed demostraron su talento grandes profesionales del maquillaje para mostrar al p\u00fablico los tonos que marcar\u00e1n tendencia esta temporada. Los burdeos regresan con fuerza acompa\u00f1ados de los met\u00e1licos en tonos bronce, plateados y dorados. Los nude, terracota, marrones y anaranjados se convierten en un must del oto\u00f1o-invierno.<\/p>\n<p>&nbsp;<\/p>\n<p><a href=\"https:\/\/blogs.hoy.es\/crea-tu-estilo-hoy\/2017\/03\/01\/la-biocosmetica-una-tendencia-al-alza-en-europa-2\/maquillaje-a-contrarreloj\/\" rel=\"attachment wp-att-126\"><img loading=\"lazy\" class=\"alignnone size-medium wp-image-126\" title=\"MAQUILLAJE A CONTRARRELOJ\" src=\"\/crea-tu-estilo-hoy\/wp-content\/uploads\/sites\/58\/2017\/03\/MAQUILLAJE-A-CONTRARRELOJ.jpg\" alt=\"\" width=\"300\" height=\"199\" srcset=\"https:\/\/static-blogs.hoy.es\/wp-content\/uploads\/sites\/58\/2017\/03\/MAQUILLAJE-A-CONTRARRELOJ.jpg 1280w, https:\/\/static-blogs.hoy.es\/wp-content\/uploads\/sites\/58\/2017\/03\/MAQUILLAJE-A-CONTRARRELOJ-300x200.jpg 300w, https:\/\/static-blogs.hoy.es\/wp-content\/uploads\/sites\/58\/2017\/03\/MAQUILLAJE-A-CONTRARRELOJ-768x512.jpg 768w, https:\/\/static-blogs.hoy.es\/wp-content\/uploads\/sites\/58\/2017\/03\/MAQUILLAJE-A-CONTRARRELOJ-1024x682.jpg 1024w\" sizes=\"(max-width: 300px) 100vw, 300px\" \/><\/a>\u00a0 \u00a0<a href=\"https:\/\/blogs.hoy.es\/crea-tu-estilo-hoy\/2017\/03\/01\/la-biocosmetica-una-tendencia-al-alza-en-europa-2\/make-up-shows-3\/\" rel=\"attachment wp-att-127\"><img loading=\"lazy\" class=\"alignright size-medium wp-image-127\" title=\"MAKE UP SHOWS 3\" src=\"\/crea-tu-estilo-hoy\/wp-content\/uploads\/sites\/58\/2017\/03\/MAKE-UP-SHOWS-3.jpg\" alt=\"\" width=\"300\" height=\"199\" srcset=\"https:\/\/static-blogs.hoy.es\/wp-content\/uploads\/sites\/58\/2017\/03\/MAKE-UP-SHOWS-3.jpg 1280w, https:\/\/static-blogs.hoy.es\/wp-content\/uploads\/sites\/58\/2017\/03\/MAKE-UP-SHOWS-3-300x200.jpg 300w, https:\/\/static-blogs.hoy.es\/wp-content\/uploads\/sites\/58\/2017\/03\/MAKE-UP-SHOWS-3-768x512.jpg 768w, https:\/\/static-blogs.hoy.es\/wp-content\/uploads\/sites\/58\/2017\/03\/MAKE-UP-SHOWS-3-1024x682.jpg 1024w\" sizes=\"(max-width: 300px) 100vw, 300px\" \/><\/a><\/p>\n<p>&nbsp;<\/p>\n<p align=\"center\">\n<p>\u00a0<a href=\"https:\/\/blogs.hoy.es\/crea-tu-estilo-hoy\/2017\/03\/01\/la-biocosmetica-una-tendencia-al-alza-en-europa-2\/maquillajes-tendencia-6\/\" rel=\"attachment wp-att-128\"><img loading=\"lazy\" class=\"alignnone size-medium wp-image-128\" title=\"MAQUILLAJES TENDENCIA 6\" src=\"\/crea-tu-estilo-hoy\/wp-content\/uploads\/sites\/58\/2017\/03\/MAQUILLAJES-TENDENCIA-6.jpg\" alt=\"\" width=\"300\" height=\"199\" srcset=\"https:\/\/static-blogs.hoy.es\/wp-content\/uploads\/sites\/58\/2017\/03\/MAQUILLAJES-TENDENCIA-6.jpg 1280w, https:\/\/static-blogs.hoy.es\/wp-content\/uploads\/sites\/58\/2017\/03\/MAQUILLAJES-TENDENCIA-6-300x200.jpg 300w, https:\/\/static-blogs.hoy.es\/wp-content\/uploads\/sites\/58\/2017\/03\/MAQUILLAJES-TENDENCIA-6-768x512.jpg 768w, https:\/\/static-blogs.hoy.es\/wp-content\/uploads\/sites\/58\/2017\/03\/MAQUILLAJES-TENDENCIA-6-1024x682.jpg 1024w\" sizes=\"(max-width: 300px) 100vw, 300px\" \/><\/a>\u00a0 \u00a0\u00a0<a href=\"https:\/\/blogs.hoy.es\/crea-tu-estilo-hoy\/2017\/03\/01\/la-biocosmetica-una-tendencia-al-alza-en-europa-2\/make-up-shows-2\/\" rel=\"attachment wp-att-129\"><img loading=\"lazy\" class=\"alignright size-medium wp-image-129\" title=\"MAKE UP SHOWS 2\" src=\"\/crea-tu-estilo-hoy\/wp-content\/uploads\/sites\/58\/2017\/03\/MAKE-UP-SHOWS-2.jpg\" alt=\"\" width=\"300\" height=\"199\" srcset=\"https:\/\/static-blogs.hoy.es\/wp-content\/uploads\/sites\/58\/2017\/03\/MAKE-UP-SHOWS-2.jpg 1280w, https:\/\/static-blogs.hoy.es\/wp-content\/uploads\/sites\/58\/2017\/03\/MAKE-UP-SHOWS-2-300x200.jpg 300w, https:\/\/static-blogs.hoy.es\/wp-content\/uploads\/sites\/58\/2017\/03\/MAKE-UP-SHOWS-2-768x512.jpg 768w, https:\/\/static-blogs.hoy.es\/wp-content\/uploads\/sites\/58\/2017\/03\/MAKE-UP-SHOWS-2-1024x682.jpg 1024w\" sizes=\"(max-width: 300px) 100vw, 300px\" \/><\/a><\/p>\n<p>&nbsp;<\/p>\n<p>Los asistentes tambi\u00e9n pudieron disfrutar de maquillajes de fantas\u00eda de las distintas estaciones del a\u00f1o con los colores protagonistas.<\/p>\n<p>&nbsp;<\/p>\n<p>&nbsp;<\/p>\n<p><a href=\"https:\/\/blogs.hoy.es\/crea-tu-estilo-hoy\/2017\/03\/01\/la-biocosmetica-una-tendencia-al-alza-en-europa-2\/maquillaje-fantasi%cc%81a-tonos-temporada\/\" rel=\"attachment wp-att-130\"><img loading=\"lazy\" class=\"alignnone size-medium wp-image-130\" title=\"MAQUILLAJE FANTASI\u0301A TONOS TEMPORADA\" src=\"\/crea-tu-estilo-hoy\/wp-content\/uploads\/sites\/58\/2017\/03\/MAQUILLAJE-FANTASI\u0301A-TONOS-TEMPORADA.jpg\" alt=\"\" width=\"300\" height=\"199\" srcset=\"https:\/\/static-blogs.hoy.es\/wp-content\/uploads\/sites\/58\/2017\/03\/MAQUILLAJE-FANTASI\u0301A-TONOS-TEMPORADA.jpg 1280w, https:\/\/static-blogs.hoy.es\/wp-content\/uploads\/sites\/58\/2017\/03\/MAQUILLAJE-FANTASI\u0301A-TONOS-TEMPORADA-300x200.jpg 300w, https:\/\/static-blogs.hoy.es\/wp-content\/uploads\/sites\/58\/2017\/03\/MAQUILLAJE-FANTASI\u0301A-TONOS-TEMPORADA-768x512.jpg 768w, https:\/\/static-blogs.hoy.es\/wp-content\/uploads\/sites\/58\/2017\/03\/MAQUILLAJE-FANTASI\u0301A-TONOS-TEMPORADA-1024x682.jpg 1024w\" sizes=\"(max-width: 300px) 100vw, 300px\" \/><\/a>\u00a0<a href=\"https:\/\/blogs.hoy.es\/crea-tu-estilo-hoy\/2017\/03\/01\/la-biocosmetica-una-tendencia-al-alza-en-europa-2\/maquillaje-fantasi%cc%81a-tonos-oton%cc%83o\/\" rel=\"attachment wp-att-131\"><img loading=\"lazy\" class=\"alignright size-medium wp-image-131\" title=\"MAQUILLAJE FANTASI\u0301A TONOS OTON\u0303O\" src=\"\/crea-tu-estilo-hoy\/wp-content\/uploads\/sites\/58\/2017\/03\/MAQUILLAJE-FANTASI\u0301A-TONOS-OTON\u0303O.jpg\" alt=\"\" width=\"300\" height=\"199\" srcset=\"https:\/\/static-blogs.hoy.es\/wp-content\/uploads\/sites\/58\/2017\/03\/MAQUILLAJE-FANTASI\u0301A-TONOS-OTON\u0303O.jpg 1280w, https:\/\/static-blogs.hoy.es\/wp-content\/uploads\/sites\/58\/2017\/03\/MAQUILLAJE-FANTASI\u0301A-TONOS-OTON\u0303O-300x200.jpg 300w, https:\/\/static-blogs.hoy.es\/wp-content\/uploads\/sites\/58\/2017\/03\/MAQUILLAJE-FANTASI\u0301A-TONOS-OTON\u0303O-768x512.jpg 768w, https:\/\/static-blogs.hoy.es\/wp-content\/uploads\/sites\/58\/2017\/03\/MAQUILLAJE-FANTASI\u0301A-TONOS-OTON\u0303O-1024x682.jpg 1024w\" sizes=\"(max-width: 300px) 100vw, 300px\" \/><\/a><\/p>\n<p>&nbsp;<\/p>\n<p>&nbsp;<\/p>\n<p>&nbsp;<\/p>\n<p>&nbsp;<\/p>\n<p>&nbsp;<\/p>\n<p>&nbsp;<\/p>\n<p>&nbsp;<\/p>\n<p><strong>ART NAIL<\/strong><\/p>\n<p>El mundo de las u\u00f1as se est\u00e1 convirtiendo en arte puro. Se impone el estilo minimalista, tonos met\u00e1licos con mucho brillo y efecto espejo. Para los meses m\u00e1s fr\u00edos tambi\u00e9n destacan rojo, berenjena, burdeos y negro. Mientras, que con la llegada del calor vuelven los m\u00e1s luminosos turquesas y amarillos.\u00a0 Las m\u00e1s atrevidas optan por medidas extralargas en forma de punta afilada.<\/p>\n<p>&nbsp;<\/p>\n<p><a href=\"https:\/\/blogs.hoy.es\/crea-tu-estilo-hoy\/2017\/03\/01\/la-biocosmetica-una-tendencia-al-alza-en-europa-2\/un%cc%83as-extralargas-4\/\" rel=\"attachment wp-att-132\"><img loading=\"lazy\" class=\"alignnone size-medium wp-image-132\" title=\"UN\u0303AS EXTRALARGAS 4\" src=\"\/crea-tu-estilo-hoy\/wp-content\/uploads\/sites\/58\/2017\/03\/UN\u0303AS-EXTRALARGAS-4.jpg\" alt=\"\" width=\"300\" height=\"199\" srcset=\"https:\/\/static-blogs.hoy.es\/wp-content\/uploads\/sites\/58\/2017\/03\/UN\u0303AS-EXTRALARGAS-4.jpg 1280w, https:\/\/static-blogs.hoy.es\/wp-content\/uploads\/sites\/58\/2017\/03\/UN\u0303AS-EXTRALARGAS-4-300x200.jpg 300w, https:\/\/static-blogs.hoy.es\/wp-content\/uploads\/sites\/58\/2017\/03\/UN\u0303AS-EXTRALARGAS-4-768x512.jpg 768w, https:\/\/static-blogs.hoy.es\/wp-content\/uploads\/sites\/58\/2017\/03\/UN\u0303AS-EXTRALARGAS-4-1024x682.jpg 1024w\" sizes=\"(max-width: 300px) 100vw, 300px\" \/><\/a>\u00a0 \u00a0 \u00a0<a href=\"https:\/\/blogs.hoy.es\/crea-tu-estilo-hoy\/2017\/03\/01\/la-biocosmetica-una-tendencia-al-alza-en-europa-2\/un%cc%83as-extralargas\/\" rel=\"attachment wp-att-133\"><img loading=\"lazy\" class=\"alignright size-medium wp-image-133\" title=\"UN\u0303AS EXTRALARGAS\" src=\"\/crea-tu-estilo-hoy\/wp-content\/uploads\/sites\/58\/2017\/03\/UN\u0303AS-EXTRALARGAS.jpg\" alt=\"\" width=\"300\" height=\"199\" \/><\/a><\/p>\n<p>&nbsp;<\/p>\n<p>&nbsp;<\/p>\n<p><a href=\"https:\/\/blogs.hoy.es\/crea-tu-estilo-hoy\/2017\/03\/01\/la-biocosmetica-una-tendencia-al-alza-en-europa-2\/tendencia-tonos-un%cc%83as\/\" rel=\"attachment wp-att-134\"><img loading=\"lazy\" class=\"alignnone size-medium wp-image-134\" title=\"TENDENCIA TONOS UN\u0303AS\" src=\"\/crea-tu-estilo-hoy\/wp-content\/uploads\/sites\/58\/2017\/03\/TENDENCIA-TONOS-UN\u0303AS.jpg\" alt=\"\" width=\"300\" height=\"199\" \/><\/a>\u00a0 \u00a0 \u00a0<a href=\"https:\/\/blogs.hoy.es\/crea-tu-estilo-hoy\/2017\/03\/01\/la-biocosmetica-una-tendencia-al-alza-en-europa-2\/tendencia-tonos-un%cc%83as-2\/\" rel=\"attachment wp-att-135\"><img loading=\"lazy\" class=\"alignright size-medium wp-image-135\" title=\"TENDENCIA TONOS UN\u0303AS 2\" src=\"\/crea-tu-estilo-hoy\/wp-content\/uploads\/sites\/58\/2017\/03\/TENDENCIA-TONOS-UN\u0303AS-2.jpg\" alt=\"\" width=\"300\" height=\"199\" \/><\/a><\/p>\n<p>&nbsp;<\/p>\n<p>&nbsp;<\/p>\n<p>&nbsp;<\/p>\n<p>&nbsp;<\/p>\n<p>&nbsp;<\/p>\n<p>&nbsp;<\/p>\n<p>&nbsp;<\/p>\n<p>&nbsp;<\/p>\n<p>&nbsp;<\/p>\n<p>&nbsp;<\/p>\n<p>Para finalizar nos sumergimos en un jacuzzi spa con una copa de champagne \u00bfte apuntas? \u00a0Vamos all\u00e1!!!!<\/p>\n<p>&nbsp;<\/p>\n<p>&nbsp;<\/p>\n<p>&nbsp;<\/p>\n<p><a href=\"https:\/\/blogs.hoy.es\/crea-tu-estilo-hoy\/2017\/03\/01\/la-biocosmetica-una-tendencia-al-alza-en-europa-2\/jacuzzi\/\" rel=\"attachment wp-att-136\"><img loading=\"lazy\" class=\"aligncenter size-medium wp-image-136\" title=\"JACUZZI\" src=\"\/crea-tu-estilo-hoy\/wp-content\/uploads\/sites\/58\/2017\/03\/JACUZZI.jpg\" alt=\"\" width=\"300\" height=\"199\" \/><\/a>&nbsp;<\/p>\n<p>&nbsp;<\/p>\n<p>&nbsp;<\/p>\n<p>&nbsp;<\/p>\n<p>&nbsp;<\/p>\n<p>&nbsp;<\/p>\n<p>&nbsp;<\/p>\n<p>&nbsp;<\/p>\n<p>&nbsp;<\/p>\n<p>&nbsp;<\/p>\n<p>&nbsp;<\/p>\n<p><a href=\"https:\/\/blogs.hoy.es\/crea-tu-estilo-hoy\/2017\/03\/01\/la-biocosmetica-una-tendencia-al-alza-en-europa-2\/portada-feria\/\" rel=\"attachment wp-att-137\"><img loading=\"lazy\" class=\"size-medium wp-image-137 aligncenter\" title=\"PORTADA FERIA\" src=\"\/crea-tu-estilo-hoy\/wp-content\/uploads\/sites\/58\/2017\/03\/PORTADA-FERIA.jpg\" alt=\"\" width=\"300\" height=\"199\" \/><\/a><\/p>\n<p>&nbsp;<\/p>\n<p style=\"text-align: center;\">MESSE BERLIN<\/p>\n<p>&nbsp;<\/p>\n<p>&nbsp;<\/p>\n<\/div>\n<!-- AddThis Advanced Settings generic via filter on the_content --><!-- AddThis Share Buttons generic via filter on the_content -->","protected":false},"excerpt":{"rendered":"<p>\u00a0 &nbsp; La preocupaci\u00f3n por el medio ambiente llega tambi\u00e9n al mundo de la belleza. (Texto y Fotograf\u00eda: Gema Correa Cruz) La reciente Feria\u00a0 Internacional de Cosm\u00e9tica de Berl\u00edn, una de las m\u00e1s importantes que se celebran en Europa, demuestra que la Biocosm\u00e9tica llega pisando fuerte. Se impone potenciar la salud de la piel a [&hellip;]<!-- AddThis Advanced Settings generic via filter on get_the_excerpt --><!-- AddThis Share Buttons generic via filter on get_the_excerpt --><\/p>\n","protected":false},"author":63,"featured_media":0,"comment_status":"closed","ping_status":"closed","sticky":false,"template":"","format":"standard","meta":[],"categories":[3],"tags":[],"_links":{"self":[{"href":"https:\/\/blogs.hoy.es\/crea-tu-estilo-hoy\/wp-json\/wp\/v2\/posts\/112"}],"collection":[{"href":"https:\/\/blogs.hoy.es\/crea-tu-estilo-hoy\/wp-json\/wp\/v2\/posts"}],"about":[{"href":"https:\/\/blogs.hoy.es\/crea-tu-estilo-hoy\/wp-json\/wp\/v2\/types\/post"}],"author":[{"embeddable":true,"href":"https:\/\/blogs.hoy.es\/crea-tu-estilo-hoy\/wp-json\/wp\/v2\/users\/63"}],"replies":[{"embeddable":true,"href":"https:\/\/blogs.hoy.es\/crea-tu-estilo-hoy\/wp-json\/wp\/v2\/comments?post=112"}],"version-history":[{"count":0,"href":"https:\/\/blogs.hoy.es\/crea-tu-estilo-hoy\/wp-json\/wp\/v2\/posts\/112\/revisions"}],"wp:attachment":[{"href":"https:\/\/blogs.hoy.es\/crea-tu-estilo-hoy\/wp-json\/wp\/v2\/media?parent=112"}],"wp:term":[{"taxonomy":"category","embeddable":true,"href":"https:\/\/blogs.hoy.es\/crea-tu-estilo-hoy\/wp-json\/wp\/v2\/categories?post=112"},{"taxonomy":"post_tag","embeddable":true,"href":"https:\/\/blogs.hoy.es\/crea-tu-estilo-hoy\/wp-json\/wp\/v2\/tags?post=112"}],"curies":[{"name":"wp","href":"https:\/\/api.w.org\/{rel}","templated":true}]}}