{"id":24,"date":"2012-11-14T07:58:27","date_gmt":"2012-11-14T07:58:27","guid":{"rendered":"http:\/\/blogs.hoy.es\/crea-tu-estilo-hoy\/?p=24"},"modified":"2012-11-14T07:58:27","modified_gmt":"2012-11-14T07:58:27","slug":"tocados-con-estilo-extremeno","status":"publish","type":"post","link":"https:\/\/blogs.hoy.es\/crea-tu-estilo-hoy\/2012\/11\/14\/tocados-con-estilo-extremeno\/","title":{"rendered":"La artesan\u00eda del tocado"},"content":{"rendered":"<p>Hoy os presento una gran variedad de tocados de la dise\u00f1adora M\u00aa Jos\u00e9 de la Torre (Monamon\u00edssima). Pronto llegar\u00e1n las fiestas navide\u00f1as, unas fechas en las que se amontonan los acontecimientos y el tocado es una opci\u00f3n estupenda para lucir en cualquier ocasi\u00f3n. As\u00ed, encontramos modelos de escaso volumen perfectos para comidas. Son de inspiraci\u00f3n rom\u00e1ntica y est\u00e1n adornados con camafeos, flores, cintas de terciopelo y encaje. Destacamos dos de sus dise\u00f1os m\u00e1s originales; \u201cZarza Mora\u201d base de l\u00e1grima con plumas naturales de avestruz, pato y fais\u00e1n que rematan en unas divertidas moras y el modelo \u201cJerte\u201d en el que destacan sus plumas de oca rizadas y las cerezas t\u00edpicas de esta zona extreme\u00f1a. Hay otro tipo de tocados reservados para las noches o para acontecimientos m\u00e1s especiales, como pueden ser las bodas, son de varios vol\u00famenes, tipo casquete, recordando al oto\u00f1o vintage y algo retro. Predominan las plumas naturales de gran tama\u00f1o, aderezadas con tules y encajes que rematan en cristales. <\/p>\n<p><object id=\"flashObj\" width=\"640\" height=\"360\" classid=\"clsid:D27CDB6E-AE6D-11cf-96B8-444553540000\" codebase=\"http:\/\/download.macromedia.com\/pub\/shockwave\/cabs\/flash\/swflash.cab#version=9,0,47,0\"><param name=\"movie\" value=\"http:\/\/c.brightcove.com\/services\/viewer\/federated_f9?isVid=1&#038;isUI=1\" \/><param name=\"bgcolor\" value=\"#FFFFFF\" \/><param name=\"flashVars\" value=\"@videoPlayer=1947369234001&#038;playerID=309010012001&#038;playerKey=AQ~~,AAAAE_Nrnlk~,nvezczbcIbFKkdWFPX_8YwXJCUFbI5Xb&#038;domain=embed&#038;dynamicStreaming=true\" \/><param name=\"base\" value=\"http:\/\/admin.brightcove.com\" \/><param name=\"seamlesstabbing\" value=\"false\" \/><param name=\"allowFullScreen\" value=\"true\" \/><param name=\"swLiveConnect\" value=\"true\" \/><param name=\"allowScriptAccess\" value=\"always\" \/><embed src=\"\/\/c.brightcove.com\/services\/viewer\/federated_f9?isVid=1&#038;isUI=1\" bgcolor=\"#FFFFFF\" flashVars=\"@videoPlayer=1947369234001&#038;playerID=309010012001&#038;playerKey=AQ~~,AAAAE_Nrnlk~,nvezczbcIbFKkdWFPX_8YwXJCUFbI5Xb&#038;domain=embed&#038;dynamicStreaming=true\" base=\"http:\/\/admin.brightcove.com\" name=\"flashObj\" width=\"640\" height=\"360\" seamlesstabbing=\"false\" type=\"application\/x-shockwave-flash\" allowFullScreen=\"true\" allowScriptAccess=\"always\" swLiveConnect=\"true\" pluginspage=\"http:\/\/www.macromedia.com\/shockwave\/download\/index.cgi?P1_Prod_Version=ShockwaveFlash\"><\/embed><\/object><\/p>\n<!-- AddThis Advanced Settings generic via filter on the_content --><!-- AddThis Share Buttons generic via filter on the_content -->","protected":false},"excerpt":{"rendered":"<p>Hoy os presento una gran variedad de tocados de la dise\u00f1adora M\u00aa Jos\u00e9 de la Torre (Monamon\u00edssima). Pronto llegar\u00e1n las fiestas navide\u00f1as, unas fechas en las que se amontonan los acontecimientos y el tocado es una opci\u00f3n estupenda para lucir en cualquier ocasi\u00f3n. As\u00ed, encontramos modelos de escaso volumen perfectos para comidas. Son de inspiraci\u00f3n [&hellip;]<!-- AddThis Advanced Settings generic via filter on get_the_excerpt --><!-- AddThis Share Buttons generic via filter on get_the_excerpt --><\/p>\n","protected":false},"author":3,"featured_media":0,"comment_status":"open","ping_status":"closed","sticky":false,"template":"","format":"standard","meta":[],"categories":[4],"tags":[],"_links":{"self":[{"href":"https:\/\/blogs.hoy.es\/crea-tu-estilo-hoy\/wp-json\/wp\/v2\/posts\/24"}],"collection":[{"href":"https:\/\/blogs.hoy.es\/crea-tu-estilo-hoy\/wp-json\/wp\/v2\/posts"}],"about":[{"href":"https:\/\/blogs.hoy.es\/crea-tu-estilo-hoy\/wp-json\/wp\/v2\/types\/post"}],"author":[{"embeddable":true,"href":"https:\/\/blogs.hoy.es\/crea-tu-estilo-hoy\/wp-json\/wp\/v2\/users\/3"}],"replies":[{"embeddable":true,"href":"https:\/\/blogs.hoy.es\/crea-tu-estilo-hoy\/wp-json\/wp\/v2\/comments?post=24"}],"version-history":[{"count":0,"href":"https:\/\/blogs.hoy.es\/crea-tu-estilo-hoy\/wp-json\/wp\/v2\/posts\/24\/revisions"}],"wp:attachment":[{"href":"https:\/\/blogs.hoy.es\/crea-tu-estilo-hoy\/wp-json\/wp\/v2\/media?parent=24"}],"wp:term":[{"taxonomy":"category","embeddable":true,"href":"https:\/\/blogs.hoy.es\/crea-tu-estilo-hoy\/wp-json\/wp\/v2\/categories?post=24"},{"taxonomy":"post_tag","embeddable":true,"href":"https:\/\/blogs.hoy.es\/crea-tu-estilo-hoy\/wp-json\/wp\/v2\/tags?post=24"}],"curies":[{"name":"wp","href":"https:\/\/api.w.org\/{rel}","templated":true}]}}