{"id":40,"date":"2013-03-01T22:38:42","date_gmt":"2013-03-01T22:38:42","guid":{"rendered":"http:\/\/blogs.hoy.es\/crea-tu-estilo-hoy\/?p=40"},"modified":"2013-03-01T22:38:42","modified_gmt":"2013-03-01T22:38:42","slug":"el-mundo-de-la-belleza-y-de-la-moda-se-da-cita-en-badajoz","status":"publish","type":"post","link":"https:\/\/blogs.hoy.es\/crea-tu-estilo-hoy\/2013\/03\/01\/el-mundo-de-la-belleza-y-de-la-moda-se-da-cita-en-badajoz\/","title":{"rendered":"El mundo de la belleza y de la moda se da cita en Badajoz"},"content":{"rendered":"<p>Durante cuatro d\u00edas el pabell\u00f3n de IFEBA abre sus puertas a la VI Feria de la Belleza, la Moda y la Salud. En ella podemos sumergirnos en un mundo de bienestar.<\/p>\n<p>&nbsp;<\/p>\n<p>Se presenta como una de las atracciones m\u00e1s seguidas los cortes de pelo y el maquillaje en directo. Este a\u00f1o ganan fuerza las extensiones y postizos.<\/p>\n<p><a href=\"\/crea-tu-estilo-hoy\/wp-content\/uploads\/sites\/58\"><img loading=\"lazy\" class=\"alignright size-medium wp-image-45\" title=\"2\" src=\"\/crea-tu-estilo-hoy\/wp-content\/uploads\/sites\/58\/2013\/03\/2.jpg\" alt=\"\" width=\"300\" height=\"225\" srcset=\"https:\/\/static-blogs.hoy.es\/wp-content\/uploads\/sites\/58\/2013\/03\/2.jpg 3264w, https:\/\/static-blogs.hoy.es\/wp-content\/uploads\/sites\/58\/2013\/03\/2-300x225.jpg 300w, https:\/\/static-blogs.hoy.es\/wp-content\/uploads\/sites\/58\/2013\/03\/2-768x576.jpg 768w, https:\/\/static-blogs.hoy.es\/wp-content\/uploads\/sites\/58\/2013\/03\/2-1024x768.jpg 1024w\" sizes=\"(max-width: 300px) 100vw, 300px\" \/><\/a><a href=\"\/crea-tu-estilo-hoy\/wp-content\/uploads\/sites\/58\"><img loading=\"lazy\" class=\"alignleft size-medium wp-image-44\" title=\"1\" src=\"\/crea-tu-estilo-hoy\/wp-content\/uploads\/sites\/58\/2013\/03\/1.jpg\" alt=\"\" width=\"300\" height=\"225\" srcset=\"https:\/\/static-blogs.hoy.es\/wp-content\/uploads\/sites\/58\/2013\/03\/1.jpg 3264w, https:\/\/static-blogs.hoy.es\/wp-content\/uploads\/sites\/58\/2013\/03\/1-300x225.jpg 300w, https:\/\/static-blogs.hoy.es\/wp-content\/uploads\/sites\/58\/2013\/03\/1-768x576.jpg 768w, https:\/\/static-blogs.hoy.es\/wp-content\/uploads\/sites\/58\/2013\/03\/1-1024x768.jpg 1024w\" sizes=\"(max-width: 300px) 100vw, 300px\" \/><\/a><\/p>\n<p>&nbsp;<\/p>\n<p>&nbsp;<\/p>\n<p>&nbsp;<\/p>\n<p>&nbsp;<\/p>\n<p>&nbsp;<\/p>\n<p>&nbsp;<\/p>\n<p>&nbsp;<\/p>\n<p>&nbsp;<\/p>\n<p>Tambi\u00e9n encontramos body painting<\/p>\n<p><strong><span style=\"text-decoration: underline;\"><a href=\"\/crea-tu-estilo-hoy\/wp-content\/uploads\/sites\/58\"><img loading=\"lazy\" class=\"aligncenter size-medium wp-image-46\" title=\"3\" src=\"\/crea-tu-estilo-hoy\/wp-content\/uploads\/sites\/58\/2013\/03\/3.jpg\" alt=\"\" width=\"300\" height=\"225\" srcset=\"https:\/\/static-blogs.hoy.es\/wp-content\/uploads\/sites\/58\/2013\/03\/3.jpg 3264w, https:\/\/static-blogs.hoy.es\/wp-content\/uploads\/sites\/58\/2013\/03\/3-300x225.jpg 300w, https:\/\/static-blogs.hoy.es\/wp-content\/uploads\/sites\/58\/2013\/03\/3-768x576.jpg 768w, https:\/\/static-blogs.hoy.es\/wp-content\/uploads\/sites\/58\/2013\/03\/3-1024x768.jpg 1024w\" sizes=\"(max-width: 300px) 100vw, 300px\" \/><\/a><\/span><\/strong><\/p>\n<p><strong><span style=\"text-decoration: underline;\"><br \/>\n<\/span><\/strong><\/p>\n<p>La cosm\u00e9tica natural, el estudio de la piel y zapatos de ensue\u00f1o son algunas de las novedades que nos brinda.<\/p>\n<p>Encontramos tratamientos corporales y faciales de lo m\u00e1s novedosos. Si alguien est\u00e1 interesado en saber c\u00f3mo es su piel y c\u00f3mo cuidarla las profesionales del stand de Mary Key se ponen a trabajar\u00a0 para conseguir un cutis de ensue\u00f1o.<\/p>\n<p style=\"text-align: center;\"><strong>\u00a0<a href=\"\/crea-tu-estilo-hoy\/wp-content\/uploads\/sites\/58\"><img loading=\"lazy\" class=\"size-medium wp-image-47 aligncenter\" title=\"4\" src=\"\/crea-tu-estilo-hoy\/wp-content\/uploads\/sites\/58\/2013\/03\/4.jpg\" alt=\"\" width=\"300\" height=\"224\" srcset=\"https:\/\/static-blogs.hoy.es\/wp-content\/uploads\/sites\/58\/2013\/03\/4.jpg 2592w, https:\/\/static-blogs.hoy.es\/wp-content\/uploads\/sites\/58\/2013\/03\/4-300x224.jpg 300w, https:\/\/static-blogs.hoy.es\/wp-content\/uploads\/sites\/58\/2013\/03\/4-768x574.jpg 768w, https:\/\/static-blogs.hoy.es\/wp-content\/uploads\/sites\/58\/2013\/03\/4-1024x765.jpg 1024w\" sizes=\"(max-width: 300px) 100vw, 300px\" \/><\/a><\/strong><\/p>\n<p>Tambi\u00e9n gana fuerza la cosm\u00e9tica natural; crema de manos con esencia de mora, vainilla y coco que recuerdan los olores de las frutas tropicales. Relajantes corporales, exfoliantes, aceites\u2026toda una gama de productos preparados para empezar a cuidar la piel de cara al buen tiempo.<\/p>\n<p><strong>\u00a0<\/strong><\/p>\n<p><strong><span style=\"text-decoration: underline;\"><a href=\"\/crea-tu-estilo-hoy\/wp-content\/uploads\/sites\/58\/2013\/03\/61.jpg\"><img loading=\"lazy\" class=\"aligncenter size-medium wp-image-49\" title=\"6\" src=\"\/crea-tu-estilo-hoy\/wp-content\/uploads\/sites\/58\/2013\/03\/61.jpg\" alt=\"\" width=\"300\" height=\"224\" srcset=\"https:\/\/static-blogs.hoy.es\/wp-content\/uploads\/sites\/58\/2013\/03\/61.jpg 2592w, https:\/\/static-blogs.hoy.es\/wp-content\/uploads\/sites\/58\/2013\/03\/61-300x224.jpg 300w, https:\/\/static-blogs.hoy.es\/wp-content\/uploads\/sites\/58\/2013\/03\/61-768x574.jpg 768w, https:\/\/static-blogs.hoy.es\/wp-content\/uploads\/sites\/58\/2013\/03\/61-1024x765.jpg 1024w\" sizes=\"(max-width: 300px) 100vw, 300px\" \/><\/a> <\/span><\/strong><\/p>\n<p>Y\u2026si alguien quiere sentirse modelo por un d\u00eda, no hay nada como posar delante del fotocall, \u00a1miren que guapas est\u00e1n estas chicas!<\/p>\n<p><a href=\"\/crea-tu-estilo-hoy\/wp-content\/uploads\/sites\/58\"><img loading=\"lazy\" class=\"aligncenter size-medium wp-image-50\" title=\"7\" src=\"\/crea-tu-estilo-hoy\/wp-content\/uploads\/sites\/58\/2013\/03\/7.jpg\" alt=\"\" width=\"300\" height=\"225\" srcset=\"https:\/\/static-blogs.hoy.es\/wp-content\/uploads\/sites\/58\/2013\/03\/7.jpg 3264w, https:\/\/static-blogs.hoy.es\/wp-content\/uploads\/sites\/58\/2013\/03\/7-300x225.jpg 300w, https:\/\/static-blogs.hoy.es\/wp-content\/uploads\/sites\/58\/2013\/03\/7-768x576.jpg 768w, https:\/\/static-blogs.hoy.es\/wp-content\/uploads\/sites\/58\/2013\/03\/7-1024x768.jpg 1024w\" sizes=\"(max-width: 300px) 100vw, 300px\" \/><\/a><\/p>\n<p>Tambi\u00e9n, pas\u00f3 por all\u00ed el alcalde de Badajoz, Miguel Celdr\u00e1n<\/p>\n<p><a href=\"\/crea-tu-estilo-hoy\/wp-content\/uploads\/sites\/58\"><img loading=\"lazy\" class=\"aligncenter size-medium wp-image-51\" title=\"8\" src=\"\/crea-tu-estilo-hoy\/wp-content\/uploads\/sites\/58\/2013\/03\/8.jpg\" alt=\"\" width=\"300\" height=\"225\" srcset=\"https:\/\/static-blogs.hoy.es\/wp-content\/uploads\/sites\/58\/2013\/03\/8.jpg 3264w, https:\/\/static-blogs.hoy.es\/wp-content\/uploads\/sites\/58\/2013\/03\/8-300x225.jpg 300w, https:\/\/static-blogs.hoy.es\/wp-content\/uploads\/sites\/58\/2013\/03\/8-768x576.jpg 768w, https:\/\/static-blogs.hoy.es\/wp-content\/uploads\/sites\/58\/2013\/03\/8-1024x768.jpg 1024w\" sizes=\"(max-width: 300px) 100vw, 300px\" \/><\/a><\/p>\n<p>&nbsp;<\/p>\n<p>Para las que quieran empezar la primavera con buen pie, no hay nada mejor que apostar por uno de estos zapatos; taconazo, charol, colorido\u2026.<\/p>\n<p><a href=\"\/crea-tu-estilo-hoy\/wp-content\/uploads\/sites\/58\"><img loading=\"lazy\" class=\"aligncenter size-medium wp-image-52\" title=\"9\" src=\"\/crea-tu-estilo-hoy\/wp-content\/uploads\/sites\/58\/2013\/03\/9.jpg\" alt=\"\" width=\"300\" height=\"225\" srcset=\"https:\/\/static-blogs.hoy.es\/wp-content\/uploads\/sites\/58\/2013\/03\/9.jpg 3264w, https:\/\/static-blogs.hoy.es\/wp-content\/uploads\/sites\/58\/2013\/03\/9-300x225.jpg 300w, https:\/\/static-blogs.hoy.es\/wp-content\/uploads\/sites\/58\/2013\/03\/9-768x576.jpg 768w, https:\/\/static-blogs.hoy.es\/wp-content\/uploads\/sites\/58\/2013\/03\/9-1024x768.jpg 1024w\" sizes=\"(max-width: 300px) 100vw, 300px\" \/><\/a><\/p>\n<p>&nbsp;<\/p>\n<p>\u00bfCu\u00e1l me llevo? seguro que tienes el mismo dilema que yo<\/p>\n<p><a href=\"\/crea-tu-estilo-hoy\/wp-content\/uploads\/sites\/58\/2013\/03\/10.jpg\"><img loading=\"lazy\" class=\"aligncenter  wp-image-53\" title=\"10\" src=\"\/crea-tu-estilo-hoy\/wp-content\/uploads\/sites\/58\/2013\/03\/10.jpg\" alt=\"\" width=\"122\" height=\"162\" \/><\/a><\/p>\n<p>&nbsp;<\/p>\n<!-- AddThis Advanced Settings generic via filter on the_content --><!-- AddThis Share Buttons generic via filter on the_content -->","protected":false},"excerpt":{"rendered":"<p>Durante cuatro d\u00edas el pabell\u00f3n de IFEBA abre sus puertas a la VI Feria de la Belleza, la Moda y la Salud. En ella podemos sumergirnos en un mundo de bienestar. &nbsp; Se presenta como una de las atracciones m\u00e1s seguidas los cortes de pelo y el maquillaje en directo. Este a\u00f1o ganan fuerza las [&hellip;]<!-- AddThis Advanced Settings generic via filter on get_the_excerpt --><!-- AddThis Share Buttons generic via filter on get_the_excerpt --><\/p>\n","protected":false},"author":3,"featured_media":0,"comment_status":"open","ping_status":"closed","sticky":false,"template":"","format":"standard","meta":[],"categories":[3],"tags":[],"_links":{"self":[{"href":"https:\/\/blogs.hoy.es\/crea-tu-estilo-hoy\/wp-json\/wp\/v2\/posts\/40"}],"collection":[{"href":"https:\/\/blogs.hoy.es\/crea-tu-estilo-hoy\/wp-json\/wp\/v2\/posts"}],"about":[{"href":"https:\/\/blogs.hoy.es\/crea-tu-estilo-hoy\/wp-json\/wp\/v2\/types\/post"}],"author":[{"embeddable":true,"href":"https:\/\/blogs.hoy.es\/crea-tu-estilo-hoy\/wp-json\/wp\/v2\/users\/3"}],"replies":[{"embeddable":true,"href":"https:\/\/blogs.hoy.es\/crea-tu-estilo-hoy\/wp-json\/wp\/v2\/comments?post=40"}],"version-history":[{"count":0,"href":"https:\/\/blogs.hoy.es\/crea-tu-estilo-hoy\/wp-json\/wp\/v2\/posts\/40\/revisions"}],"wp:attachment":[{"href":"https:\/\/blogs.hoy.es\/crea-tu-estilo-hoy\/wp-json\/wp\/v2\/media?parent=40"}],"wp:term":[{"taxonomy":"category","embeddable":true,"href":"https:\/\/blogs.hoy.es\/crea-tu-estilo-hoy\/wp-json\/wp\/v2\/categories?post=40"},{"taxonomy":"post_tag","embeddable":true,"href":"https:\/\/blogs.hoy.es\/crea-tu-estilo-hoy\/wp-json\/wp\/v2\/tags?post=40"}],"curies":[{"name":"wp","href":"https:\/\/api.w.org\/{rel}","templated":true}]}}