{"id":56,"date":"2013-03-04T07:57:18","date_gmt":"2013-03-04T07:57:18","guid":{"rendered":"http:\/\/blogs.hoy.es\/crea-tu-estilo-hoy\/?p=56"},"modified":"2013-03-04T07:57:18","modified_gmt":"2013-03-04T07:57:18","slug":"tratamientos-de-belleza-que-abarcan-los-cinco-sentidos","status":"publish","type":"post","link":"https:\/\/blogs.hoy.es\/crea-tu-estilo-hoy\/2013\/03\/04\/tratamientos-de-belleza-que-abarcan-los-cinco-sentidos\/","title":{"rendered":"Tratamientos de belleza que abarcan los cinco sentidos"},"content":{"rendered":"<p>LA FERIA DE LA BELLEZA DE BADAJOZ CLAUSURA HOY SU SEXTA EDICI\u00d3N<\/p>\n<p>Los tratamientos de Belleza han evolucionado mucho en los \u00faltimos a\u00f1os, el resultado es importante pero, ahora m\u00e1s que nunca, tambi\u00e9n el proceso. El objetivo es sumergirte en un para\u00edso de bienestar.<\/p>\n<p>&nbsp;<\/p>\n<p><a href=\"\/crea-tu-estilo-hoy\/wp-content\/uploads\/sites\/58\/2013\/03\/11.jpg\"><img loading=\"lazy\" class=\"aligncenter size-medium wp-image-57\" title=\"1\" src=\"\/crea-tu-estilo-hoy\/wp-content\/uploads\/sites\/58\/2013\/03\/11.jpg\" alt=\"\" width=\"300\" height=\"225\" srcset=\"https:\/\/static-blogs.hoy.es\/wp-content\/uploads\/sites\/58\/2013\/03\/11.jpg 1632w, https:\/\/static-blogs.hoy.es\/wp-content\/uploads\/sites\/58\/2013\/03\/11-300x225.jpg 300w, https:\/\/static-blogs.hoy.es\/wp-content\/uploads\/sites\/58\/2013\/03\/11-768x576.jpg 768w, https:\/\/static-blogs.hoy.es\/wp-content\/uploads\/sites\/58\/2013\/03\/11-1024x768.jpg 1024w\" sizes=\"(max-width: 300px) 100vw, 300px\" \/><\/a><\/p>\n<p>Durante estos d\u00edas he disfrutado de la compa\u00f1\u00eda de los chicos de la academia \u201cP\u00edvot Point\u201d avalada por Luis&#038;Tachi, por cierto guap\u00edsimos, parec\u00edan sacados de un casting de modelos. Desde el primer momento en el que te sometes a un lavado de cabello empiezas a relajarte, buen trato y excelentes manos. Futuras promesas del estilismo, guiadas por profesionales de altura, que ya no solo quieren obtener un buen corte o peinado sino realzar la belleza adapt\u00e1ndola a tu forma de vida o profesi\u00f3n.<\/p>\n<p><a href=\"\/crea-tu-estilo-hoy\/wp-content\/uploads\/sites\/58\/2013\/03\/31.jpg\"><img loading=\"lazy\" class=\"alignright size-medium wp-image-59\" title=\"3\" src=\"\/crea-tu-estilo-hoy\/wp-content\/uploads\/sites\/58\/2013\/03\/31.jpg\" alt=\"\" width=\"300\" height=\"225\" srcset=\"https:\/\/static-blogs.hoy.es\/wp-content\/uploads\/sites\/58\/2013\/03\/31.jpg 1632w, https:\/\/static-blogs.hoy.es\/wp-content\/uploads\/sites\/58\/2013\/03\/31-300x225.jpg 300w, https:\/\/static-blogs.hoy.es\/wp-content\/uploads\/sites\/58\/2013\/03\/31-768x576.jpg 768w, https:\/\/static-blogs.hoy.es\/wp-content\/uploads\/sites\/58\/2013\/03\/31-1024x768.jpg 1024w\" sizes=\"(max-width: 300px) 100vw, 300px\" \/><\/a><a href=\"\/crea-tu-estilo-hoy\/wp-content\/uploads\/sites\/58\/2013\/03\/21.jpg\"><img loading=\"lazy\" class=\"alignleft size-medium wp-image-58\" title=\"2\" src=\"\/crea-tu-estilo-hoy\/wp-content\/uploads\/sites\/58\/2013\/03\/21.jpg\" alt=\"\" width=\"300\" height=\"225\" srcset=\"https:\/\/static-blogs.hoy.es\/wp-content\/uploads\/sites\/58\/2013\/03\/21.jpg 1632w, https:\/\/static-blogs.hoy.es\/wp-content\/uploads\/sites\/58\/2013\/03\/21-300x225.jpg 300w, https:\/\/static-blogs.hoy.es\/wp-content\/uploads\/sites\/58\/2013\/03\/21-768x576.jpg 768w, https:\/\/static-blogs.hoy.es\/wp-content\/uploads\/sites\/58\/2013\/03\/21-1024x768.jpg 1024w\" sizes=\"(max-width: 300px) 100vw, 300px\" \/><\/a><\/p>\n<p>&nbsp;<\/p>\n<p>&nbsp;<\/p>\n<p>&nbsp;<\/p>\n<p>&nbsp;<\/p>\n<p>&nbsp;<\/p>\n<p>&nbsp;<\/p>\n<p>&nbsp;<\/p>\n<p>&nbsp;<\/p>\n<p>Otro dato a destacar es la preocupaci\u00f3n de los laboratorios por cuidar el medio ambiente, de ah\u00ed que se opte, cada vez m\u00e1s, en ofrecer una alta cosm\u00e9tica natural y artesanal.<\/p>\n<p>El Aloe Vera, el caviar, la baba de caracol, la semilla de uva\u2026forman parte de la composici\u00f3n de muchas cremas.<\/p>\n<p>Para las m\u00e1s exquisitas recomiendo una mascarilla facial \u00a1atentas! con oro de 24 Kl \u00bfSe puede pedir m\u00e1s?<\/p>\n<p>&nbsp;<\/p>\n<p><a href=\"\/crea-tu-estilo-hoy\/wp-content\/uploads\/sites\/58\/2013\/03\/41.jpg\"><img loading=\"lazy\" class=\"aligncenter size-medium wp-image-60\" title=\"4\" src=\"\/crea-tu-estilo-hoy\/wp-content\/uploads\/sites\/58\/2013\/03\/41.jpg\" alt=\"\" width=\"300\" height=\"225\" srcset=\"https:\/\/static-blogs.hoy.es\/wp-content\/uploads\/sites\/58\/2013\/03\/41.jpg 1632w, https:\/\/static-blogs.hoy.es\/wp-content\/uploads\/sites\/58\/2013\/03\/41-300x225.jpg 300w, https:\/\/static-blogs.hoy.es\/wp-content\/uploads\/sites\/58\/2013\/03\/41-768x576.jpg 768w, https:\/\/static-blogs.hoy.es\/wp-content\/uploads\/sites\/58\/2013\/03\/41-1024x768.jpg 1024w\" sizes=\"(max-width: 300px) 100vw, 300px\" \/><\/a><\/p>\n<p>Ah! Importante, antes de someterse a ning\u00fan tratamiento de est\u00e9tica os recomiendo un diagn\u00f3stico de la piel. Cada vez son m\u00e1s exhaustivos e imprescindibles para que tu cutis responda como se desea.<\/p>\n<p>&nbsp;<\/p>\n<p style=\"text-align: center;\"><a href=\"\/crea-tu-estilo-hoy\/wp-content\/uploads\/sites\/58\/2013\/03\/51.jpg\"><img loading=\"lazy\" class=\"wp-image-61 aligncenter\" title=\"5\" src=\"\/crea-tu-estilo-hoy\/wp-content\/uploads\/sites\/58\/2013\/03\/51.jpg\" alt=\"\" width=\"320\" height=\"239\" srcset=\"https:\/\/static-blogs.hoy.es\/wp-content\/uploads\/sites\/58\/2013\/03\/51.jpg 1632w, https:\/\/static-blogs.hoy.es\/wp-content\/uploads\/sites\/58\/2013\/03\/51-300x225.jpg 300w, https:\/\/static-blogs.hoy.es\/wp-content\/uploads\/sites\/58\/2013\/03\/51-768x576.jpg 768w, https:\/\/static-blogs.hoy.es\/wp-content\/uploads\/sites\/58\/2013\/03\/51-1024x768.jpg 1024w\" sizes=\"(max-width: 320px) 100vw, 320px\" \/><\/a><\/p>\n<p style=\"text-align: center;\"><a href=\"\/crea-tu-estilo-hoy\/wp-content\/uploads\/sites\/58\/2013\/03\/62.jpg\"><img loading=\"lazy\" class=\"wp-image-62 aligncenter\" title=\"6\" src=\"\/crea-tu-estilo-hoy\/wp-content\/uploads\/sites\/58\/2013\/03\/62.jpg\" alt=\"\" width=\"331\" height=\"268\" \/><\/a><\/p>\n<p>Termino este recorrido por el pabell\u00f3n de IFEBA con un toque de moda. Pasarelas donde hemos apreciado originales tocados, perfectos para las comuniones y las bodas que se avecinan. El colorido se adue\u00f1a de la primavera y el croch\u00e9 vuelve en forma de camisetas, faldas y bolsos.<\/p>\n<p><a href=\"\/crea-tu-estilo-hoy\/wp-content\/uploads\/sites\/58\/2013\/03\/71.jpg\"><img loading=\"lazy\" class=\"aligncenter size-medium wp-image-63\" title=\"7\" src=\"\/crea-tu-estilo-hoy\/wp-content\/uploads\/sites\/58\/2013\/03\/71.jpg\" alt=\"\" width=\"300\" height=\"225\" srcset=\"https:\/\/static-blogs.hoy.es\/wp-content\/uploads\/sites\/58\/2013\/03\/71.jpg 1632w, https:\/\/static-blogs.hoy.es\/wp-content\/uploads\/sites\/58\/2013\/03\/71-300x225.jpg 300w, https:\/\/static-blogs.hoy.es\/wp-content\/uploads\/sites\/58\/2013\/03\/71-768x576.jpg 768w, https:\/\/static-blogs.hoy.es\/wp-content\/uploads\/sites\/58\/2013\/03\/71-1024x768.jpg 1024w\" sizes=\"(max-width: 300px) 100vw, 300px\" \/><\/a><\/p>\n<p><a href=\"\/crea-tu-estilo-hoy\/wp-content\/uploads\/sites\/58\/2013\/03\/81.jpg\"><img loading=\"lazy\" class=\"aligncenter size-medium wp-image-64\" title=\"8\" src=\"\/crea-tu-estilo-hoy\/wp-content\/uploads\/sites\/58\/2013\/03\/81.jpg\" alt=\"\" width=\"300\" height=\"225\" srcset=\"https:\/\/static-blogs.hoy.es\/wp-content\/uploads\/sites\/58\/2013\/03\/81.jpg 1632w, https:\/\/static-blogs.hoy.es\/wp-content\/uploads\/sites\/58\/2013\/03\/81-300x225.jpg 300w, https:\/\/static-blogs.hoy.es\/wp-content\/uploads\/sites\/58\/2013\/03\/81-768x576.jpg 768w, https:\/\/static-blogs.hoy.es\/wp-content\/uploads\/sites\/58\/2013\/03\/81-1024x768.jpg 1024w\" sizes=\"(max-width: 300px) 100vw, 300px\" \/><\/a><\/p>\n<p><a href=\"\/crea-tu-estilo-hoy\/wp-content\/uploads\/sites\/58\/2013\/03\/91.jpg\"><img loading=\"lazy\" class=\"aligncenter size-medium wp-image-65\" title=\"9\" src=\"\/crea-tu-estilo-hoy\/wp-content\/uploads\/sites\/58\/2013\/03\/91.jpg\" alt=\"\" width=\"300\" height=\"225\" srcset=\"https:\/\/static-blogs.hoy.es\/wp-content\/uploads\/sites\/58\/2013\/03\/91.jpg 1632w, https:\/\/static-blogs.hoy.es\/wp-content\/uploads\/sites\/58\/2013\/03\/91-300x225.jpg 300w, https:\/\/static-blogs.hoy.es\/wp-content\/uploads\/sites\/58\/2013\/03\/91-768x576.jpg 768w, https:\/\/static-blogs.hoy.es\/wp-content\/uploads\/sites\/58\/2013\/03\/91-1024x768.jpg 1024w\" sizes=\"(max-width: 300px) 100vw, 300px\" \/><\/a><\/p>\n<p>El arte de ense\u00f1ar cobra vida con las transparencias<\/p>\n<p><a href=\"\/crea-tu-estilo-hoy\/wp-content\/uploads\/sites\/58\/2013\/03\/101.jpg\"><img loading=\"lazy\" class=\"alignleft size-medium wp-image-66\" title=\"10\" src=\"\/crea-tu-estilo-hoy\/wp-content\/uploads\/sites\/58\/2013\/03\/101.jpg\" alt=\"\" width=\"300\" height=\"225\" srcset=\"https:\/\/static-blogs.hoy.es\/wp-content\/uploads\/sites\/58\/2013\/03\/101.jpg 1632w, https:\/\/static-blogs.hoy.es\/wp-content\/uploads\/sites\/58\/2013\/03\/101-300x225.jpg 300w, https:\/\/static-blogs.hoy.es\/wp-content\/uploads\/sites\/58\/2013\/03\/101-768x576.jpg 768w, https:\/\/static-blogs.hoy.es\/wp-content\/uploads\/sites\/58\/2013\/03\/101-1024x768.jpg 1024w\" sizes=\"(max-width: 300px) 100vw, 300px\" \/><\/a><a href=\"\/crea-tu-estilo-hoy\/wp-content\/uploads\/sites\/58\/2013\/03\/111.jpg\"><img loading=\"lazy\" class=\"alignright  wp-image-67\" title=\"11\" src=\"\/crea-tu-estilo-hoy\/wp-content\/uploads\/sites\/58\/2013\/03\/111.jpg\" alt=\"\" width=\"300\" height=\"225\" srcset=\"https:\/\/static-blogs.hoy.es\/wp-content\/uploads\/sites\/58\/2013\/03\/111.jpg 1632w, https:\/\/static-blogs.hoy.es\/wp-content\/uploads\/sites\/58\/2013\/03\/111-300x225.jpg 300w, https:\/\/static-blogs.hoy.es\/wp-content\/uploads\/sites\/58\/2013\/03\/111-768x576.jpg 768w, https:\/\/static-blogs.hoy.es\/wp-content\/uploads\/sites\/58\/2013\/03\/111-1024x768.jpg 1024w\" sizes=\"(max-width: 300px) 100vw, 300px\" \/><\/a><\/p>\n<p>&nbsp;<\/p>\n<p>&nbsp;<\/p>\n<p>&nbsp;<\/p>\n<p>&nbsp;<\/p>\n<p>&nbsp;<\/p>\n<p>&nbsp;<\/p>\n<p>&nbsp;<\/p>\n<p>&nbsp;<\/p>\n<p>Para los zapatos har\u00e9 un apartado especial pero si tengo que resumir en pocas palabras las tendencias de la primavera- verano dir\u00e9: Charol en todos las tonalidades<\/p>\n<p>&nbsp;<\/p>\n<p><a href=\"\/crea-tu-estilo-hoy\/wp-content\/uploads\/sites\/58\/2013\/03\/12.jpg\"><img loading=\"lazy\" class=\"aligncenter size-medium wp-image-68\" title=\"12\" src=\"\/crea-tu-estilo-hoy\/wp-content\/uploads\/sites\/58\/2013\/03\/12.jpg\" alt=\"\" width=\"300\" height=\"225\" srcset=\"https:\/\/static-blogs.hoy.es\/wp-content\/uploads\/sites\/58\/2013\/03\/12.jpg 1632w, https:\/\/static-blogs.hoy.es\/wp-content\/uploads\/sites\/58\/2013\/03\/12-300x225.jpg 300w, https:\/\/static-blogs.hoy.es\/wp-content\/uploads\/sites\/58\/2013\/03\/12-768x576.jpg 768w, https:\/\/static-blogs.hoy.es\/wp-content\/uploads\/sites\/58\/2013\/03\/12-1024x768.jpg 1024w\" sizes=\"(max-width: 300px) 100vw, 300px\" \/><\/a><\/p>\n<p>En esta feria, Ifeba ha incorporado una novedad \u201cBeauty Blogger\u201d donde una veintena de blogueras de moda y belleza hemos podido intercambiar opiniones. Una experiencia de lo m\u00e1s enriquecedora.<\/p>\n<p>&nbsp;<\/p>\n<p><strong><a href=\"\/crea-tu-estilo-hoy\/wp-content\/uploads\/sites\/58\/2013\/03\/13.jpg\"><img loading=\"lazy\" class=\"aligncenter  wp-image-69\" title=\"13\" src=\"\/crea-tu-estilo-hoy\/wp-content\/uploads\/sites\/58\/2013\/03\/13.jpg\" alt=\"\" width=\"380\" height=\"284\" srcset=\"https:\/\/static-blogs.hoy.es\/wp-content\/uploads\/sites\/58\/2013\/03\/13.jpg 1632w, https:\/\/static-blogs.hoy.es\/wp-content\/uploads\/sites\/58\/2013\/03\/13-300x225.jpg 300w, https:\/\/static-blogs.hoy.es\/wp-content\/uploads\/sites\/58\/2013\/03\/13-768x576.jpg 768w, https:\/\/static-blogs.hoy.es\/wp-content\/uploads\/sites\/58\/2013\/03\/13-1024x768.jpg 1024w\" sizes=\"(max-width: 380px) 100vw, 380px\" \/><\/a><br \/>\n<\/strong><\/p>\n<!-- AddThis Advanced Settings generic via filter on the_content --><!-- AddThis Share Buttons generic via filter on the_content -->","protected":false},"excerpt":{"rendered":"<p>LA FERIA DE LA BELLEZA DE BADAJOZ CLAUSURA HOY SU SEXTA EDICI\u00d3N Los tratamientos de Belleza han evolucionado mucho en los \u00faltimos a\u00f1os, el resultado es importante pero, ahora m\u00e1s que nunca, tambi\u00e9n el proceso. El objetivo es sumergirte en un para\u00edso de bienestar. &nbsp; Durante estos d\u00edas he disfrutado de la compa\u00f1\u00eda de los [&hellip;]<!-- AddThis Advanced Settings generic via filter on get_the_excerpt --><!-- AddThis Share Buttons generic via filter on get_the_excerpt --><\/p>\n","protected":false},"author":3,"featured_media":0,"comment_status":"open","ping_status":"closed","sticky":false,"template":"","format":"standard","meta":[],"categories":[2,3],"tags":[],"_links":{"self":[{"href":"https:\/\/blogs.hoy.es\/crea-tu-estilo-hoy\/wp-json\/wp\/v2\/posts\/56"}],"collection":[{"href":"https:\/\/blogs.hoy.es\/crea-tu-estilo-hoy\/wp-json\/wp\/v2\/posts"}],"about":[{"href":"https:\/\/blogs.hoy.es\/crea-tu-estilo-hoy\/wp-json\/wp\/v2\/types\/post"}],"author":[{"embeddable":true,"href":"https:\/\/blogs.hoy.es\/crea-tu-estilo-hoy\/wp-json\/wp\/v2\/users\/3"}],"replies":[{"embeddable":true,"href":"https:\/\/blogs.hoy.es\/crea-tu-estilo-hoy\/wp-json\/wp\/v2\/comments?post=56"}],"version-history":[{"count":0,"href":"https:\/\/blogs.hoy.es\/crea-tu-estilo-hoy\/wp-json\/wp\/v2\/posts\/56\/revisions"}],"wp:attachment":[{"href":"https:\/\/blogs.hoy.es\/crea-tu-estilo-hoy\/wp-json\/wp\/v2\/media?parent=56"}],"wp:term":[{"taxonomy":"category","embeddable":true,"href":"https:\/\/blogs.hoy.es\/crea-tu-estilo-hoy\/wp-json\/wp\/v2\/categories?post=56"},{"taxonomy":"post_tag","embeddable":true,"href":"https:\/\/blogs.hoy.es\/crea-tu-estilo-hoy\/wp-json\/wp\/v2\/tags?post=56"}],"curies":[{"name":"wp","href":"https:\/\/api.w.org\/{rel}","templated":true}]}}