{"id":78,"date":"2013-04-24T08:35:02","date_gmt":"2013-04-24T08:35:02","guid":{"rendered":"http:\/\/blogs.hoy.es\/crea-tu-estilo-hoy\/?p=78"},"modified":"2013-04-24T08:35:02","modified_gmt":"2013-04-24T08:35:02","slug":"el-charol-marca-la-moda-de-los-zapatos-esta-primavera-verano","status":"publish","type":"post","link":"https:\/\/blogs.hoy.es\/crea-tu-estilo-hoy\/2013\/04\/24\/el-charol-marca-la-moda-de-los-zapatos-esta-primavera-verano\/","title":{"rendered":"El charol marca la moda de los zapatos esta primavera-verano"},"content":{"rendered":"<p>Esta primavera-verano los zapatos se alzan con el protagonismo. Podemos encontrar una gran variedad, pero el plato fuerte, sin lugar a dudas, es para el charol.<\/p>\n<p>Zapatos de Charol en todas sus tonalidades; el azul\u00f3n contin\u00faa siendo tendencia y adem\u00e1s se adereza con las tachuelas que siguen pegando fuerte.<\/p>\n<p>Naranjas, verdes, amarillos y sobre todo el blanco. Llega una primavera arcoiris para tus pies. El print animal, el pit\u00f3n, se alza con las sandalias.<\/p>\n<p>La cu\u00f1a no nos abandona y el taconazo tampoco. Otro de los materiales estrella es el ante, zapatos con volantes, pasamaner\u00edas, brillos\u2026un derroche de originalidad que dar\u00e1 a nuestros pies un toque de distinci\u00f3n. Ahora m\u00e1s que nunca \u00a1V\u00edstete por los pies!<\/p>\n<p>Agradecimientos: www.alwaysbeauty.es; www.alwayswapa.blogspot.es; Zapatos Florencia Alonso; Monamon\u00edsima<\/p>\n<p><object id=\"flashObj\" width=\"640\" height=\"360\" classid=\"clsid:d27cdb6e-ae6d-11cf-96b8-444553540000\" codebase=\"http:\/\/download.macromedia.com\/pub\/shockwave\/cabs\/flash\/swflash.cab#version=6,0,40,0\"><param name=\"flashVars\" value=\"@videoPlayer=2289041477001&#038;playerID=309010012001&#038;playerKey=AQ~~,AAAAE_Nrnlk~,nvezczbcIbFKkdWFPX_8YwXJCUFbI5Xb&#038;domain=embed&#038;dynamicStreaming=true\" \/><param name=\"base\" value=\"http:\/\/admin.brightcove.com\" \/><param name=\"seamlesstabbing\" value=\"false\" \/><param name=\"allowFullScreen\" value=\"true\" \/><param name=\"swLiveConnect\" value=\"true\" \/><param name=\"allowScriptAccess\" value=\"always\" \/><param name=\"src\" value=\"http:\/\/c.brightcove.com\/services\/viewer\/federated_f9?isVid=1&#038;isUI=1\" \/><param name=\"flashvars\" value=\"@videoPlayer=2289041477001&#038;playerID=309010012001&#038;playerKey=AQ~~,AAAAE_Nrnlk~,nvezczbcIbFKkdWFPX_8YwXJCUFbI5Xb&#038;domain=embed&#038;dynamicStreaming=true\" \/><param name=\"allowfullscreen\" value=\"true\" \/><param name=\"allowscriptaccess\" value=\"always\" \/><param name=\"swliveconnect\" value=\"true\" \/><param name=\"pluginspage\" value=\"http:\/\/www.macromedia.com\/shockwave\/download\/index.cgi?P1_Prod_Version=ShockwaveFlash\" \/><embed id=\"flashObj\" width=\"640\" height=\"360\" type=\"application\/x-shockwave-flash\" src=\"\/\/c.brightcove.com\/services\/viewer\/federated_f9?isVid=1&#038;isUI=1\" flashVars=\"@videoPlayer=2289041477001&#038;playerID=309010012001&#038;playerKey=AQ~~,AAAAE_Nrnlk~,nvezczbcIbFKkdWFPX_8YwXJCUFbI5Xb&#038;domain=embed&#038;dynamicStreaming=true\" base=\"http:\/\/admin.brightcove.com\" seamlesstabbing=\"false\" allowFullScreen=\"true\" swLiveConnect=\"true\" allowScriptAccess=\"always\" flashvars=\"@videoPlayer=2289041477001&#038;playerID=309010012001&#038;playerKey=AQ~~,AAAAE_Nrnlk~,nvezczbcIbFKkdWFPX_8YwXJCUFbI5Xb&#038;domain=embed&#038;dynamicStreaming=true\" allowfullscreen=\"true\" allowscriptaccess=\"always\" swliveconnect=\"true\" pluginspage=\"http:\/\/www.macromedia.com\/shockwave\/download\/index.cgi?P1_Prod_Version=ShockwaveFlash\" \/><\/object><\/p>\n<!-- AddThis Advanced Settings generic via filter on the_content --><!-- AddThis Share Buttons generic via filter on the_content -->","protected":false},"excerpt":{"rendered":"<p>Esta primavera-verano los zapatos se alzan con el protagonismo. Podemos encontrar una gran variedad, pero el plato fuerte, sin lugar a dudas, es para el charol. Zapatos de Charol en todas sus tonalidades; el azul\u00f3n contin\u00faa siendo tendencia y adem\u00e1s se adereza con las tachuelas que siguen pegando fuerte. Naranjas, verdes, amarillos y sobre todo [&hellip;]<!-- AddThis Advanced Settings generic via filter on get_the_excerpt --><!-- AddThis Share Buttons generic via filter on get_the_excerpt --><\/p>\n","protected":false},"author":3,"featured_media":0,"comment_status":"closed","ping_status":"closed","sticky":false,"template":"","format":"standard","meta":[],"categories":[4],"tags":[],"_links":{"self":[{"href":"https:\/\/blogs.hoy.es\/crea-tu-estilo-hoy\/wp-json\/wp\/v2\/posts\/78"}],"collection":[{"href":"https:\/\/blogs.hoy.es\/crea-tu-estilo-hoy\/wp-json\/wp\/v2\/posts"}],"about":[{"href":"https:\/\/blogs.hoy.es\/crea-tu-estilo-hoy\/wp-json\/wp\/v2\/types\/post"}],"author":[{"embeddable":true,"href":"https:\/\/blogs.hoy.es\/crea-tu-estilo-hoy\/wp-json\/wp\/v2\/users\/3"}],"replies":[{"embeddable":true,"href":"https:\/\/blogs.hoy.es\/crea-tu-estilo-hoy\/wp-json\/wp\/v2\/comments?post=78"}],"version-history":[{"count":0,"href":"https:\/\/blogs.hoy.es\/crea-tu-estilo-hoy\/wp-json\/wp\/v2\/posts\/78\/revisions"}],"wp:attachment":[{"href":"https:\/\/blogs.hoy.es\/crea-tu-estilo-hoy\/wp-json\/wp\/v2\/media?parent=78"}],"wp:term":[{"taxonomy":"category","embeddable":true,"href":"https:\/\/blogs.hoy.es\/crea-tu-estilo-hoy\/wp-json\/wp\/v2\/categories?post=78"},{"taxonomy":"post_tag","embeddable":true,"href":"https:\/\/blogs.hoy.es\/crea-tu-estilo-hoy\/wp-json\/wp\/v2\/tags?post=78"}],"curies":[{"name":"wp","href":"https:\/\/api.w.org\/{rel}","templated":true}]}}