{"id":88,"date":"2013-06-11T20:52:54","date_gmt":"2013-06-11T20:52:54","guid":{"rendered":"http:\/\/blogs.hoy.es\/crea-tu-estilo-hoy\/?p=88"},"modified":"2013-06-11T20:52:54","modified_gmt":"2013-06-11T20:52:54","slug":"prepara-tu-piel-para-el-verano","status":"publish","type":"post","link":"https:\/\/blogs.hoy.es\/crea-tu-estilo-hoy\/2013\/06\/11\/prepara-tu-piel-para-el-verano\/","title":{"rendered":"Prepara tu piel para el verano"},"content":{"rendered":"<p><object id=\"flashObj\" width=\"640\" height=\"360\" classid=\"clsid:d27cdb6e-ae6d-11cf-96b8-444553540000\" codebase=\"http:\/\/download.macromedia.com\/pub\/shockwave\/cabs\/flash\/swflash.cab#version=6,0,40,0\"><param name=\"flashVars\" value=\"@videoPlayer=2399481234001&#038;playerID=309010012001&#038;playerKey=AQ~~,AAAAE_Nrnlk~,nvezczbcIbFKkdWFPX_8YwXJCUFbI5Xb&#038;domain=embed&#038;dynamicStreaming=true\" \/><param name=\"base\" value=\"http:\/\/admin.brightcove.com\" \/><param name=\"seamlesstabbing\" value=\"false\" \/><param name=\"allowFullScreen\" value=\"true\" \/><param name=\"swLiveConnect\" value=\"true\" \/><param name=\"allowScriptAccess\" value=\"always\" \/><param name=\"src\" value=\"http:\/\/c.brightcove.com\/services\/viewer\/federated_f9?isVid=1&#038;isUI=1\" \/><param name=\"flashvars\" value=\"@videoPlayer=2399481234001&#038;playerID=309010012001&#038;playerKey=AQ~~,AAAAE_Nrnlk~,nvezczbcIbFKkdWFPX_8YwXJCUFbI5Xb&#038;domain=embed&#038;dynamicStreaming=true\" \/><param name=\"allowfullscreen\" value=\"true\" \/><param name=\"allowscriptaccess\" value=\"always\" \/><param name=\"swliveconnect\" value=\"true\" \/><param name=\"pluginspage\" value=\"http:\/\/www.macromedia.com\/shockwave\/download\/index.cgi?P1_Prod_Version=ShockwaveFlash\" \/><embed id=\"flashObj\" width=\"640\" height=\"360\" type=\"application\/x-shockwave-flash\" src=\"\/\/c.brightcove.com\/services\/viewer\/federated_f9?isVid=1&#038;isUI=1\" flashVars=\"@videoPlayer=2399481234001&#038;playerID=309010012001&#038;playerKey=AQ~~,AAAAE_Nrnlk~,nvezczbcIbFKkdWFPX_8YwXJCUFbI5Xb&#038;domain=embed&#038;dynamicStreaming=true\" base=\"http:\/\/admin.brightcove.com\" seamlesstabbing=\"false\" allowFullScreen=\"true\" swLiveConnect=\"true\" allowScriptAccess=\"always\" flashvars=\"@videoPlayer=2399481234001&#038;playerID=309010012001&#038;playerKey=AQ~~,AAAAE_Nrnlk~,nvezczbcIbFKkdWFPX_8YwXJCUFbI5Xb&#038;domain=embed&#038;dynamicStreaming=true\" allowfullscreen=\"true\" allowscriptaccess=\"always\" swliveconnect=\"true\" pluginspage=\"http:\/\/www.macromedia.com\/shockwave\/download\/index.cgi?P1_Prod_Version=ShockwaveFlash\" \/><\/object><br \/>\nCon el paso de los a\u00f1os, nuestra piel pierde firmeza y elasticidad. Para tener una piel bonita, debemos concienciarnos desde muy j\u00f3venes de su limpieza y cuidado diario. Important\u00edsimo tambi\u00e9n protegerla del sol.<\/p>\n<p>\u00bfCu\u00e1les son los pasos imprescindibles para conseguir una piel bonita?<\/p>\n<p>Seg\u00fan la Directora en calificaci\u00f3n de la marca Mary Kay, \u00c1ngela Roncero, hay tres pasos que no podemos olvidar; limpieza, exfolicaci\u00f3n e hidrataci\u00f3n.<\/p>\n<p>Es importante usar <strong>productos con una potente acci\u00f3n antioxidante<\/strong> y adecuados a nuestro tipo de piel.<\/p>\n<p>Muchas personas piensan que por el hecho de no maquillarse ya no tienen que limpiar el cutis, nada m\u00e1s lejos de la realidad. El sudor, la contaminaci\u00f3n y otros factores hacen que nuestros poros se taponen y sea necesario oxigenarlos con una buena limpieza.<\/p>\n<p>Adem\u00e1s, tambi\u00e9n hay que librarla de c\u00e9lulas muertas, la exfoliaci\u00f3n es el siguiente paso.<\/p>\n<p>Despu\u00e9s hidratarla, adem\u00e1s de utilizar una buena crema, es importante beber agua para evitar la p\u00e9rdida de elasticidad.<\/p>\n<p>Roncero recomienda tambi\u00e9n protegerla siempre, durante todo el a\u00f1o y no s\u00f3lo en verano.<\/p>\n<p>Otros consejos para una piel perfecta es dormir al menos 8 horas y comer abundantes piezas de fruta y verdura.\u00a0 Venga! Empieza ya a cuidar tu piel!<\/p>\n<p>&nbsp;<\/p>\n<p><span style=\"text-decoration: underline;\">Agradecimientos:<\/span>\u00a0 <a href=\"http:\/\/www.alwaysbeauty.es\/\">www.alwaysbeauty.es<\/a>, <a href=\"http:\/\/www.alwayswapa.blogspot.com\/\">www.alwayswapa.blogspot.com<\/a>, Monamon\u00edssima y Mary Kay<\/p>\n<!-- AddThis Advanced Settings generic via filter on the_content --><!-- AddThis Share Buttons generic via filter on the_content -->","protected":false},"excerpt":{"rendered":"<p>Con el paso de los a\u00f1os, nuestra piel pierde firmeza y elasticidad. Para tener una piel bonita, debemos concienciarnos desde muy j\u00f3venes de su limpieza y cuidado diario. Important\u00edsimo tambi\u00e9n protegerla del sol. \u00bfCu\u00e1les son los pasos imprescindibles para conseguir una piel bonita? Seg\u00fan la Directora en calificaci\u00f3n de la marca Mary Kay, \u00c1ngela Roncero, [&hellip;]<!-- AddThis Advanced Settings generic via filter on get_the_excerpt --><!-- AddThis Share Buttons generic via filter on get_the_excerpt --><\/p>\n","protected":false},"author":3,"featured_media":0,"comment_status":"closed","ping_status":"closed","sticky":false,"template":"","format":"standard","meta":[],"categories":[2],"tags":[],"_links":{"self":[{"href":"https:\/\/blogs.hoy.es\/crea-tu-estilo-hoy\/wp-json\/wp\/v2\/posts\/88"}],"collection":[{"href":"https:\/\/blogs.hoy.es\/crea-tu-estilo-hoy\/wp-json\/wp\/v2\/posts"}],"about":[{"href":"https:\/\/blogs.hoy.es\/crea-tu-estilo-hoy\/wp-json\/wp\/v2\/types\/post"}],"author":[{"embeddable":true,"href":"https:\/\/blogs.hoy.es\/crea-tu-estilo-hoy\/wp-json\/wp\/v2\/users\/3"}],"replies":[{"embeddable":true,"href":"https:\/\/blogs.hoy.es\/crea-tu-estilo-hoy\/wp-json\/wp\/v2\/comments?post=88"}],"version-history":[{"count":0,"href":"https:\/\/blogs.hoy.es\/crea-tu-estilo-hoy\/wp-json\/wp\/v2\/posts\/88\/revisions"}],"wp:attachment":[{"href":"https:\/\/blogs.hoy.es\/crea-tu-estilo-hoy\/wp-json\/wp\/v2\/media?parent=88"}],"wp:term":[{"taxonomy":"category","embeddable":true,"href":"https:\/\/blogs.hoy.es\/crea-tu-estilo-hoy\/wp-json\/wp\/v2\/categories?post=88"},{"taxonomy":"post_tag","embeddable":true,"href":"https:\/\/blogs.hoy.es\/crea-tu-estilo-hoy\/wp-json\/wp\/v2\/tags?post=88"}],"curies":[{"name":"wp","href":"https:\/\/api.w.org\/{rel}","templated":true}]}}