{"id":96,"date":"2017-01-17T00:00:08","date_gmt":"2017-01-16T23:00:08","guid":{"rendered":"http:\/\/blogs.hoy.es\/crea-tu-estilo-hoy\/?p=96"},"modified":"2017-01-17T00:00:08","modified_gmt":"2017-01-16T23:00:08","slug":"david-frances-el-beauty-coach-mas-codiciado-del-momento-nos-cuenta-sus-secretos-para-cuidar-la-piel","status":"publish","type":"post","link":"https:\/\/blogs.hoy.es\/crea-tu-estilo-hoy\/2017\/01\/17\/david-frances-el-beauty-coach-mas-codiciado-del-momento-nos-cuenta-sus-secretos-para-cuidar-la-piel\/","title":{"rendered":"El&#039;beauty coach&#039; David Frances nos cuenta sus secretos para cuidar la piel"},"content":{"rendered":"<p><a href=\"https:\/\/blogs.hoy.es\/crea-tu-estilo-hoy\/2017\/01\/17\/david-frances-el-beauty-coach-mas-codiciado-del-momento-nos-cuenta-sus-secretos-para-cuidar-la-piel\/germinal-08\/\" rel=\"attachment wp-att-98\"><img loading=\"lazy\" class=\"aligncenter size-medium wp-image-98\" title=\"David Franc\u00e9s, Germinal, Crea tu estilo \" src=\"\/crea-tu-estilo-hoy\/wp-content\/uploads\/sites\/58\/2017\/01\/Germinal-08.jpg\" alt=\"\" width=\"300\" height=\"274\" srcset=\"https:\/\/static-blogs.hoy.es\/wp-content\/uploads\/sites\/58\/2017\/01\/Germinal-08.jpg 811w, https:\/\/static-blogs.hoy.es\/wp-content\/uploads\/sites\/58\/2017\/01\/Germinal-08-300x274.jpg 300w, https:\/\/static-blogs.hoy.es\/wp-content\/uploads\/sites\/58\/2017\/01\/Germinal-08-768x703.jpg 768w\" sizes=\"(max-width: 300px) 100vw, 300px\" \/><\/a><\/p>\n<p>&nbsp;<\/p>\n<p>&nbsp;<\/p>\n<p><strong><em>Maquillador de Celebrities como Mar Flores y Miren Ibarguren<\/em><\/strong><\/p>\n<p>Su amplia experiencia avalan los fant\u00e1sticos resultados de quienes se ponen en sus manos. La combinaci\u00f3n de sus servicios de asesoramiento cosm\u00e9tico y est\u00e9tico de la piel, junto con la maestr\u00eda con la que maneja los pinceles, son los motivos por los que hoy en d\u00eda es uno de los maquilladores m\u00e1s codiciados entre las celebrities.<\/p>\n<p>&nbsp;<\/p>\n<p><strong>\u00bfQu\u00e9 consejos nos das para poner nuestra piel a punto?<\/strong><\/p>\n<p>Un ritual de cuidado de la piel es imprescindible, pero atenci\u00f3n, esto no significa que tengamos que utilizar sistem\u00e1ticamente decenas de productos de d\u00eda y de noche.<br \/>\nComo Beauty Coach , diagnostico pieles desde hace a\u00f1os, y estos siempre van acorde con mi lema &#8220;iluminar y simplificar &#8220;.<br \/>\nPara esto hemos de ser conscientes de que la limpieza y la eliminaci\u00f3n de c\u00e9lulas muertas es esencial!<\/p>\n<p>&nbsp;<\/p>\n<p><strong>Eres un amante de los productos naturales<\/strong><strong><br \/>\n<\/strong><\/p>\n<p>Utilizar productos naturales con \u00e1cidos que pulan nuestra piel a diario es unos de mis secretos \u00a1sin duda alguna!<\/p>\n<p style=\"text-align: center;\"><img loading=\"lazy\" class=\"size-medium wp-image-100 aligncenter\" title=\"IMG_3866\" src=\"\/crea-tu-estilo-hoy\/wp-content\/uploads\/sites\/58\/2017\/01\/IMG_38661.jpg\" alt=\"\" width=\"205\" height=\"300\" srcset=\"https:\/\/static-blogs.hoy.es\/wp-content\/uploads\/sites\/58\/2017\/01\/IMG_38661.jpg 851w, https:\/\/static-blogs.hoy.es\/wp-content\/uploads\/sites\/58\/2017\/01\/IMG_38661-206x300.jpg 206w, https:\/\/static-blogs.hoy.es\/wp-content\/uploads\/sites\/58\/2017\/01\/IMG_38661-768x1120.jpg 768w, https:\/\/static-blogs.hoy.es\/wp-content\/uploads\/sites\/58\/2017\/01\/IMG_38661-702x1024.jpg 702w\" sizes=\"(max-width: 205px) 100vw, 205px\" \/><\/p>\n<p>&nbsp;<\/p>\n<p>&nbsp;<\/p>\n<p><strong>El resultado de un buen maquillaje depender\u00e1 mucho de c\u00f3mo tengas el cutis \u00bfQu\u00e9 rituales de belleza no pueden faltar?<\/strong><strong><br \/>\n<\/strong><\/p>\n<p>\u00a1Venga,\u00a0 voy a contarte mi ritual personal!<br \/>\nMe limpio con un aceite con \u00e1cidos vegetales, y despu\u00e9s me aplico un t\u00f3nico que tambi\u00e9n los contiene.<br \/>\nA continuaci\u00f3n, aplico algo que para m\u00ed es imprescindible a diario, media ampolla de Germinal acci\u00f3n inmediata, \u00a0y para terminar unas gotas de un s\u00e9rum de col\u00e1geno, vitamina C o hialur\u00f3nico. As\u00ed, mi piel est\u00e1 perfecta.<\/p>\n<p>&nbsp;<\/p>\n<p><strong>Adem\u00e1s de ser un excelente maquillador tambi\u00e9n eres conocido por tus cuidados faciales, de hecho hablan maravillas de tu s\u00e9rum, \u00bfqu\u00e9 lo hace tan especial?<\/strong><\/p>\n<p>En cuanto al S\u00e9rum F (mi beb\u00e9) puedo decirte que es un cocktail perfecto de principios activos de vitaminas y \u00e1cido hialur\u00f3nico que te deja el cutis como si hubieras dormido 12 horas. Es un producto de tratamiento que debe usarse a diario ya que penetra en profundidad en las capas inferiores de la piel.<\/p>\n<p>Si lo combinas con acci\u00f3n inmediata de germinal el resultado no puede ser mejor<\/p>\n<p>&nbsp;<\/p>\n<p><strong>A medida que cumplimos a\u00f1os nuestra piel va cambiando<\/strong><\/p>\n<p>Por supuesto!\u00a0 la piel cambia con el paso de los a\u00f1os, pero lo que tenemos que tener en cuenta es que, con un buen diagn\u00f3stico \u00a1\u00a1\u00a1podemos cambiar nuestra piel!!!<\/p>\n<p>&nbsp;<\/p>\n<p><strong>Por tus manos han pasado muchas celebrities, demasiada responsabilidad imagino<\/strong><\/p>\n<p>Siempre trato de hacer un buen trabajo, sea una celebrity o no, cuando una persona se pone en mis manos mi objetivo es sacar lo mejor de su imagen. Agradezco la confianza que han depositado en mi\u00a0 numerosas celebrities espa\u00f1olas e internacionales.<br \/>\nMis amores, como yo las llamo, son Mar Flores, quien triunfa como empresaria con su l\u00ednea de bolsos espectaculares fabricados de manera artesanal en Espa\u00f1a,\u00a0 Miren Ibarguren, una dama de la interpretaci\u00f3n con un actual exitazo en la serie \u201cLa que se avecina\u201d de Telecinco,\u00a0 Amaia Salamanca , \u00c1ngela Molina y Sabina Puertotas. Tambi\u00e9n he maquillado a Patricia Vico, Toni Acosta, Isabelle Huppert y Andie Mcdowell entre otros.<\/p>\n<p><strong><br \/>\n<\/strong><\/p>\n<p style=\"text-align: center;\"><strong><a href=\"https:\/\/blogs.hoy.es\/crea-tu-estilo-hoy\/2017\/01\/17\/david-frances-el-beauty-coach-mas-codiciado-del-momento-nos-cuenta-sus-secretos-para-cuidar-la-piel\/fullsizerender\/\" rel=\"attachment wp-att-101\"><img loading=\"lazy\" class=\"aligncenter  wp-image-101\" title=\"FullSizeRender\" src=\"\/crea-tu-estilo-hoy\/wp-content\/uploads\/sites\/58\/2017\/01\/FullSizeRender.jpg\" alt=\"\" width=\"198\" height=\"240\" srcset=\"https:\/\/static-blogs.hoy.es\/wp-content\/uploads\/sites\/58\/2017\/01\/FullSizeRender.jpg 1231w, https:\/\/static-blogs.hoy.es\/wp-content\/uploads\/sites\/58\/2017\/01\/FullSizeRender-248x300.jpg 248w, https:\/\/static-blogs.hoy.es\/wp-content\/uploads\/sites\/58\/2017\/01\/FullSizeRender-768x928.jpg 768w, https:\/\/static-blogs.hoy.es\/wp-content\/uploads\/sites\/58\/2017\/01\/FullSizeRender-847x1024.jpg 847w\" sizes=\"(max-width: 198px) 100vw, 198px\" \/><\/a><br \/>\n<\/strong><\/p>\n<p><strong>Cuando termina la sesi\u00f3n \u00bfqu\u00e9 te dicen?<\/strong><\/p>\n<p>Me encanta ver sus caras de satisfacci\u00f3n. Es muy gratificante saber que est\u00e1n conformes y que se van encantadas. Ten en cuenta que son personas cuya imagen es continuamente juzgada y tienen que ir perfectas. \u00a1Me siento feliz!<\/p>\n<p>&nbsp;<\/p>\n<p><strong>A qui\u00e9n te gustar\u00eda maquillar, \u00bfqui\u00e9n te falta?<\/strong><\/p>\n<p>Matar\u00eda por maquillar a Meryl strep y Julia Roberts, \u00a1me encantar\u00eda!<\/p>\n<p>&nbsp;<\/p>\n<p><strong>Para finalizar, dinos qu\u00e9 colores marcan tendencia este invierno<\/strong><\/p>\n<p>Sin duda los colores vino y verdes oscuros adem\u00e1s de los Eyeliners con glitter<br \/>\n<strong><\/strong><\/p>\n<p><strong>David d\u00f3nde podemos encontrarte \u00bfatiendes a todo el mundo que lo desee?<\/strong><\/p>\n<p>Por supuesto atiendo encantado a todo el mundo tanto para maquillarse como para un diagnostico de piel \u00a0o curso de maquillaje personalizado. Es accesible a todo el mundo, vivas o no en Madrid.<br \/>\nMi estudio esta integrado en una cl\u00ednica de est\u00e9tica dental, \u00a1una fusi\u00f3n que amo!<\/p>\n<p>Cl\u00ednica Smiling. w<a href=\"http:\/\/www.davidfrances.es\/\" target=\"_blank\">ww.davidfrances.es<\/a><\/p>\n<p style=\"text-align: center;\"><a href=\"https:\/\/blogs.hoy.es\/crea-tu-estilo-hoy\/2017\/01\/17\/david-frances-el-beauty-coach-mas-codiciado-del-momento-nos-cuenta-sus-secretos-para-cuidar-la-piel\/img_4074\/\" rel=\"attachment wp-att-102\"><img loading=\"lazy\" class=\" wp-image-102 aligncenter\" title=\"DAVID FRANCES\" src=\"\/crea-tu-estilo-hoy\/wp-content\/uploads\/sites\/58\/2017\/01\/IMG_4074-e1484670000698.jpg\" alt=\"\" width=\"135\" height=\"180\" srcset=\"https:\/\/static-blogs.hoy.es\/wp-content\/uploads\/sites\/58\/2017\/01\/IMG_4074-e1484670000698.jpg 1932w, https:\/\/static-blogs.hoy.es\/wp-content\/uploads\/sites\/58\/2017\/01\/IMG_4074-e1484670000698-225x300.jpg 225w, https:\/\/static-blogs.hoy.es\/wp-content\/uploads\/sites\/58\/2017\/01\/IMG_4074-e1484670000698-768x1024.jpg 768w\" sizes=\"(max-width: 135px) 100vw, 135px\" \/><\/a><\/p>\n<p style=\"text-align: center;\"><strong>Genial, ve haci\u00e9ndonos un hueco que vamos r\u00e1pido a ponernos guap\u00edsimas!!!!!!!!!!!!!! Muchas Gracias<\/strong><strong><\/strong><\/p>\n<p>&nbsp;<\/p>\n<!-- AddThis Advanced Settings generic via filter on the_content --><!-- AddThis Share Buttons generic via filter on the_content -->","protected":false},"excerpt":{"rendered":"<p>&nbsp; &nbsp; Maquillador de Celebrities como Mar Flores y Miren Ibarguren Su amplia experiencia avalan los fant\u00e1sticos resultados de quienes se ponen en sus manos. La combinaci\u00f3n de sus servicios de asesoramiento cosm\u00e9tico y est\u00e9tico de la piel, junto con la maestr\u00eda con la que maneja los pinceles, son los motivos por los que hoy [&hellip;]<!-- AddThis Advanced Settings generic via filter on get_the_excerpt --><!-- AddThis Share Buttons generic via filter on get_the_excerpt --><\/p>\n","protected":false},"author":63,"featured_media":0,"comment_status":"closed","ping_status":"closed","sticky":false,"template":"","format":"standard","meta":[],"categories":[2],"tags":[13,27,30,33,43,54,64],"_links":{"self":[{"href":"https:\/\/blogs.hoy.es\/crea-tu-estilo-hoy\/wp-json\/wp\/v2\/posts\/96"}],"collection":[{"href":"https:\/\/blogs.hoy.es\/crea-tu-estilo-hoy\/wp-json\/wp\/v2\/posts"}],"about":[{"href":"https:\/\/blogs.hoy.es\/crea-tu-estilo-hoy\/wp-json\/wp\/v2\/types\/post"}],"author":[{"embeddable":true,"href":"https:\/\/blogs.hoy.es\/crea-tu-estilo-hoy\/wp-json\/wp\/v2\/users\/63"}],"replies":[{"embeddable":true,"href":"https:\/\/blogs.hoy.es\/crea-tu-estilo-hoy\/wp-json\/wp\/v2\/comments?post=96"}],"version-history":[{"count":0,"href":"https:\/\/blogs.hoy.es\/crea-tu-estilo-hoy\/wp-json\/wp\/v2\/posts\/96\/revisions"}],"wp:attachment":[{"href":"https:\/\/blogs.hoy.es\/crea-tu-estilo-hoy\/wp-json\/wp\/v2\/media?parent=96"}],"wp:term":[{"taxonomy":"category","embeddable":true,"href":"https:\/\/blogs.hoy.es\/crea-tu-estilo-hoy\/wp-json\/wp\/v2\/categories?post=96"},{"taxonomy":"post_tag","embeddable":true,"href":"https:\/\/blogs.hoy.es\/crea-tu-estilo-hoy\/wp-json\/wp\/v2\/tags?post=96"}],"curies":[{"name":"wp","href":"https:\/\/api.w.org\/{rel}","templated":true}]}}