{"id":21512,"date":"2023-10-17T00:11:24","date_gmt":"2023-10-17T00:11:24","guid":{"rendered":"https:\/\/blogs.hoy.es\/cumpleanoshoy\/?p=21512"},"modified":"2023-10-16T13:47:59","modified_gmt":"2023-10-16T13:47:59","slug":"tal-dia-como-hoy-17-de-octubre-12","status":"publish","type":"post","link":"https:\/\/blogs.hoy.es\/cumpleanoshoy\/2023\/10\/17\/tal-dia-como-hoy-17-de-octubre-12\/","title":{"rendered":"Tal d\u00eda como HOY, 17 de octubre"},"content":{"rendered":"<p><strong>Hoy cumple a\u00f1os:<\/strong><\/p>\n<p><strong>Pablo Iglesias Turri\u00f3n<\/strong>, l\u00edder de Podemos, 17 de octubre de 1978: 45 a\u00f1os<\/p>\n<p>&nbsp;<\/p>\n<p><strong>Fue noticia (hace 25, 50 y 75 a\u00f1os)<\/strong>:<\/p>\n<p><img loading=\"lazy\" class=\"aligncenter size-medium wp-image-21515\" src=\"https:\/\/static-blogs.hoy.es\/wp-content\/uploads\/sites\/19\/2023\/10\/01199810175BAD_page-0001-205x300.jpg\" alt=\"\" width=\"205\" height=\"300\" srcset=\"https:\/\/static-blogs.hoy.es\/wp-content\/uploads\/sites\/19\/2023\/10\/01199810175BAD_page-0001-205x300.jpg 205w, https:\/\/static-blogs.hoy.es\/wp-content\/uploads\/sites\/19\/2023\/10\/01199810175BAD_page-0001-768x1121.jpg 768w, https:\/\/static-blogs.hoy.es\/wp-content\/uploads\/sites\/19\/2023\/10\/01199810175BAD_page-0001-701x1024.jpg 701w, https:\/\/static-blogs.hoy.es\/wp-content\/uploads\/sites\/19\/2023\/10\/01199810175BAD_page-0001.jpg 941w\" sizes=\"(max-width: 205px) 100vw, 205px\" \/><img loading=\"lazy\" class=\"aligncenter size-medium wp-image-21514\" src=\"https:\/\/static-blogs.hoy.es\/wp-content\/uploads\/sites\/19\/2023\/10\/01197310175BAD_page-0001-210x300.jpg\" alt=\"\" width=\"210\" height=\"300\" srcset=\"https:\/\/static-blogs.hoy.es\/wp-content\/uploads\/sites\/19\/2023\/10\/01197310175BAD_page-0001-210x300.jpg 210w, https:\/\/static-blogs.hoy.es\/wp-content\/uploads\/sites\/19\/2023\/10\/01197310175BAD_page-0001-768x1098.jpg 768w, https:\/\/static-blogs.hoy.es\/wp-content\/uploads\/sites\/19\/2023\/10\/01197310175BAD_page-0001-716x1024.jpg 716w, https:\/\/static-blogs.hoy.es\/wp-content\/uploads\/sites\/19\/2023\/10\/01197310175BAD_page-0001.jpg 961w\" sizes=\"(max-width: 210px) 100vw, 210px\" \/><img loading=\"lazy\" class=\"aligncenter size-medium wp-image-21513\" src=\"https:\/\/static-blogs.hoy.es\/wp-content\/uploads\/sites\/19\/2023\/10\/01194810175BAD_page-0001-210x300.jpg\" alt=\"\" width=\"210\" height=\"300\" srcset=\"https:\/\/static-blogs.hoy.es\/wp-content\/uploads\/sites\/19\/2023\/10\/01194810175BAD_page-0001-210x300.jpg 210w, https:\/\/static-blogs.hoy.es\/wp-content\/uploads\/sites\/19\/2023\/10\/01194810175BAD_page-0001-768x1098.jpg 768w, https:\/\/static-blogs.hoy.es\/wp-content\/uploads\/sites\/19\/2023\/10\/01194810175BAD_page-0001-716x1024.jpg 716w, https:\/\/static-blogs.hoy.es\/wp-content\/uploads\/sites\/19\/2023\/10\/01194810175BAD_page-0001.jpg 961w\" sizes=\"(max-width: 210px) 100vw, 210px\" \/><\/p>\n<p>&nbsp;<\/p>\n<p>&nbsp;<\/p>\n<p><strong>Las efem\u00e9rides del d\u00eda:<\/strong><\/p>\n<p>1755.- Fundaci\u00f3n del Jard\u00edn Bot\u00e1nico de Madrid.<br \/>\n1911.- Aprobadas las bases de la Mancomunidad Catalana.<br \/>\n1912.- Estalla la primera guerra balc\u00e1nica. Bulgaria, Grecia, Serbia y Montenegro declaran la guerra a Turqu\u00eda.<br \/>\n1919.- El Rey Alfonso XIII inaugura la primera l\u00ednea del Metro madrile\u00f1o, de 3,5 km, entre las estaciones de Cuatro Caminos y Sol.<br \/>\n1923.- Alzamiento popular en Filipinas contra la dominaci\u00f3n de Estados Unidos.<br \/>\n1934.- Tras doce d\u00edas de lucha, es sofocada militarmente la revoluci\u00f3n de Asturias que, seg\u00fan las cifras oficiales ocasion\u00f3 1.335 muertos y 2.932 heridos. Alrededor de 15.000 sublevados fueron encarcelados.<br \/>\n1947.- Se firma en Londres el tratado por el que Gran Breta\u00f1a reconoce la independencia de Birmania.<br \/>\n1951.- Los brit\u00e1nicos ocupan el canal de Suez.<br \/>\n1965.- El \u201cNew York Times\u201d inicia la publicaci\u00f3n de dominicales de gran volumen, con un ejemplar de 946 p\u00e1ginas y que pesaba 3,4 kilos.<br \/>\n1966.- Un terremoto de grado VIII en la escala modificada de Mercalli, asola la zona costera de Per\u00fa y causa 101 muertos, m\u00e1s de 1.500 heridos y graves da\u00f1os materiales.<br \/>\n1988.- La reina Isabel II de Inglaterra llega a Madrid en la primera visita oficial de un soberano brit\u00e1nico a Espa\u00f1a.<br \/>\n1989.- Un terremoto de 7,1 en la escala de Richter, sacude el norte de California y provoca la muerte a 70 personas, 3.000 heridos y da\u00f1os materiales de miles de millones.<br \/>\n1991.- La OTAN decide en Taormina (Italia) eliminar el 80 por ciento de su arsenal t\u00e1ctico en Europa, el mayor recorte de armamento nuclear de su historia.<br \/>\n.- Tres atentados de ETA se suceden en Madrid y causan la muerte de un teniente y graves heridas a un comandante, una mujer y la hija de \u00e9sta.<br \/>\n1994.- Israel y Jordania llegan a un acuerdo de paz, que supone la reconciliaci\u00f3n hist\u00f3rica entre dos pa\u00edses que durante 40 a\u00f1os se mantuvieron en estado de guerra.<br \/>\n2001.- El ministro israel\u00ed de Turismo, Rejabam Zehevi, es asesinado por extremistas palestinos.<br \/>\n2004.- El motorista espa\u00f1ol Dani Pedrosa (Honda) gana el de 250 cc.<br \/>\n2012.- La artiller\u00eda turca bombardea territorio sirio en represalia por el lanzamiento de un ob\u00fas que impact\u00f3 en suelo turco.<\/p>\n<p><strong>El\u00a017 de\u00a0octubre\u00a0nacieron:<\/strong><\/p>\n<p>1797.- Juan Lavalle, militar destacado en la guerra de la independencia de Argentina.<br \/>\n1912.- Albino Luciani, papa Juan Pablo I, de origen italiano.<br \/>\n1915.- Arthur Miller, dramaturgo estadounidense.<br \/>\n1918.- Rita Hayworth (Margarita Cansino), actriz estadounidense.<br \/>\n1919.- Jos\u00e9 L\u00f3pez Rega, pol\u00edtico argentino, cofundador del peronismo.<br \/>\n1920.- Miguel Delibes, escritor y periodista espa\u00f1ol.<br \/>\n.- Montgomery Clift, actor estadounidense.<br \/>\n1937.- Jos\u00e9 Mar\u00eda \u00c1lvarez del Manzano, pol\u00edtico espa\u00f1ol.<br \/>\n1947.- Alicia Tom\u00e1s, bailarina, actriz y torera espa\u00f1ola.<br \/>\n1958.- Melchor Miralles, periodista espa\u00f1ol.<br \/>\n1968.- Ziggy Marley, cantante, hijo de Bob Marley<br \/>\n1969.- Jes\u00fas \u00c1ngel Garc\u00eda Bragado, atleta.<br \/>\n1974.- Eminem, cantante de rap estadounidense, llamado Marshall Bruce Mathers.<br \/>\n1978.- Pablo Manuel Iglesias Turri\u00f3n, profesor y pol\u00edtico.<\/p>\n<p><strong>El\u00a017 de octubre\u00a0murieron:<\/strong><\/p>\n<p>1757.- Ren\u00e9 Reaumur, f\u00edsico franc\u00e9s.<br \/>\n1849.- Frederic Chopin, compositor polaco.<br \/>\n1934.- Santiago Ram\u00f3n y Cajal, m\u00e9dico espa\u00f1ol, premio Nobel en 1906.<br \/>\n1994.- Concepci\u00f3n Carro Alcaraz, actriz espa\u00f1ola conocida como Conchita Montes.<br \/>\n2005.- Ba Jin, escritor chino.<br \/>\n2009.- Rosanna Schiaffino, actriz italiana.<\/p>\n<!-- AddThis Advanced Settings generic via filter on the_content --><!-- AddThis Share Buttons generic via filter on the_content -->","protected":false},"excerpt":{"rendered":"<p>Hoy cumple a\u00f1os: Pablo Iglesias Turri\u00f3n, l\u00edder de Podemos, 17 de octubre de 1978: 45 a\u00f1os &nbsp; Fue noticia (hace 25, 50 y 75 a\u00f1os): &nbsp; &nbsp; Las efem\u00e9rides del d\u00eda: 1755.- Fundaci\u00f3n del Jard\u00edn Bot\u00e1nico de Madrid. 1911.- Aprobadas las bases de la Mancomunidad Catalana. 1912.- Estalla la primera guerra balc\u00e1nica. Bulgaria, Grecia, Serbia [&hellip;]<!-- AddThis Advanced Settings generic via filter on get_the_excerpt --><!-- AddThis Share Buttons generic via filter on get_the_excerpt --><\/p>\n","protected":false},"author":24883,"featured_media":0,"comment_status":"open","ping_status":"closed","sticky":false,"template":"","format":"standard","meta":[],"categories":[1],"tags":[],"_links":{"self":[{"href":"https:\/\/blogs.hoy.es\/cumpleanoshoy\/wp-json\/wp\/v2\/posts\/21512"}],"collection":[{"href":"https:\/\/blogs.hoy.es\/cumpleanoshoy\/wp-json\/wp\/v2\/posts"}],"about":[{"href":"https:\/\/blogs.hoy.es\/cumpleanoshoy\/wp-json\/wp\/v2\/types\/post"}],"author":[{"embeddable":true,"href":"https:\/\/blogs.hoy.es\/cumpleanoshoy\/wp-json\/wp\/v2\/users\/24883"}],"replies":[{"embeddable":true,"href":"https:\/\/blogs.hoy.es\/cumpleanoshoy\/wp-json\/wp\/v2\/comments?post=21512"}],"version-history":[{"count":1,"href":"https:\/\/blogs.hoy.es\/cumpleanoshoy\/wp-json\/wp\/v2\/posts\/21512\/revisions"}],"predecessor-version":[{"id":21516,"href":"https:\/\/blogs.hoy.es\/cumpleanoshoy\/wp-json\/wp\/v2\/posts\/21512\/revisions\/21516"}],"wp:attachment":[{"href":"https:\/\/blogs.hoy.es\/cumpleanoshoy\/wp-json\/wp\/v2\/media?parent=21512"}],"wp:term":[{"taxonomy":"category","embeddable":true,"href":"https:\/\/blogs.hoy.es\/cumpleanoshoy\/wp-json\/wp\/v2\/categories?post=21512"},{"taxonomy":"post_tag","embeddable":true,"href":"https:\/\/blogs.hoy.es\/cumpleanoshoy\/wp-json\/wp\/v2\/tags?post=21512"}],"curies":[{"name":"wp","href":"https:\/\/api.w.org\/{rel}","templated":true}]}}