{"id":21527,"date":"2023-10-20T00:10:39","date_gmt":"2023-10-20T00:10:39","guid":{"rendered":"https:\/\/blogs.hoy.es\/cumpleanoshoy\/?p=21527"},"modified":"2023-10-19T16:01:40","modified_gmt":"2023-10-19T16:01:40","slug":"tal-dia-como-hoy-20-de-octubre-12","status":"publish","type":"post","link":"https:\/\/blogs.hoy.es\/cumpleanoshoy\/2023\/10\/20\/tal-dia-como-hoy-20-de-octubre-12\/","title":{"rendered":"Tal d\u00eda como HOY, 20 de octubre"},"content":{"rendered":"<p><strong>Hoy cumple a\u00f1os:<\/strong><\/p>\n<p><strong>Alberto Amarilla<\/strong>, actor, 20 de octubre de 1980: 43 a\u00f1os<\/p>\n<p>&nbsp;<\/p>\n<p><strong>Fue noticia (hace 25, 50 y 75 a\u00f1os):<\/strong><\/p>\n<p><img loading=\"lazy\" class=\"aligncenter size-medium wp-image-21530\" src=\"https:\/\/static-blogs.hoy.es\/wp-content\/uploads\/sites\/19\/2023\/10\/01199810205BAD_page-0001-205x300.jpg\" alt=\"\" width=\"205\" height=\"300\" srcset=\"https:\/\/static-blogs.hoy.es\/wp-content\/uploads\/sites\/19\/2023\/10\/01199810205BAD_page-0001-205x300.jpg 205w, https:\/\/static-blogs.hoy.es\/wp-content\/uploads\/sites\/19\/2023\/10\/01199810205BAD_page-0001-768x1124.jpg 768w, https:\/\/static-blogs.hoy.es\/wp-content\/uploads\/sites\/19\/2023\/10\/01199810205BAD_page-0001-700x1024.jpg 700w, https:\/\/static-blogs.hoy.es\/wp-content\/uploads\/sites\/19\/2023\/10\/01199810205BAD_page-0001.jpg 939w\" sizes=\"(max-width: 205px) 100vw, 205px\" \/><img loading=\"lazy\" class=\"aligncenter size-medium wp-image-21529\" src=\"https:\/\/static-blogs.hoy.es\/wp-content\/uploads\/sites\/19\/2023\/10\/01197310205BAD_page-0001-210x300.jpg\" alt=\"\" width=\"210\" height=\"300\" srcset=\"https:\/\/static-blogs.hoy.es\/wp-content\/uploads\/sites\/19\/2023\/10\/01197310205BAD_page-0001-210x300.jpg 210w, https:\/\/static-blogs.hoy.es\/wp-content\/uploads\/sites\/19\/2023\/10\/01197310205BAD_page-0001-768x1098.jpg 768w, https:\/\/static-blogs.hoy.es\/wp-content\/uploads\/sites\/19\/2023\/10\/01197310205BAD_page-0001-716x1024.jpg 716w, https:\/\/static-blogs.hoy.es\/wp-content\/uploads\/sites\/19\/2023\/10\/01197310205BAD_page-0001.jpg 961w\" sizes=\"(max-width: 210px) 100vw, 210px\" \/><img loading=\"lazy\" class=\"aligncenter size-medium wp-image-21528\" src=\"https:\/\/static-blogs.hoy.es\/wp-content\/uploads\/sites\/19\/2023\/10\/01194810205BAD_page-0001-210x300.jpg\" alt=\"\" width=\"210\" height=\"300\" srcset=\"https:\/\/static-blogs.hoy.es\/wp-content\/uploads\/sites\/19\/2023\/10\/01194810205BAD_page-0001-210x300.jpg 210w, https:\/\/static-blogs.hoy.es\/wp-content\/uploads\/sites\/19\/2023\/10\/01194810205BAD_page-0001-768x1098.jpg 768w, https:\/\/static-blogs.hoy.es\/wp-content\/uploads\/sites\/19\/2023\/10\/01194810205BAD_page-0001-716x1024.jpg 716w, https:\/\/static-blogs.hoy.es\/wp-content\/uploads\/sites\/19\/2023\/10\/01194810205BAD_page-0001.jpg 961w\" sizes=\"(max-width: 210px) 100vw, 210px\" \/><\/p>\n<p>&nbsp;<\/p>\n<p>&nbsp;<\/p>\n<p><strong>Las efem\u00e9rides del d\u00eda:<\/strong><\/p>\n<p>1924.- La Conferencia de Embajadores aprueba un texto de la Sociedad de Naciones por el que se fijan las fronteras entre Polonia y Rusia.<br \/>\n1944.- Segunda Guerra Mundial. Tropas estadounidenses conquistan Aquisgr\u00e1n (Alemania).<br \/>\n1968.- Boda de Jacqueline Kennedy con Arist\u00f3teles Onassis.<br \/>\n1978.- En la segunda jornada del I Congreso de la UCD, Adolfo Su\u00e1rez se convierte en su presidente al ser \u00fanico aspirante.<br \/>\n1981.- Ratificado en refer\u00e9ndum el Estatuto de Autonom\u00eda de Andaluc\u00eda.<br \/>\n1986.- Pilar Mir\u00f3 toma posesi\u00f3n como directora general de RTVE y se convierte en la primera mujer en ocupar el puesto.<br \/>\n1987.- Helmut Kohl y Francois Mitterrand acuerdan en Bonn acelerar el eje Bonn-Par\u00eds, firmando nuevos acuerdos de cooperaci\u00f3n.<br \/>\n1991.- Las elecciones celebradas en Turqu\u00eda dan 178 esca\u00f1os al centroderechista Partido de la Recta V\u00eda de Suleyman Demirel, que se convierte en primer ministro al mes siguiente, y<br \/>\n115 al Partido de la Madre Patria de Turgut Ozal.<br \/>\n1991.- Un terremoto en Uttar Pradesh, en el norte de la India, con una magnitud de 6,1 grados Richter, causa unos 2.000 fallecidos.<br \/>\n2002.- El IRA aut\u00e9ntico anuncia su disoluci\u00f3n y el fin de sus actividades terroristas.<br \/>\n2005.- La Unesco aprueba el Convenio sobre Diversidad Cultural, con el voto en contra de EEUU e Israel.<br \/>\n2007.- Cientos de miles de personas se manifiestan en Roma (Italia) contra la precariedad laboral y en favor de los derechos civiles.<br \/>\n2010.- El Gobierno brit\u00e1nico del primer ministro David Cameron presenta el mayor programa de recortes presupuestarios en d\u00e9cadas para reducir el d\u00e9ficit, que implica suprimir medio mill\u00f3n de puestos de trabajadores p\u00fablicos.<br \/>\n2011.- ETA anuncia el cese definitivo de la actividad armada en un v\u00eddeo enviado al diario \u201cGara\u201d.<br \/>\n.- El dictador libio Muamar el Gadafi es asesinado por los rebeldes.<\/p>\n<p><strong>El 20 de octubre nacieron:<\/strong><\/p>\n<p>1854.- Jean-Arthur Rimbaud, poeta franc\u00e9s.<br \/>\n1917.- Stephane Hessel, diplom\u00e1tico, pol\u00edtico, fil\u00f3sofo y escritor franc\u00e9s, co-redactor de la \u201cDeclaraci\u00f3n Universal de los Derechos Humanos\u201d.<br \/>\n1923.- Enric Bernat Fontlladosa, empresario espa\u00f1ol, presidente de Chupa Chups.<br \/>\n1925.- Art Buchwald, periodista y escritor estadounidense.<br \/>\n1931.- Joan Salvat Dalmau, empresario y editor espa\u00f1ol.<br \/>\n1932.- Julia Guti\u00e9rrez Caba, actriz espa\u00f1ola.<br \/>\n1934.- Michiko, emperatriz de Jap\u00f3n.<br \/>\n1938.- Antonio Gim\u00e9nez-Rico, director de cine espa\u00f1ol.<br \/>\n1942.- Christiane Nusslein-Volhard, bioqu\u00edmica alemana y premio Nobel de Medicina.<br \/>\n1946.- Elfriede Jelinek, escritora austr\u00edaca, premio Nobel de Literatura 2004.<br \/>\n1951.- Claudio Ranieri, entrenador de f\u00fatbol y exfutbolista italiano.<br \/>\n1956.- Danny Boyle, director y productor brit\u00e1nico de ascendencia irlandesa.<br \/>\n1958.- Viggo Mortensen, actor estadounidense.<\/p>\n<p><strong>El 20 de octubre murieron:<\/strong><\/p>\n<p>1949.- Jacques Copeau, dramaturgo franc\u00e9s.<br \/>\n1978.- Gunnar Nilsson, piloto automovilista sueco.<br \/>\n1983.- Valent\u00edn Gonz\u00e1lez, \u201cEl Campesino\u201d, general del Ej\u00e9rcito republicano durante la Guerra Civil.<br \/>\n1994.- Burt Lancaster, actor estadounidense.<br \/>\n2007.- Juan Antonio Cebri\u00e1n, periodista espa\u00f1ol.<br \/>\n2011.- Muamar el Gadafi, dictador libio.<br \/>\n2014.- Oscar de la Renta, modisto y dise\u00f1ador dominicano.<\/p>\n<!-- AddThis Advanced Settings generic via filter on the_content --><!-- AddThis Share Buttons generic via filter on the_content -->","protected":false},"excerpt":{"rendered":"<p>Hoy cumple a\u00f1os: Alberto Amarilla, actor, 20 de octubre de 1980: 43 a\u00f1os &nbsp; Fue noticia (hace 25, 50 y 75 a\u00f1os): &nbsp; &nbsp; Las efem\u00e9rides del d\u00eda: 1924.- La Conferencia de Embajadores aprueba un texto de la Sociedad de Naciones por el que se fijan las fronteras entre Polonia y Rusia. 1944.- Segunda Guerra [&hellip;]<!-- AddThis Advanced Settings generic via filter on get_the_excerpt --><!-- AddThis Share Buttons generic via filter on get_the_excerpt --><\/p>\n","protected":false},"author":24883,"featured_media":0,"comment_status":"open","ping_status":"closed","sticky":false,"template":"","format":"standard","meta":[],"categories":[1],"tags":[],"_links":{"self":[{"href":"https:\/\/blogs.hoy.es\/cumpleanoshoy\/wp-json\/wp\/v2\/posts\/21527"}],"collection":[{"href":"https:\/\/blogs.hoy.es\/cumpleanoshoy\/wp-json\/wp\/v2\/posts"}],"about":[{"href":"https:\/\/blogs.hoy.es\/cumpleanoshoy\/wp-json\/wp\/v2\/types\/post"}],"author":[{"embeddable":true,"href":"https:\/\/blogs.hoy.es\/cumpleanoshoy\/wp-json\/wp\/v2\/users\/24883"}],"replies":[{"embeddable":true,"href":"https:\/\/blogs.hoy.es\/cumpleanoshoy\/wp-json\/wp\/v2\/comments?post=21527"}],"version-history":[{"count":1,"href":"https:\/\/blogs.hoy.es\/cumpleanoshoy\/wp-json\/wp\/v2\/posts\/21527\/revisions"}],"predecessor-version":[{"id":21531,"href":"https:\/\/blogs.hoy.es\/cumpleanoshoy\/wp-json\/wp\/v2\/posts\/21527\/revisions\/21531"}],"wp:attachment":[{"href":"https:\/\/blogs.hoy.es\/cumpleanoshoy\/wp-json\/wp\/v2\/media?parent=21527"}],"wp:term":[{"taxonomy":"category","embeddable":true,"href":"https:\/\/blogs.hoy.es\/cumpleanoshoy\/wp-json\/wp\/v2\/categories?post=21527"},{"taxonomy":"post_tag","embeddable":true,"href":"https:\/\/blogs.hoy.es\/cumpleanoshoy\/wp-json\/wp\/v2\/tags?post=21527"}],"curies":[{"name":"wp","href":"https:\/\/api.w.org\/{rel}","templated":true}]}}