{"id":21591,"date":"2023-11-03T00:05:45","date_gmt":"2023-11-03T00:05:45","guid":{"rendered":"https:\/\/blogs.hoy.es\/cumpleanoshoy\/?p=21591"},"modified":"2023-11-02T14:24:31","modified_gmt":"2023-11-02T14:24:31","slug":"tal-dia-como-hoy-3-de-noviembre-12","status":"publish","type":"post","link":"https:\/\/blogs.hoy.es\/cumpleanoshoy\/2023\/11\/03\/tal-dia-como-hoy-3-de-noviembre-12\/","title":{"rendered":"Tal d\u00eda como HOY, 3 de noviembre"},"content":{"rendered":"<p><strong>Hoy cumple a\u00f1os:<\/strong><\/p>\n<p><strong>Sa\u00fal Craviotto<\/strong>, pirag\u00fcista, 3 de noviembre de 1984: 39 a\u00f1os.<\/p>\n<p><strong>Ana Mil\u00e1n<\/strong>, actriz y presentadora, 3 de noviembre de 1973: 50 a\u00f1os.<\/p>\n<p>&nbsp;<\/p>\n<p><strong>Fue noticia (hace 25 y 75 a\u00f1os)<\/strong>:<\/p>\n<p><img loading=\"lazy\" class=\"aligncenter size-medium wp-image-21593\" src=\"https:\/\/static-blogs.hoy.es\/wp-content\/uploads\/sites\/19\/2023\/11\/01199811035BAD_page-0001-207x300.jpg\" alt=\"\" width=\"207\" height=\"300\" srcset=\"https:\/\/static-blogs.hoy.es\/wp-content\/uploads\/sites\/19\/2023\/11\/01199811035BAD_page-0001-207x300.jpg 207w, https:\/\/static-blogs.hoy.es\/wp-content\/uploads\/sites\/19\/2023\/11\/01199811035BAD_page-0001-768x1112.jpg 768w, https:\/\/static-blogs.hoy.es\/wp-content\/uploads\/sites\/19\/2023\/11\/01199811035BAD_page-0001-707x1024.jpg 707w, https:\/\/static-blogs.hoy.es\/wp-content\/uploads\/sites\/19\/2023\/11\/01199811035BAD_page-0001.jpg 949w\" sizes=\"(max-width: 207px) 100vw, 207px\" \/><img loading=\"lazy\" class=\"aligncenter size-medium wp-image-21592\" src=\"https:\/\/static-blogs.hoy.es\/wp-content\/uploads\/sites\/19\/2023\/11\/01194811035BAD_page-0001-207x300.jpg\" alt=\"\" width=\"207\" height=\"300\" srcset=\"https:\/\/static-blogs.hoy.es\/wp-content\/uploads\/sites\/19\/2023\/11\/01194811035BAD_page-0001-207x300.jpg 207w, https:\/\/static-blogs.hoy.es\/wp-content\/uploads\/sites\/19\/2023\/11\/01194811035BAD_page-0001-768x1112.jpg 768w, https:\/\/static-blogs.hoy.es\/wp-content\/uploads\/sites\/19\/2023\/11\/01194811035BAD_page-0001-707x1024.jpg 707w, https:\/\/static-blogs.hoy.es\/wp-content\/uploads\/sites\/19\/2023\/11\/01194811035BAD_page-0001.jpg 949w\" sizes=\"(max-width: 207px) 100vw, 207px\" \/><\/p>\n<p>&nbsp;<\/p>\n<p><strong>Las efem\u00e9rides del d\u00eda:<\/strong><\/p>\n<p>1493.- El navegante Crist\u00f3bal Col\u00f3n descubre la isla \u201cLa Deseada\u201d (Antillas Menores) en su segundo viaje.<\/p>\n<p>1893.- Una explosi\u00f3n en el barco \u201cCabo Machichaco\u201d, atracado en el puerto de Santander con 51 toneladas de dinamita, causa la muerte de 590 personas y heridas a unas dos mil.<\/p>\n<p>1906.- El psiquiatra alem\u00e1n Alois Alzheimer presenta a la comunidad m\u00e9dica \u201cun proceso patol\u00f3gico grave de la corteza cerebral\u201d, considerado la primera descripci\u00f3n de la demencia tipo alzheimer.<\/p>\n<p>1935.- En Grecia es restablecido en el trono, mediante plebiscito, el rey Jorge II, hijo mayor del rey Constantino I.<\/p>\n<p>1936.- En Estados Unidos los republicanos obtienen la mayor\u00eda en el Congreso, pero Franklin D. Roosevelt (dem\u00f3crata) es reelegido presidente por un amplio margen sobre su oponente, el republicano Alfred M. Landon.<\/p>\n<p>1943.- El Gobierno espa\u00f1ol ordena la repatriaci\u00f3n de la \u201cDivisi\u00f3n Azul\u201d, una unidad de voluntarios espa\u00f1oles formada para luchar contra la Uni\u00f3n Sovi\u00e9tica durante la Segunda Guerra Mundial.<\/p>\n<p>1946.- Se promulga la Constituci\u00f3n de Jap\u00f3n. El emperador pasa a ser s\u00edmbolo del Estado y de la unidad del pueblo y la soberan\u00eda se le otorga al Parlamento.<\/p>\n<p>1957.- La URSS lanza al espacio su segundo sat\u00e9lite (Sputnik II) con la perrita \u201cLaika\u201d a bordo, el primer ser vivo en orbitar la Tierra.<\/p>\n<p>1958.- Se inaugura en Par\u00eds la sede de la ONU para la Educaci\u00f3n, la Ciencia y la Cultura (UNESCO).<\/p>\n<p>1964.-El dem\u00f3crata Lyndon B. Johnson, que hab\u00eda sucedido al asesinado John F. Kennedy, es elegido presidente de Estados Unidos.<\/p>\n<p>1973.- Estados Unidos lanza la sonda espacial \u201cMariner 10\u201d, con la misi\u00f3n de explorar Venus y Mercurio.<\/p>\n<p>1982.- Un fuego en el t\u00fanel afgano de Salang, en la cordillera de Hindukuch, causa la muerte de al menos un millar de personas, entre soldados sovi\u00e9ticos y civiles afganos. Est\u00e1 considerada una de las mayores tragedias de la guerra de Afganist\u00e1n.<\/p>\n<p>1986.- Joaquim Chissano, de la etnia Shangana, designado presidente de Mozambique.<\/p>\n<p>1987.- El cantautor brit\u00e1nico George Michael publica \u201cFaith\u201d, su primer \u00e1lbum de estudio tras separarse del d\u00fao Wham que form\u00f3 hasta 1986 con Andrew Ridgeley.<\/p>\n<p>1992.- William Jefferson \u201cBill\u201d Clinton (dem\u00f3crata), es elegido 42 presidente de Estados Unidos.<\/p>\n<p>1994. Es lanzado al espacio el transbordador norteamericano Atlantis, con seis astronautas a bordo, entre ellos una mujer.<\/p>\n<p>1996.- El Gobierno de Camboya alcanza un acuerdo de paz con la facci\u00f3n disidente del Jemer Rojo, los seguidores del Partido Popular Revolucionario Jemer o Partido Comunista Jemer de Camboya, en cuya fundaci\u00f3n particip\u00f3 en 1960 Pol Pot.<\/p>\n<p>1998.- Se inaugura en Estrasburgo (Francia) el Tribunal Europeo de Derechos Humanos (TEDH)<\/p>\n<p>.- La empresa de telecomunicaciones estadounidense Iridium lanza al mercado el primer servicio de telefon\u00eda v\u00eda sat\u00e9lite del mundo.<\/p>\n<p>2000.- El comisario general de la Polic\u00eda Judicial espa\u00f1ola, Jes\u00fas Higares, es elegido por unanimidad presidente de la Organizaci\u00f3n Internacional de Polic\u00eda Criminal (Interpol).<\/p>\n<p>2002.- En Turqu\u00eda, el Partido de la Justicia y Desarrollo (PJD) logra la mayor\u00eda absoluta en las elecciones legislativas y se convierte en la primera formaci\u00f3n integrista isl\u00e1mica que accede al poder en este pa\u00eds.<\/p>\n<p>2004.- Hamid Karzai es proclamado primer presidente democr\u00e1tico en Afganist\u00e1n.<\/p>\n<p>2005.- Las autoridades de Pakist\u00e1n comunican la detenci\u00f3n de tres supuestos terroristas, entre ellos Mustaf\u00e1 Setmarian Nasar, presunto organizador de los atentados del 11M en Madrid.<\/p>\n<p>2006.- La ONU elige la ciudad espa\u00f1ola de Manises (Valencia) para levantar un centro de apoyo log\u00edstico en el Mediterr\u00e1neo.<\/p>\n<p>2009.- Muere el escritor espa\u00f1ol Francisco Ayala en Madrid a los 103 a\u00f1os.<\/p>\n<p>2010.- El estudio de cine de Hollywood (Estados Unidos) Metro Goldwyn Mayer (MGM) se declara oficialmente en bancarrota.<\/p>\n<p>2015.- La automovil\u00edstica Volkswagen revela \u201cirregularidades\u201d en las emisiones de CO2 de 800.000 veh\u00edculos.<\/p>\n<p>2017.- La Audiencia Nacional ordena detener al expresidente de la Generalitat de Catalu\u00f1a, Carles Puigdemont, y a los cuatro exconsellers que viajaron con \u00e9l a B\u00e9lgica y les acusa de promover \u201cun movimiento de insurrecci\u00f3n activa\u201d para conseguir la secesi\u00f3n\u201d.<\/p>\n<p>&nbsp;<\/p>\n<p><strong>El\u00a03 de\u00a0noviembre\u00a0nacieron:<\/strong><\/p>\n<p>1500.- Benvenuto Cellini, escultor y orfebre florentino.<\/p>\n<p>1856.- Marcelino Men\u00e9ndez y Pelayo, pol\u00edgrafo espa\u00f1ol.<\/p>\n<p>1901.- Leopoldo III, rey de B\u00e9lgica.<\/p>\n<p>.- Andr\u00e9 Malraux, escritor y pol\u00edtico franc\u00e9s.<\/p>\n<p>1912.- Alfredo Stroessner, pol\u00edtico y militar paraguayo.<\/p>\n<p>1921.- Charles Bronson, actor estadounidense.<\/p>\n<p>1931.- Monica Vitti, actriz italiana.<\/p>\n<p>1932.- Albert Reynolds, exprimer ministro irland\u00e9s.<\/p>\n<p>1933.- Michael Dukakis, pol\u00edtico de EE. UU.<\/p>\n<p>1945.- Jorge Dezcallar de Mazarredo, diplom\u00e1tico espa\u00f1ol.<\/p>\n<p>1946.- Manuel Patarroyo, m\u00e9dico colombiano.<\/p>\n<p>1973.- Ana Bel\u00e9n Garc\u00eda Mil\u00e1n, Ana Mil\u00e1n, actriz y presentadora espa\u00f1ola.<\/p>\n<p>1976.- Marta Dom\u00ednguez, atleta espa\u00f1ola.<\/p>\n<p>1995.- Kendall Nicole Jenner, Kendall Jenne\u201d, modelo y empresaria estadounidense.<\/p>\n<p>&nbsp;<\/p>\n<p><strong>El 3 de noviembre\u00a0murieron:<\/strong><\/p>\n<p>1873.- Antonio de los R\u00edos Rosas, pol\u00edtico espa\u00f1ol.<\/p>\n<p>1931.- Juan Zorrilla San Martin, poeta uruguayo.<\/p>\n<p>1940.- Manuel Aza\u00f1a D\u00edaz, expresidente de la Rep\u00fablica espa\u00f1ola.<\/p>\n<p>1949.- Salom\u00f3n Guggenheim, mecenas estadounidense.<\/p>\n<p>1954.- Henri Matisse, pintor franc\u00e9s.<\/p>\n<p>1992.- Armando Tejada G\u00f3mez, poeta y folclorista argentino.<\/p>\n<p>1996.- Jean Bedel Bokassa, expresidente de la Rep\u00fablica Centroafricana y autoproclamado emperador.<\/p>\n<p>1997.- Edmond de Rothschild, banquero multimillonario franc\u00e9s.<\/p>\n<p>2006.- Paul Mauriat, director franc\u00e9s de orquesta.<\/p>\n<p>2009.- Francisco Ayala Garc\u00eda-Duarte, escritor espa\u00f1ol.<\/p>\n<p>2010.- V\u00edktor Chernomirdin, exprimer ministro ruso.<\/p>\n<p>2018.- Sandra Locke, actriz estadounidense. EFE<\/p>\n<!-- AddThis Advanced Settings generic via filter on the_content --><!-- AddThis Share Buttons generic via filter on the_content -->","protected":false},"excerpt":{"rendered":"<p>Hoy cumple a\u00f1os: Sa\u00fal Craviotto, pirag\u00fcista, 3 de noviembre de 1984: 39 a\u00f1os. Ana Mil\u00e1n, actriz y presentadora, 3 de noviembre de 1973: 50 a\u00f1os. &nbsp; Fue noticia (hace 25 y 75 a\u00f1os): &nbsp; Las efem\u00e9rides del d\u00eda: 1493.- El navegante Crist\u00f3bal Col\u00f3n descubre la isla \u201cLa Deseada\u201d (Antillas Menores) en su segundo viaje. 1893.- [&hellip;]<!-- AddThis Advanced Settings generic via filter on get_the_excerpt --><!-- AddThis Share Buttons generic via filter on get_the_excerpt --><\/p>\n","protected":false},"author":24883,"featured_media":0,"comment_status":"open","ping_status":"closed","sticky":false,"template":"","format":"standard","meta":[],"categories":[1],"tags":[],"_links":{"self":[{"href":"https:\/\/blogs.hoy.es\/cumpleanoshoy\/wp-json\/wp\/v2\/posts\/21591"}],"collection":[{"href":"https:\/\/blogs.hoy.es\/cumpleanoshoy\/wp-json\/wp\/v2\/posts"}],"about":[{"href":"https:\/\/blogs.hoy.es\/cumpleanoshoy\/wp-json\/wp\/v2\/types\/post"}],"author":[{"embeddable":true,"href":"https:\/\/blogs.hoy.es\/cumpleanoshoy\/wp-json\/wp\/v2\/users\/24883"}],"replies":[{"embeddable":true,"href":"https:\/\/blogs.hoy.es\/cumpleanoshoy\/wp-json\/wp\/v2\/comments?post=21591"}],"version-history":[{"count":1,"href":"https:\/\/blogs.hoy.es\/cumpleanoshoy\/wp-json\/wp\/v2\/posts\/21591\/revisions"}],"predecessor-version":[{"id":21594,"href":"https:\/\/blogs.hoy.es\/cumpleanoshoy\/wp-json\/wp\/v2\/posts\/21591\/revisions\/21594"}],"wp:attachment":[{"href":"https:\/\/blogs.hoy.es\/cumpleanoshoy\/wp-json\/wp\/v2\/media?parent=21591"}],"wp:term":[{"taxonomy":"category","embeddable":true,"href":"https:\/\/blogs.hoy.es\/cumpleanoshoy\/wp-json\/wp\/v2\/categories?post=21591"},{"taxonomy":"post_tag","embeddable":true,"href":"https:\/\/blogs.hoy.es\/cumpleanoshoy\/wp-json\/wp\/v2\/tags?post=21591"}],"curies":[{"name":"wp","href":"https:\/\/api.w.org\/{rel}","templated":true}]}}