{"id":21595,"date":"2023-11-05T00:11:31","date_gmt":"2023-11-05T00:11:31","guid":{"rendered":"https:\/\/blogs.hoy.es\/cumpleanoshoy\/?p=21595"},"modified":"2023-11-04T14:40:27","modified_gmt":"2023-11-04T14:40:27","slug":"tal-dia-como-hoy-5-de-noviembre-12","status":"publish","type":"post","link":"https:\/\/blogs.hoy.es\/cumpleanoshoy\/2023\/11\/05\/tal-dia-como-hoy-5-de-noviembre-12\/","title":{"rendered":"Tal d\u00eda como HOY, 5 de noviembre"},"content":{"rendered":"<p><strong>Hoy cumple a\u00f1os:<\/strong><\/p>\n<p><b>Julio Morales Bravo,\u00a0<\/b>director territorial de Liberbank en Extremadura, 5 de noviembre de\u00a01959 a\u00f1os: 64 a\u00f1os.<\/p>\n<p><strong>Aitana S\u00e1nchez-Gij\u00f3n<\/strong>, actriz, 5 de noviembre de 1968: 55 a\u00f1os.<\/p>\n<p><strong>Eva Gonz\u00e1lez Fern\u00e1ndez<\/strong>, presentadora de televisi\u00f3n y Miss Espa\u00f1a 2003, 5 de noviembre de 1980: 43 a\u00f1os.<\/p>\n<p>&nbsp;<\/p>\n<p><strong>Fue noticia (hace 25 y 75 a\u00f1os):<\/strong><\/p>\n<p><img loading=\"lazy\" class=\"aligncenter size-medium wp-image-21597\" src=\"https:\/\/static-blogs.hoy.es\/wp-content\/uploads\/sites\/19\/2023\/11\/01199811055BAD_page-0001-207x300.jpg\" alt=\"\" width=\"207\" height=\"300\" srcset=\"https:\/\/static-blogs.hoy.es\/wp-content\/uploads\/sites\/19\/2023\/11\/01199811055BAD_page-0001-207x300.jpg 207w, https:\/\/static-blogs.hoy.es\/wp-content\/uploads\/sites\/19\/2023\/11\/01199811055BAD_page-0001-768x1114.jpg 768w, https:\/\/static-blogs.hoy.es\/wp-content\/uploads\/sites\/19\/2023\/11\/01199811055BAD_page-0001-706x1024.jpg 706w, https:\/\/static-blogs.hoy.es\/wp-content\/uploads\/sites\/19\/2023\/11\/01199811055BAD_page-0001.jpg 947w\" sizes=\"(max-width: 207px) 100vw, 207px\" \/><img loading=\"lazy\" class=\"aligncenter size-medium wp-image-21596\" src=\"https:\/\/static-blogs.hoy.es\/wp-content\/uploads\/sites\/19\/2023\/11\/01194811055BAD_page-0001-207x300.jpg\" alt=\"\" width=\"207\" height=\"300\" srcset=\"https:\/\/static-blogs.hoy.es\/wp-content\/uploads\/sites\/19\/2023\/11\/01194811055BAD_page-0001-207x300.jpg 207w, https:\/\/static-blogs.hoy.es\/wp-content\/uploads\/sites\/19\/2023\/11\/01194811055BAD_page-0001-768x1112.jpg 768w, https:\/\/static-blogs.hoy.es\/wp-content\/uploads\/sites\/19\/2023\/11\/01194811055BAD_page-0001-707x1024.jpg 707w, https:\/\/static-blogs.hoy.es\/wp-content\/uploads\/sites\/19\/2023\/11\/01194811055BAD_page-0001.jpg 949w\" sizes=\"(max-width: 207px) 100vw, 207px\" \/><\/p>\n<p>&nbsp;<\/p>\n<div class=\"voc-detail voc-list-blog voc-detail-grid-inverted\" data-voc-share-selection=\"\">\n<p><strong>Las efem\u00e9rides del d\u00eda:\u00a0<\/strong><\/p>\n<p>1414.- Comienza el Concilio de Constanza, en el que se pone fin al llamado Cisma de Occidente.<\/p>\n<p>1712.- Felipe V de Espa\u00f1a firma un acta de renuncia a la Corona de Francia para \u00e9l y sus descendientes.<\/p>\n<p>1912.- El dem\u00f3crata Thomas Woodrow Wilson es elegido presidente de Estados Unidos.<\/p>\n<p>1914.- Gran Breta\u00f1a, Francia y Rusia declaran la guerra al imperio otomano.<\/p>\n<p>1916.- El emperador alem\u00e1n Guillermo II y el emperador austr\u00edaco Francisco Jos\u00e9 I proclaman el reino independiente de Polonia.<\/p>\n<p>1920.- Hallado en Santiago de Compostela un retrato de Carlos IV pintado por Goya.<\/p>\n<p>1928.- El republicano Herbert Clark Hoover es elegido presidente de los Estados Unidos.<\/p>\n<p>1940.- Franklin Delano Roosevelt es reelegido por tercera vez presidente de Estados Unidos.<\/p>\n<p>1942.- Segunda Guerra Mundial. El Gobierno franc\u00e9s de Vichy y el del Reino Unido firman un armisticio por el que Madagascar pasa a manos de los aliados.<\/p>\n<p>1968.- El republicano Richard Nixon es elegido presidente de Estados Unidos, con el 43,4 % de los votos.<\/p>\n<p>1992.- El Parlamento de Georgia nombra a Eduard Shevardnadze jefe del Estado y le otorga poderes especiales.<\/p>\n<p>1996.- Bill Clinton, reelegido presidente de EEUU, con un 49 % de los votos, frente al 41 % de su rival, el republicano Robert Dole. En el Congreso, los republicanos consiguen 225 esca\u00f1os y 209 de los dem\u00f3cratas. Clinton es el primer dem\u00f3crata reelegido desde Franklin Delano Roosevelt, en 1936.<\/p>\n<p>1998.- Sale el primer n\u00famero del diario \u201cLa Raz\u00f3n\u201d, con una tirada de 500.000 ejemplares. Su fundador y presidente del Consejo de Direcci\u00f3n es Luis Mar\u00eda Ans\u00f3n.<\/p>\n<p>2001.- Las tenistas Arantxa S\u00e1nchez Vicario y Conchita Mart\u00ednez condecoradas con la Gran Cruz de la Real Orden del M\u00e9rito Deportivo, por el presidente Aznar.<\/p>\n<p>.- La novela de Jean-Christophe Rufin, \u201cRouge Br\u00e9sil\u201d, obtiene el premio Goncourt.<\/p>\n<p>2002.- El Tribunal Supremo re\u00fane en un solo procedimiento las demandas presentadas por el Gobierno y la Fiscal\u00eda General del Estado que propugnan la ilegalizaci\u00f3n de Batasuna.<\/p>\n<p>2006.- Un tribunal de Bagdad condena a la horca al ex dictador iraqu\u00ed Sadam Hussein por la matanza de 148 chi\u00edes en 1982.<\/p>\n<p>.- Daniel Ortega, l\u00edder del Frente Sandinista de Liberaci\u00f3n Nacional, es elegido presidente de Nicaragua.<\/p>\n<p>2007.- Primera visita de los Reyes de Espa\u00f1a a Ceuta y Melilla.<\/p>\n<p>&nbsp;<\/p>\n<p><strong>El 5\u00a0de noviembre\u00a0nacieron:<\/strong><\/p>\n<p>1854.- Paul Sabatier, qu\u00edmico franc\u00e9s, P. Nobel 1912.<\/p>\n<p>1913.- Vivien Leigh, actriz brit\u00e1nica.<\/p>\n<p>1926.- John Berger, ensayista y pintor brit\u00e1nico.<\/p>\n<p>1929.- Emilio Lled\u00f3 I\u00f1igo, fil\u00f3sofo, catedr\u00e1tico y acad\u00e9mico espa\u00f1ol.<\/p>\n<p>1938.- C\u00e9sar Luis Menotti, entrenador de f\u00fatbol argentino.<\/p>\n<p>1940.- Elke Sommer, actriz de cine alemana.<\/p>\n<p>1941.- Art Garfunkel, cantante y m\u00fasico estadounidense.<\/p>\n<p>1943.- Sam Shepard, escritor y actor estadounidense.<\/p>\n<p>1948.- Bernard-Henri L\u00e9vy, fil\u00f3sofo y escritor franc\u00e9s.<\/p>\n<p>1959.- Bryan Adams, cantante y compositor canadiense.<\/p>\n<p>&nbsp;<\/p>\n<p><strong>El 5\u00a0de noviembre\u00a0murieron:<\/strong><\/p>\n<p>1867.- Leopoldo O\u2019Donell, militar y estadista espa\u00f1ol.<\/p>\n<p>1973.- Joaqu\u00edn Maurin, pol\u00edtico espa\u00f1ol.<\/p>\n<p>1991.- Robert Maxwell, editor brit\u00e1nico de prensa.<\/p>\n<p>1991.- Fred Mac Murray, actor estadounidense.<\/p>\n<p>1999.- Jos\u00e9 Mar\u00eda Caffarell, actor espa\u00f1ol.<\/p>\n<p>2001.- Rodolfo Bravo, actor chileno.<\/p>\n<p>2002.- Joaqu\u00edn Navarro Perona, \u201cEl Fifo\u201d, ex futbolista del Real Madrid.<\/p>\n<p>2005.- Federico Carlos Sainz de Robles, jurista espa\u00f1ol.<\/p>\n<p>2007.- Nils Liedholm, ex futbolista sueco.<\/p>\n<p>2009.- F\u00e9lix Luna, historiador argentino.<\/p>\n<p>2010.- Francisco Mart\u00ednez Socias, Paco Mars\u00f3, productor de cine espa\u00f1ol.<\/p>\n<p>2011.- Loulou de la Falaise, dise\u00f1adora de joyas inglesa.<\/p>\n<div class=\"at-below-post addthis_tool\" data-url=\"https:\/\/blogs.hoy.es\/cumpleanoshoy\/2022\/11\/04\/tal-dia-como-hoy-5-de-noviembre-11\/\"><\/div>\n<\/div>\n<!-- AddThis Advanced Settings generic via filter on the_content --><!-- AddThis Share Buttons generic via filter on the_content -->","protected":false},"excerpt":{"rendered":"<p>Hoy cumple a\u00f1os: Julio Morales Bravo,\u00a0director territorial de Liberbank en Extremadura, 5 de noviembre de\u00a01959 a\u00f1os: 64 a\u00f1os. Aitana S\u00e1nchez-Gij\u00f3n, actriz, 5 de noviembre de 1968: 55 a\u00f1os. Eva Gonz\u00e1lez Fern\u00e1ndez, presentadora de televisi\u00f3n y Miss Espa\u00f1a 2003, 5 de noviembre de 1980: 43 a\u00f1os. &nbsp; Fue noticia (hace 25 y 75 a\u00f1os): &nbsp; Las [&hellip;]<!-- AddThis Advanced Settings generic via filter on get_the_excerpt --><!-- AddThis Share Buttons generic via filter on get_the_excerpt --><\/p>\n","protected":false},"author":24883,"featured_media":0,"comment_status":"open","ping_status":"closed","sticky":false,"template":"","format":"standard","meta":[],"categories":[1],"tags":[],"_links":{"self":[{"href":"https:\/\/blogs.hoy.es\/cumpleanoshoy\/wp-json\/wp\/v2\/posts\/21595"}],"collection":[{"href":"https:\/\/blogs.hoy.es\/cumpleanoshoy\/wp-json\/wp\/v2\/posts"}],"about":[{"href":"https:\/\/blogs.hoy.es\/cumpleanoshoy\/wp-json\/wp\/v2\/types\/post"}],"author":[{"embeddable":true,"href":"https:\/\/blogs.hoy.es\/cumpleanoshoy\/wp-json\/wp\/v2\/users\/24883"}],"replies":[{"embeddable":true,"href":"https:\/\/blogs.hoy.es\/cumpleanoshoy\/wp-json\/wp\/v2\/comments?post=21595"}],"version-history":[{"count":1,"href":"https:\/\/blogs.hoy.es\/cumpleanoshoy\/wp-json\/wp\/v2\/posts\/21595\/revisions"}],"predecessor-version":[{"id":21598,"href":"https:\/\/blogs.hoy.es\/cumpleanoshoy\/wp-json\/wp\/v2\/posts\/21595\/revisions\/21598"}],"wp:attachment":[{"href":"https:\/\/blogs.hoy.es\/cumpleanoshoy\/wp-json\/wp\/v2\/media?parent=21595"}],"wp:term":[{"taxonomy":"category","embeddable":true,"href":"https:\/\/blogs.hoy.es\/cumpleanoshoy\/wp-json\/wp\/v2\/categories?post=21595"},{"taxonomy":"post_tag","embeddable":true,"href":"https:\/\/blogs.hoy.es\/cumpleanoshoy\/wp-json\/wp\/v2\/tags?post=21595"}],"curies":[{"name":"wp","href":"https:\/\/api.w.org\/{rel}","templated":true}]}}