{"id":21599,"date":"2023-11-05T21:23:21","date_gmt":"2023-11-05T21:23:21","guid":{"rendered":"https:\/\/blogs.hoy.es\/cumpleanoshoy\/?p=21599"},"modified":"2023-11-05T22:12:00","modified_gmt":"2023-11-05T22:12:00","slug":"tal-dia-como-hoy-6-de-noviembre-10","status":"publish","type":"post","link":"https:\/\/blogs.hoy.es\/cumpleanoshoy\/2023\/11\/05\/tal-dia-como-hoy-6-de-noviembre-10\/","title":{"rendered":"Tal d\u00eda como HOY, 6 de noviembre"},"content":{"rendered":"<header class=\"article-top-header col-12\">\n<div class=\"article-top\">\n<div class=\"epigraph-container\" data-gtm-element-container=\"modulo-texto-link\" data-mrf-recirculation=\"Ep\u00edgrafe noticia\"><\/div>\n<\/div>\n<\/header>\n<div class=\"article-content col-12 col-md-8\">\n<div class=\"article-modules\" data-mrf-recirculation=\"Enlaces en p\u00e1rrafos\">\n<p class=\"paragraph\" data-gtm-element-container=\"modulo-texto-link\"><strong>Tal d\u00eda como hoy cumple a\u00f1os:<\/strong><\/p>\n<\/div>\n<p data-gtm-element-container=\"modulo-texto-link\">\u200bEnma Stone, actriz (Scottsdale,\u00a0Arizona;\u00a06 de noviembre\u00a0de\u00a01988): 36 a\u00f1os.<\/p>\n<\/div>\n<p data-gtm-element-container=\"modulo-texto-link\"><strong>Fue noticia:\u00a0<\/strong><\/p>\n<div id=\"attachment_21603\" style=\"width: 216px\" class=\"wp-caption aligncenter\"><img aria-describedby=\"caption-attachment-21603\" loading=\"lazy\" class=\"size-medium wp-image-21603\" src=\"https:\/\/static-blogs.hoy.es\/wp-content\/uploads\/sites\/19\/2023\/11\/riada--206x300.jpg\" alt=\"\" width=\"206\" height=\"300\" srcset=\"https:\/\/static-blogs.hoy.es\/wp-content\/uploads\/sites\/19\/2023\/11\/riada--206x300.jpg 206w, https:\/\/static-blogs.hoy.es\/wp-content\/uploads\/sites\/19\/2023\/11\/riada--768x1116.jpg 768w, https:\/\/static-blogs.hoy.es\/wp-content\/uploads\/sites\/19\/2023\/11\/riada--705x1024.jpg 705w, https:\/\/static-blogs.hoy.es\/wp-content\/uploads\/sites\/19\/2023\/11\/riada-.jpg 795w\" sizes=\"(max-width: 206px) 100vw, 206px\" \/><p id=\"caption-attachment-21603\" class=\"wp-caption-text\">Hace 25 a\u00f1os.<\/p><\/div>\n<div id=\"attachment_21605\" style=\"width: 204px\" class=\"wp-caption aligncenter\"><img aria-describedby=\"caption-attachment-21605\" loading=\"lazy\" class=\"size-medium wp-image-21605\" src=\"https:\/\/static-blogs.hoy.es\/wp-content\/uploads\/sites\/19\/2023\/11\/PORTADA-50-194x300.jpg\" alt=\"\" width=\"194\" height=\"300\" srcset=\"https:\/\/static-blogs.hoy.es\/wp-content\/uploads\/sites\/19\/2023\/11\/PORTADA-50-194x300.jpg 194w, https:\/\/static-blogs.hoy.es\/wp-content\/uploads\/sites\/19\/2023\/11\/PORTADA-50-768x1188.jpg 768w, https:\/\/static-blogs.hoy.es\/wp-content\/uploads\/sites\/19\/2023\/11\/PORTADA-50-662x1024.jpg 662w, https:\/\/static-blogs.hoy.es\/wp-content\/uploads\/sites\/19\/2023\/11\/PORTADA-50.jpg 781w\" sizes=\"(max-width: 194px) 100vw, 194px\" \/><p id=\"caption-attachment-21605\" class=\"wp-caption-text\">Hace 50 a\u00f1os.<\/p><\/div>\n<div class=\"article-content col-12 col-md-8\">\n<div class=\"article-modules\" data-mrf-recirculation=\"Enlaces en p\u00e1rrafos\">\n<p class=\"paragraph\" data-gtm-element-container=\"modulo-texto-link\"><strong>Efem\u00e9rides para el lunes 6 de noviembre de 2023.<\/strong><\/p>\n<p class=\"paragraph\" data-gtm-element-container=\"modulo-texto-link\">D\u00eda Internacional para la prevenci\u00f3n de la explotaci\u00f3n del medio ambiente en la guerra y los conflictos armados.<\/p>\n<p class=\"paragraph\" data-gtm-element-container=\"modulo-texto-link\">D\u00eda Mundial del Saxof\u00f3n.<\/p>\n<p class=\"paragraph\" data-gtm-element-container=\"modulo-texto-link\">1837.- El bandolero Luis Candelas es ajusticiado p\u00fablicamente, mediante garrote vil, en una plaza de Madrid (Espa\u00f1a).<\/p>\n<p class=\"paragraph\" data-gtm-element-container=\"modulo-texto-link\">1860.- Abraham Lincoln es el primer republicano de la historia de Estados Unidos elegido presidente.<\/p>\n<p class=\"paragraph\" data-gtm-element-container=\"modulo-texto-link\">1936.- Valencia (Espa\u00f1a) se convierte en la sede del gobierno leg\u00edtimo de la Segunda Rep\u00fablica, ciudad a la que se traslada desde Madrid tras la sublevaci\u00f3n militar de julio.<\/p>\n<p class=\"paragraph\" data-gtm-element-container=\"modulo-texto-link\">1962.- La Asamblea General de las Naciones Unidas condena formalmente por primera vez, mediante la Resoluci\u00f3n 1761, la pol\u00edtica de &#8220;apartheid&#8221; del gobierno de Sud\u00e1frica.<\/p>\n<div id=\"_wmass_15369000000059605\">\n<div id=\"jw-5960559605\"><\/div>\n<div id=\"sm-it-main-container-1699219359653\" class=\"sm-it-main-container\" data-it=\"b2cdd7e3-ca18-494a-bf2a-833de465b3a6\" data-device=\"desktop\" data-index=\"0\">\n<div id=\"sm-reference-1699219359653\" class=\"sm-reference\"><\/div>\n<\/div>\n<\/div>\n<p class=\"paragraph\" data-gtm-element-container=\"modulo-texto-link\">1971.- Estados Unidos detona en la isla Amchitka, en Alaska, &#8220;Cannikin&#8221;, la bomba subterr\u00e1nea de hidr\u00f3geno m\u00e1s grande del mundo, cuya explosi\u00f3n levant\u00f3 el terreno unos 7 metros durante unos segundos.<\/p>\n<p class=\"paragraph\" data-gtm-element-container=\"modulo-texto-link\">1975.- Unos 350.000 marroqu\u00edes inician la &#8220;Marcha Verde&#8221; hacia el S\u00e1hara espa\u00f1ol para forzar la retirada de las tropas espa\u00f1olas.<\/p>\n<p class=\"paragraph\" data-gtm-element-container=\"modulo-texto-link\">&#8211; La banda punk Sex Pistols dan su primer concierto en una escuela de arte de Londres.<\/p>\n<p class=\"paragraph\" data-gtm-element-container=\"modulo-texto-link\">1982.- En Espa\u00f1a, Santiago Carrillo, dimite como secretario general del Partido Comunista Espa\u00f1ol (PCE).<\/p>\n<p class=\"paragraph\" data-gtm-element-container=\"modulo-texto-link\">1984.- El republicano Ronald Reagan es reelegido presidente de los Estados Unidos.<\/p>\n<p class=\"paragraph\" data-gtm-element-container=\"modulo-texto-link\">1985.- Los ministros de Exteriores de 18 pa\u00edses europeos, entre ellos Espa\u00f1a, firman en Hannover (Alemania) la declaraci\u00f3n de principios &#8220;Eureka&#8221;, la carta fundacional sobre la Europa de la tecnolog\u00eda.<\/p>\n<p class=\"paragraph\" data-gtm-element-container=\"modulo-texto-link\">1986.- En Estados Unidos, la prensa denuncia que el presidente Reagan autoriz\u00f3 el suministro de armas a Ir\u00e1n, en lo que se llam\u00f3 &#8220;Irangate&#8221;.<\/p>\n<p class=\"paragraph\" data-gtm-element-container=\"modulo-texto-link\">1991.- En Rusia, deja de existir formalmente el Comit\u00e9 para la Seguridad del Estado (KGB), la agencia de inteligencia y de la polic\u00eda secreta de la Uni\u00f3n Sovi\u00e9tica.<\/p>\n<p class=\"paragraph\" data-gtm-element-container=\"modulo-texto-link\">1994.- En Tayikist\u00e1n se aprueba en refer\u00e9ndum la primera Constituci\u00f3n postsovi\u00e9tica.<\/p>\n<p class=\"paragraph\" data-gtm-element-container=\"modulo-texto-link\">1997.- En Badajoz, las intensas lluvias ca\u00eddas en la noche del 5 al 6 de noviembre provocan una riada que afecta al barrio de Cerro de Reyes y zonas aleda\u00f1as y deja 25 fallecidos y cuantiosos da\u00f1os materiales.<\/p>\n<p class=\"paragraph\" data-gtm-element-container=\"modulo-texto-link\">1998.- El Gobierno de Espa\u00f1a, a petici\u00f3n del juez Baltasar Garz\u00f3n, acuerda solicitar la extradici\u00f3n de Augusto Pinochet al Reino Unido por delitos de genocidio, terrorismo y torturas.<\/p>\n<p class=\"paragraph\" data-gtm-element-container=\"modulo-texto-link\">1999.- Se celebra en Australia un refer\u00e9ndum en el que se rechaza mayoritariamente la propuesta de una rep\u00fablica y se opta por mantener a la reina Isabel II de Inglaterra como su jefa de Estado.<\/p>\n<p class=\"paragraph\" data-gtm-element-container=\"modulo-texto-link\">2001.- En Estados Unidos, el republicano Michael Bloomberg es elegido alcalde de Nueva York.<\/p>\n<p class=\"paragraph\" data-gtm-element-container=\"modulo-texto-link\">2003.- En Espa\u00f1a, el pleno del Congreso de los Diputados aprueba la reforma del C\u00f3digo Penal.<\/p>\n<p class=\"paragraph\" data-gtm-element-container=\"modulo-texto-link\">2007.- Los reyes de Espa\u00f1a, don Juan Carlos y do\u00f1a Sof\u00eda visitan Melilla, la primera vez que unos monarcas espa\u00f1oles viajan esa ciudad aut\u00f3noma del Norte de \u00c1frica en los \u00faltimos 80 a\u00f1os.<\/p>\n<p class=\"paragraph\" data-gtm-element-container=\"modulo-texto-link\">2009.- El \u00edndice de desempleo en Estados Unidos sube el 10,2% en octubre, el m\u00e1s alto en 26 a\u00f1os.<\/p>\n<p class=\"paragraph\" data-gtm-element-container=\"modulo-texto-link\">2012.- El dem\u00f3crata Barak Obama es reelegido presidente de Estados Unidos.<\/p>\n<p class=\"paragraph\" data-gtm-element-container=\"modulo-texto-link\">2013.- En Estados Unidos, Bill de Blasio, se convierte en el primer alcalde dem\u00f3crata de Nueva York, tras 20 a\u00f1os de regidores republicanos.<\/p>\n<p class=\"paragraph\" data-gtm-element-container=\"modulo-texto-link\">2018.- En Estados Unidos, los dem\u00f3cratas recuperan la C\u00e1mara de Representantes y los republicanos conservan el Senado tras las elecciones legislativas.<\/p>\n<p class=\"paragraph\" data-gtm-element-container=\"modulo-texto-link\">2019.- Un equipo de investigadores espa\u00f1oles desarrolla el primer aditivo para envases alimentarios con capacidad para eliminar la bacteria de la listeriosis.<\/p>\n<p class=\"paragraph\" data-gtm-element-container=\"modulo-texto-link\">2021.- La espa\u00f1ola, Mireia Rodr\u00edguez, jugadora del Balonmano Albacete, primera mujer en disputar un encuentro de balonmano masculino en categor\u00eda senior en Espa\u00f1a.<\/p>\n<p class=\"paragraph\" data-gtm-element-container=\"modulo-texto-link\">NACIMIENTOS<\/p>\n<p class=\"paragraph\" data-gtm-element-container=\"modulo-texto-link\">1814.- Antoine Joseph Sax, Adolphe Sax, inventor belga del saxof\u00f3n.<\/p>\n<p class=\"paragraph\" data-gtm-element-container=\"modulo-texto-link\">1887.- Mariano G\u00f3mez Ulla, cirujano espa\u00f1ol.<\/p>\n<p class=\"paragraph\" data-gtm-element-container=\"modulo-texto-link\">1916.- Ray Coniff, m\u00fasico y director de orquesta estadounidense.<\/p>\n<p class=\"paragraph\" data-gtm-element-container=\"modulo-texto-link\">1931.- Mar\u00eda Cristina del Pino, Pinito del Oro, trapecista espa\u00f1ola.<\/p>\n<p class=\"paragraph\" data-gtm-element-container=\"modulo-texto-link\">&#8211; Mike Nichols, director estadounidense de cine, de origen alem\u00e1n.<\/p>\n<p class=\"paragraph\" data-gtm-element-container=\"modulo-texto-link\">1937.- Daniel Dicenta, actor espa\u00f1ol.<\/p>\n<p class=\"paragraph\" data-gtm-element-container=\"modulo-texto-link\">1940.- Clara Jan\u00e9s Nadal, escritora y traductora espa\u00f1ola.<\/p>\n<p class=\"paragraph\" data-gtm-element-container=\"modulo-texto-link\">&#8211; Andr\u00e9s Resino, actor espa\u00f1ol.<\/p>\n<p class=\"paragraph\" data-gtm-element-container=\"modulo-texto-link\">1946.- Sally Field, actriz estadounidense.<\/p>\n<p class=\"paragraph\" data-gtm-element-container=\"modulo-texto-link\">1970.- Ethan Green Hawke, actor estadounidense.<\/p>\n<p class=\"paragraph\" data-gtm-element-container=\"modulo-texto-link\">1974.- Frank Vandenbroucke, ciclista belga.<\/p>\n<p class=\"paragraph\" data-gtm-element-container=\"modulo-texto-link\">1988.- Emma Stone, (Emily Jean), actriz y cantante estadounidense.<\/p>\n<p class=\"paragraph\" data-gtm-element-container=\"modulo-texto-link\">&#8211; Conchita Wurst, personaje creado por Thomas Neuwirth, cantante austriaco.<\/p>\n<p class=\"paragraph\" data-gtm-element-container=\"modulo-texto-link\">DEFUNCIONES<\/p>\n<p class=\"paragraph\" data-gtm-element-container=\"modulo-texto-link\">1893.- Piotr Ilich Tchaikovski, compositor ruso.<\/p>\n<p class=\"paragraph\" data-gtm-element-container=\"modulo-texto-link\">1920.- Arturo Soria y Mata, ingeniero y urbanista espa\u00f1ol.<\/p>\n<p class=\"paragraph\" data-gtm-element-container=\"modulo-texto-link\">1959.- Juan Carlos D\u00e1valos, escritor argentino.<\/p>\n<p class=\"paragraph\" data-gtm-element-container=\"modulo-texto-link\">1964.- Hugo Koblet, ciclista suizo.<\/p>\n<p class=\"paragraph\" data-gtm-element-container=\"modulo-texto-link\">1970.- Agust\u00edn Lara, compositor mexicano.<\/p>\n<p class=\"paragraph\" data-gtm-element-container=\"modulo-texto-link\">1991.- Gene Tierney, actriz estadounidense.<\/p>\n<p class=\"paragraph\" data-gtm-element-container=\"modulo-texto-link\">1999.- Jos\u00e9 Mar\u00eda Caffarel, actor espa\u00f1ol.<\/p>\n<p class=\"paragraph\" data-gtm-element-container=\"modulo-texto-link\">2002.- Indio Juan, poeta y cantautor argentino miembro del grupo Quilapay\u00fan.<\/p>\n<p class=\"paragraph\" data-gtm-element-container=\"modulo-texto-link\">2006.- Francisco Fern\u00e1ndez Ochoa, esquiador espa\u00f1ol.<\/p>\n<p class=\"paragraph\" data-gtm-element-container=\"modulo-texto-link\">&#8211; Mara Goyanes Mu\u00f1oz, actriz espa\u00f1ola.<\/p>\n<p class=\"paragraph\" data-gtm-element-container=\"modulo-texto-link\">2007.- Enzo Biagi, periodista italiano.<\/p>\n<p class=\"paragraph\" data-gtm-element-container=\"modulo-texto-link\">2008.- Carmelo Echenagusia, religioso espa\u00f1ol.<\/p>\n<p class=\"paragraph\" data-gtm-element-container=\"modulo-texto-link\">2013.- Guillermina Bravo, bailarina, core\u00f3grafa y directora mexicana.<\/p>\n<p class=\"paragraph\" data-gtm-element-container=\"modulo-texto-link\">2022.- Juana Manrique, \u00faltima hermana viva del artista espa\u00f1ol, C\u00e9sar Manrique. EFE<\/p>\n<\/div>\n<\/div>\n<!-- AddThis Advanced Settings generic via filter on the_content --><!-- AddThis Share Buttons generic via filter on the_content -->","protected":false},"excerpt":{"rendered":"<p>Tal d\u00eda como hoy cumple a\u00f1os: \u200bEnma Stone, actriz (Scottsdale,\u00a0Arizona;\u00a06 de noviembre\u00a0de\u00a01988): 36 a\u00f1os. Fue noticia:\u00a0 Efem\u00e9rides para el lunes 6 de noviembre de 2023. D\u00eda Internacional para la prevenci\u00f3n de la explotaci\u00f3n del medio ambiente en la guerra y los conflictos armados. D\u00eda Mundial del Saxof\u00f3n. 1837.- El bandolero Luis Candelas es ajusticiado p\u00fablicamente, [&hellip;]<!-- AddThis Advanced Settings generic via filter on get_the_excerpt --><!-- AddThis Share Buttons generic via filter on get_the_excerpt --><\/p>\n","protected":false},"author":24883,"featured_media":0,"comment_status":"open","ping_status":"closed","sticky":false,"template":"","format":"standard","meta":[],"categories":[1],"tags":[],"_links":{"self":[{"href":"https:\/\/blogs.hoy.es\/cumpleanoshoy\/wp-json\/wp\/v2\/posts\/21599"}],"collection":[{"href":"https:\/\/blogs.hoy.es\/cumpleanoshoy\/wp-json\/wp\/v2\/posts"}],"about":[{"href":"https:\/\/blogs.hoy.es\/cumpleanoshoy\/wp-json\/wp\/v2\/types\/post"}],"author":[{"embeddable":true,"href":"https:\/\/blogs.hoy.es\/cumpleanoshoy\/wp-json\/wp\/v2\/users\/24883"}],"replies":[{"embeddable":true,"href":"https:\/\/blogs.hoy.es\/cumpleanoshoy\/wp-json\/wp\/v2\/comments?post=21599"}],"version-history":[{"count":5,"href":"https:\/\/blogs.hoy.es\/cumpleanoshoy\/wp-json\/wp\/v2\/posts\/21599\/revisions"}],"predecessor-version":[{"id":21606,"href":"https:\/\/blogs.hoy.es\/cumpleanoshoy\/wp-json\/wp\/v2\/posts\/21599\/revisions\/21606"}],"wp:attachment":[{"href":"https:\/\/blogs.hoy.es\/cumpleanoshoy\/wp-json\/wp\/v2\/media?parent=21599"}],"wp:term":[{"taxonomy":"category","embeddable":true,"href":"https:\/\/blogs.hoy.es\/cumpleanoshoy\/wp-json\/wp\/v2\/categories?post=21599"},{"taxonomy":"post_tag","embeddable":true,"href":"https:\/\/blogs.hoy.es\/cumpleanoshoy\/wp-json\/wp\/v2\/tags?post=21599"}],"curies":[{"name":"wp","href":"https:\/\/api.w.org\/{rel}","templated":true}]}}