{"id":21651,"date":"2023-11-15T14:45:30","date_gmt":"2023-11-15T14:45:30","guid":{"rendered":"https:\/\/blogs.hoy.es\/cumpleanoshoy\/?p=21651"},"modified":"2023-11-15T14:49:27","modified_gmt":"2023-11-15T14:49:27","slug":"tal-dia-como-hoy-16-de-noviembre-12","status":"publish","type":"post","link":"https:\/\/blogs.hoy.es\/cumpleanoshoy\/2023\/11\/15\/tal-dia-como-hoy-16-de-noviembre-12\/","title":{"rendered":"Tal d\u00eda como HOY 16 de noviembre"},"content":{"rendered":"<p><strong>Hoy cumple a\u00f1os:<\/strong><\/p>\n<p><strong>Pepe Navarro<\/strong>, periodista,\u00a0 16 de noviembre de 1951: 72 a\u00f1os<\/p>\n<p><strong>Fue noticia<\/strong>:<\/p>\n<p><img loading=\"lazy\" class=\"aligncenter size-medium wp-image-21652\" src=\"https:\/\/static-blogs.hoy.es\/wp-content\/uploads\/sites\/19\/2023\/11\/p25_page-0001-204x300.jpg\" alt=\"\" width=\"204\" height=\"300\" srcset=\"https:\/\/static-blogs.hoy.es\/wp-content\/uploads\/sites\/19\/2023\/11\/p25_page-0001-204x300.jpg 204w, https:\/\/static-blogs.hoy.es\/wp-content\/uploads\/sites\/19\/2023\/11\/p25_page-0001-768x1129.jpg 768w, https:\/\/static-blogs.hoy.es\/wp-content\/uploads\/sites\/19\/2023\/11\/p25_page-0001-697x1024.jpg 697w, https:\/\/static-blogs.hoy.es\/wp-content\/uploads\/sites\/19\/2023\/11\/p25_page-0001.jpg 935w\" sizes=\"(max-width: 204px) 100vw, 204px\" \/> <img loading=\"lazy\" class=\"aligncenter size-medium wp-image-21653\" src=\"https:\/\/static-blogs.hoy.es\/wp-content\/uploads\/sites\/19\/2023\/11\/p50_page-0001-194x300.jpg\" alt=\"\" width=\"194\" height=\"300\" srcset=\"https:\/\/static-blogs.hoy.es\/wp-content\/uploads\/sites\/19\/2023\/11\/p50_page-0001-194x300.jpg 194w, https:\/\/static-blogs.hoy.es\/wp-content\/uploads\/sites\/19\/2023\/11\/p50_page-0001-768x1186.jpg 768w, https:\/\/static-blogs.hoy.es\/wp-content\/uploads\/sites\/19\/2023\/11\/p50_page-0001-663x1024.jpg 663w, https:\/\/static-blogs.hoy.es\/wp-content\/uploads\/sites\/19\/2023\/11\/p50_page-0001.jpg 890w\" sizes=\"(max-width: 194px) 100vw, 194px\" \/> <img loading=\"lazy\" class=\"aligncenter size-medium wp-image-21654\" src=\"https:\/\/static-blogs.hoy.es\/wp-content\/uploads\/sites\/19\/2023\/11\/p75_page-0001-207x300.jpg\" alt=\"\" width=\"207\" height=\"300\" srcset=\"https:\/\/static-blogs.hoy.es\/wp-content\/uploads\/sites\/19\/2023\/11\/p75_page-0001-207x300.jpg 207w, https:\/\/static-blogs.hoy.es\/wp-content\/uploads\/sites\/19\/2023\/11\/p75_page-0001-768x1112.jpg 768w, https:\/\/static-blogs.hoy.es\/wp-content\/uploads\/sites\/19\/2023\/11\/p75_page-0001-707x1024.jpg 707w, https:\/\/static-blogs.hoy.es\/wp-content\/uploads\/sites\/19\/2023\/11\/p75_page-0001.jpg 949w\" sizes=\"(max-width: 207px) 100vw, 207px\" \/><\/p>\n<p><strong>Las efem\u00e9rides del d\u00eda:<\/strong><\/p>\n<p>1665.- Aparece la \u201cOxford Gacette\u201d, publicaci\u00f3n decana de la prensa inglesa.<\/p>\n<p>1855.- David Livingstone descubre las cataratas Victoria, en el curso del r\u00edo Zambeze, en Rhodesia.<\/p>\n<p>1870.- Las Cortes Espa\u00f1olas eligen a Amadeo de Saboya para ocupar el trono de Espa\u00f1a.<\/p>\n<p>1885.- George Eastman, fundador de la empresa Kodak, inventa en EE.UU. la pel\u00edcula de nitrocelulosa para impresionar im\u00e1genes.<\/p>\n<p>1918.- Proclamaci\u00f3n de la Rep\u00fablica de Hungr\u00eda.<\/p>\n<p>1920.- Finaliza en Rusia la Guerra Civil, iniciada en la primavera de 1918.<\/p>\n<p>1933.- EE.UU. reconoce oficialmente a la URSS.<\/p>\n<p>1942.- Segunda Guerra Mundial. Las tropas del Eje invaden T\u00fanez.<\/p>\n<p>1947.- Las tropas brit\u00e1nicas se retiran de Palestina.<\/p>\n<p>1955.- Mohamed V de Marruecos vuelve del exilio. Al a\u00f1o siguiente el pa\u00eds recupera la independencia.<\/p>\n<p>1972.- La RFA indemniza a Polonia con 100 millones de marcos, destinados a las v\u00edctimas de los experimentos m\u00e9dicos durante el III Reich.<\/p>\n<p>1973.- Despega la tercera tripulaci\u00f3n del \u201cSkylab\u201d.<\/p>\n<p>1977.- El Consejo de Europa aprueba por unanimidad el ingreso de Espa\u00f1a en este organismo.<\/p>\n<p>1978.- Mueren 200 personas al estrellarse un avi\u00f3n en Colombo (Sri Lanka).<\/p>\n<p>\u2013 En Espa\u00f1a se firma el Real Decreto-Ley que adelanta la mayor\u00eda de edad de los espa\u00f1oles de 21 a 18 a\u00f1os.<\/p>\n<p>1980.- Concluye en Madrid el XV Congreso de la Internacional Socialista, en el que el ex canciller alem\u00e1n, Willy Brandt, es reelegido presidente y permanecer\u00e1 en el cargo hasta su muerte, en 1992.<\/p>\n<p>1988.- Elecciones legislativas paquistan\u00edes: gana el Partido Popular, encabezado por Benazir Bhutto.<\/p>\n<p>1989.- Los \u201cEscuadrones de la muerte\u201d salvadore\u00f1os asesinan a seis religiosos jesuitas y dos mujeres. Cinco de los jesuitas son espa\u00f1oles, y entre ellos figura el rector de la Universidad Centroamericana (UCA), Ignacio Ellacur\u00eda.<\/p>\n<p>1994.- El Parlamento de Ucrania aprueba la adhesi\u00f3n del pa\u00eds al Tratado de No Proliferaci\u00f3n Nuclear.<\/p>\n<p>1995.- El general retirado, Liamin Zerual gana las primeras elecciones presidenciales pluralistas de Argelia con el 61,34 por ciento de los votos.<\/p>\n<p>1998.- \u201cReflexiones sobre el ser de Espa\u00f1a\u201d, obra colectiva de la Real Academia de la Historia, Premio Nacional de Historia.<\/p>\n<p>2000.- El presidente de EEUU, Bill Clinton, visita Vietnam, 25 a\u00f1os despu\u00e9s de concluir la guerra, y primera de un presidente estadounidense desde que Richard Nixon viajara en 1969.<\/p>\n<p>2001.- Muere el segundo de Osama Bin Laden, Mohmed Atef, cerebro de los atentados del 11-S, tras un bombardeo norteamericano sobre Kabul.<\/p>\n<p>2003.- CiU, con 46 esca\u00f1os, gana las auton\u00f3micas catalanas, frente a los 42 del PSC. ERC, con 23 diputados, se convierte en la llave para gobernar Catalu\u00f1a.<\/p>\n<p>2004.- Condenado a 6 a\u00f1os el \u201cGitanillo\u201d, el menor acusado de transportar explosivos utilizados en los atentados de Madrid, y primera condena del 11-M.<\/p>\n<p>\u2013 La reh\u00e9n brit\u00e1nico-iraqu\u00ed Margaret Has\u00e1n, primera mujer asesinada por sus captores en Irak.<\/p>\n<p>2005.- El Tribunal Supremo de Chile determina que Augusto Pinochet est\u00e1 en condiciones de ser juzgado y que exager\u00f3 su demencia senil.<\/p>\n<p>2006.- La Comisi\u00f3n Nacional del Mercado de Valores de Espa\u00f1a da luz verde a la OPA de E.ON sobre Endesa.<\/p>\n<p>2008.- El Gobierno de Bagdad aprueba la salida de las tropas estadounidenses de Irak en 2011.<\/p>\n<p>2011.- La UNESCO reconoce como Patrimonio Inmaterial el flamenco, la dieta mediterr\u00e1nea, los castellets catalanes, el canto de la Sibila mallorqu\u00edn y la cetrer\u00eda.<\/p>\n<p>2012.- Se inaugura en C\u00e1diz la XXII Cumbre Iberoamericana, la tercera que se celebra en Espa\u00f1a.<\/p>\n<p>2014.- En Ruman\u00eda, el liberal Klaus Iohannis gana las elecciones presidenciales.<br \/>\n2016.- El presidente ruso, Vladimir Putin, revoca la firma de Rusia del Estatuto de Roma, base legal de la Corte Penal Internacional.<\/p>\n<p>2017.- El cuadro de Leonardo Da Vinci \u201cSalvator Mundi\u201d es vendido por 450 millones de d\u00f3lares, un r\u00e9cord mundial.<\/p>\n<p>.- El escritor nicarag\u00fcense Sergio Ram\u00edrez, es galardonado con el Premio Cervantes.<\/p>\n<p><strong>El\u00a016\u00a0de noviembre\u00a0nacieron:<\/strong><\/p>\n<p>1717.- Jean Le Rond D\u2019Alambert, matem\u00e1tico y f\u00edsico franc\u00e9s.<\/p>\n<p>1892.- Tazio Nuvolari, automovilista italiano.<\/p>\n<p>1895.- Pau Hindemith, compositor alem\u00e1n.<\/p>\n<p>1922.- Jos\u00e9 Saramago, escritor portugu\u00e9s.<\/p>\n<p>1936.- Antonio Gades, bailar\u00edn y core\u00f3grafo espa\u00f1ol.<\/p>\n<p>1938.- Miguel \u00c1ngel Gozalo, periodista espa\u00f1ol.<\/p>\n<p>1943.- Rodolfo H\u00e9ctor Terragno, pol\u00edtico argentino.<\/p>\n<p>1946.- Angel S\u00e1nchez Pascual, poeta espa\u00f1ol.<\/p>\n<p>1947.- I\u00f1aki Anasagasti, pol\u00edtico espa\u00f1ol.<\/p>\n<p>.- Enrique LLongueras, peluquero espa\u00f1ol.<\/p>\n<p>1964.- Coral Bistuer, taekwondista espa\u00f1ola.<\/p>\n<p><strong>El\u00a016 de noviembre\u00a0murieron:<\/strong><\/p>\n<p>1797.- Federico Guillermo II, rey de Prusia.<\/p>\n<p>1960.- Clark Gable, actor estadounidense.<\/p>\n<p>1970.- Luis Jim\u00e9nez As\u00faa, pol\u00edtico espa\u00f1ol.<\/p>\n<p>1989.- Ignacio Ellacur\u00eda, sacerdote jesuita espa\u00f1ol.<\/p>\n<p>1997.- Georges Marchais, dirigente comunista franc\u00e9s.<\/p>\n<p>2001.- Bienvenido Bustamante, m\u00fasico y compositor dominicano.<\/p>\n<p>2004.- Joan Ram\u00f3n Mainat, periodista y productor televisivo espa\u00f1ol.<\/p>\n<p>2005.- Henry Taube, qu\u00edmico canadiense.<\/p>\n<p>2006.- Jordi Sarsanedas, escritor y poeta espa\u00f1ol.<\/p>\n<p>\u2013 Milton Friedman, economista, premio Nobel de Econom\u00eda 1976.<\/p>\n<p>2007.- Luis P\u00e9rez D\u00e1vila \u201cLuisillo\u201d, bailar\u00edn y core\u00f3grafo espa\u00f1ol.<\/p>\n<p>2009.- \u00c1ngel D\u00edaz de Entresotos, abogado y pol\u00edtico espa\u00f1ol.<\/p>\n<p>2014.- Antoni Mar\u00eda Badaia i Margarit, fil\u00f3logo espa\u00f1ol.<\/p>\n<!-- AddThis Advanced Settings generic via filter on the_content --><!-- AddThis Share Buttons generic via filter on the_content -->","protected":false},"excerpt":{"rendered":"<p>Hoy cumple a\u00f1os: Pepe Navarro, periodista,\u00a0 16 de noviembre de 1951: 72 a\u00f1os Fue noticia: Las efem\u00e9rides del d\u00eda: 1665.- Aparece la \u201cOxford Gacette\u201d, publicaci\u00f3n decana de la prensa inglesa. 1855.- David Livingstone descubre las cataratas Victoria, en el curso del r\u00edo Zambeze, en Rhodesia. 1870.- Las Cortes Espa\u00f1olas eligen a Amadeo de Saboya para [&hellip;]<!-- AddThis Advanced Settings generic via filter on get_the_excerpt --><!-- AddThis Share Buttons generic via filter on get_the_excerpt --><\/p>\n","protected":false},"author":24883,"featured_media":0,"comment_status":"open","ping_status":"closed","sticky":false,"template":"","format":"standard","meta":[],"categories":[1],"tags":[],"_links":{"self":[{"href":"https:\/\/blogs.hoy.es\/cumpleanoshoy\/wp-json\/wp\/v2\/posts\/21651"}],"collection":[{"href":"https:\/\/blogs.hoy.es\/cumpleanoshoy\/wp-json\/wp\/v2\/posts"}],"about":[{"href":"https:\/\/blogs.hoy.es\/cumpleanoshoy\/wp-json\/wp\/v2\/types\/post"}],"author":[{"embeddable":true,"href":"https:\/\/blogs.hoy.es\/cumpleanoshoy\/wp-json\/wp\/v2\/users\/24883"}],"replies":[{"embeddable":true,"href":"https:\/\/blogs.hoy.es\/cumpleanoshoy\/wp-json\/wp\/v2\/comments?post=21651"}],"version-history":[{"count":1,"href":"https:\/\/blogs.hoy.es\/cumpleanoshoy\/wp-json\/wp\/v2\/posts\/21651\/revisions"}],"predecessor-version":[{"id":21655,"href":"https:\/\/blogs.hoy.es\/cumpleanoshoy\/wp-json\/wp\/v2\/posts\/21651\/revisions\/21655"}],"wp:attachment":[{"href":"https:\/\/blogs.hoy.es\/cumpleanoshoy\/wp-json\/wp\/v2\/media?parent=21651"}],"wp:term":[{"taxonomy":"category","embeddable":true,"href":"https:\/\/blogs.hoy.es\/cumpleanoshoy\/wp-json\/wp\/v2\/categories?post=21651"},{"taxonomy":"post_tag","embeddable":true,"href":"https:\/\/blogs.hoy.es\/cumpleanoshoy\/wp-json\/wp\/v2\/tags?post=21651"}],"curies":[{"name":"wp","href":"https:\/\/api.w.org\/{rel}","templated":true}]}}